{"id":47480,"date":"2018-12-02T23:35:25","date_gmt":"2018-12-02T23:35:25","guid":{"rendered":"http:\/\/diariodominicano.ddns.net\/?p=47480"},"modified":"2018-12-02T23:35:25","modified_gmt":"2018-12-02T23:35:25","slug":"los-invito","status":"publish","type":"post","link":"https:\/\/diariodominicano.com\/?p=47480","title":{"rendered":"\u00a1LOS INVITO!&#13;"},"content":{"rendered":"<p><body><\/p>\n<p><strong>FRANKLIN ALMEYDA RANCIER<\/strong><\/p>\n<\/p>\n<p>Les anuncio que  los art\u00edculos publicados en esta columna, desde el 2013, se recogieron en un libro que un apreciado amigo sugiri\u00f3 titular \u00abDebate Pol\u00edtico\u00bb. Les  invito a la puesta en circulaci\u00f3n que se ha fijado para este mi\u00e9rcoles 5 de diciembre a las 7 pm en Funglode.<\/p>\n<\/p>\n<p>Como es sabido, desde esta columna se ha planteado el reto de que el PLD supere grandes debilidades y pase a ser de un partido pol\u00edtico \u00aban\u00e1logo\u00bb  a  una organizaci\u00f3n digital. Es un reto de actualizaci\u00f3n al proceso hist\u00f3rico m\u00e1s trascendente de la humanidad, motorizado por la cuarta revoluci\u00f3n tecnol\u00f3gica.<\/p>\n<\/p>\n<p>Con ese prop\u00f3sito se debe ser incluyente, cohabitar y pensar todos en voz alta para \u00abunificar criterios\u00bb y llegar a consensos. Ir al paso del m\u00e1s lento,  sin dejar que la brecha para alcanzar el desarrollo pleno se ampl\u00ede. As\u00ed como el PLD se fund\u00f3 para sacar al pa\u00eds de su arritmia hist\u00f3rica, de su capitalismo tard\u00edo, ahora, montarlo en este proceso de revoluci\u00f3n digital.<\/p>\n<\/p>\n<p>El PLD se ha frenado y Leonel ha sido blanco seleccionado para atac\u00e1ndolo a \u00e9l atacar la posibilidad de que el PLD se colocara en el liderazgo nacional. Leonel, sin propon\u00e9rselo, acrecent\u00f3 su liderazgo cuando desde el gobierno apoder\u00f3 las escuelas, tribunales y oficinas p\u00fablicas de los medios electr\u00f3nicos.<\/p>\n<\/p>\n<p>Pas\u00f3 a simbolizar los cambios m\u00e1s profundos que los que posiblemente \u00e9l imagin\u00f3. Parec\u00eda que terminaba cuando sal\u00eda del poder en el 2012. Pero fue atacado y ha tenido desde entonces que defenderse. Danilo, como Presidente electo, fue liberado de esos ataques.<\/p>\n<\/p>\n<p>Tampoco se previ\u00f3 que desde el entorno presidencial de Danilo se anidaba el prop\u00f3sito de reformar la Constituci\u00f3n para que pudiera reelegirse; ese entorno de gobierno embisti\u00f3 subrepticiamente contra Leonel. <\/p>\n<\/p>\n<p>Lo dicho explica por qu\u00e9 hubo de destinar desde la salida de esta columna una sostenida defensa pol\u00edtica en favor de Leonel. En \u00abDebate Pol\u00edtico\u00bb se puede ver la secuencia, solo que los art\u00edculos est\u00e1n invertidos en el tiempo, del 2017 al 2013. Quedan fuera los del 2018 porque el debate gir\u00f3 sobre la Ley de Partidos, tema visto antes y porque aumentaba su volumen en n\u00famero de p\u00e1ginas.<\/p>\n<\/p>\n<p>Suger\u00ed a cuatro amigos que tienen mucho sentido cr\u00edtico, a formar un panel para ese d\u00eda; con el ruego de que entre los presentes se les deje intervenir a quienes lo soliciten. Confieso aqu\u00ed, no me delaten, que Leonel va a estar presente y \u00e9l tiene la caracter\u00edstica del pensador que expresa sus ideas.<\/p>\n<\/p>\n<p>Como hoy en d\u00eda se invita digitalmente, pero no todos las reciben, ah\u00ed  les dejo la invitaci\u00f3n. Lleguen temprano porque el libro se vender\u00e1 a mitad de su precio (RD$200).<\/p>\n<\/p>\n<p><strong>La Fundacion Global Democracia y Desarrollo (Funglode)<\/strong><\/p>\n<\/p>\n<p>le extiende una cordial invitaci\u00f3n a la<\/p>\n<p>puesta en circulaci\u00f3n del libro<\/p>\n<p>\u00abDebate pol\u00edtico\u00bb<\/p>\n<\/p>\n<p><strong>Dr. Franklin Almeyda Rancier<\/strong><\/p>\n<p>Ex Rector de la UASD, profesor de hist\u00f3ria y antropolog\u00eda, abogado y miembro fundador y del Comit\u00e9 Pol\u00edtico del Partido de la Liberaci\u00f3n Dominicana.<\/p>\n<\/p>\n<p><strong>coloquio con participaci\u00f3n de:<\/strong><\/p>\n<p>Namphi Rodr\u00edguez, abogado y escritor;<\/p>\n<p>Marjorie F\u00e9lix, Investigadora Senior en temas de Comunicaci\u00f3n Pol\u00edtica e Ingenier\u00eda de Imagen;<\/p>\n<p>Jos\u00e9 Gregorio Cabrera, abogado y analista pol\u00edtico y<\/p>\n<p>Nathanael Concepci\u00f3n, abogado y director del Observatorio Pol\u00edtico Dominicano (OPD-Funglode).<\/p>\n<\/p>\n<p><strong>Fecha: mi\u00e9rcoles 5 de diciembre de 2018<\/strong><\/p>\n<p>Hora: 7:00 p.m.<\/p>\n<p>Lugar: sede Funglode<\/p>\n<p>Invitaci\u00f3n abierta<\/p>\n<\/p>\n<p><strong>El autor es miembro del CP del PLD, ex Ministro de Interior y ex Rector de la UASD.<\/strong><\/p>\n<h6> 2018-12-02 23:35:25 <\/h6>\n<p><!--\n<link rel=\"stylesheet\" href=\"css\/bootstrap.min.css\">\n\n\n<ul class=\"pagination\">\n\t    \n\t\n\n<li >\n\t<a href='?page_no=998'>Previous<\/a>\n\t<\/li>\n\n\n       \n    \n\n<li><a href='?page_no=1'>1<\/a><\/li>\n\n\n\n<li><a href='?page_no=2'>2<\/a><\/li>\n\n\n\n<li><a>...<\/a><\/li>\n\n\n\n<li><a href='?page_no=997'>997<\/a><\/li>\n\n\n\n<li><a href='?page_no=998'>998<\/a><\/li>\n\n\n\n<li class='active'><a>999<\/a><\/li>\n\n\n\n<li><a href='?page_no=1000'>1000<\/a><\/li>\n\n\n\n<li><a href='?page_no=1001'>1001<\/a><\/li>\n\n\n\n<li><a>...<\/a><\/li>\n\n\n\n<li><a href='?page_no=13611'>13611<\/a><\/li>\n\n\n\n<li><a href='?page_no=13612'>13612<\/a><\/li>\n\n    \n\t\n\n<li >\n\t<a href='?page_no=1000'>Next<\/a>\n\t<\/li>\n\n\n    \n\n<li><a href='?page_no=13612'>Last &rsaquo;&rsaquo;<\/a><\/li>\n\n<\/ul>\n\n\n--><br \/>\n<\/body><\/p>\n","protected":false},"excerpt":{"rendered":"<p>FRANKLIN ALMEYDA RANCIER Les anuncio que los art\u00edculos publicados en esta columna, desde el 2013, se recogieron en un libro que un apreciado amigo sugiri\u00f3 titular \u00abDebate Pol\u00edtico\u00bb. Les invito a la puesta en circulaci\u00f3n que se ha fijado para este mi\u00e9rcoles 5 de diciembre a las 7 pm en Funglode. Como es sabido, desde [&hellip;]<\/p>\n","protected":false},"author":3,"featured_media":0,"comment_status":"open","ping_status":"open","sticky":false,"template":"","format":"standard","meta":{"footnotes":""},"categories":[16],"tags":[],"class_list":["post-47480","post","type-post","status-publish","format-standard","hentry","category-opiniones"],"_links":{"self":[{"href":"https:\/\/diariodominicano.com\/index.php?rest_route=\/wp\/v2\/posts\/47480","targetHints":{"allow":["GET"]}}],"collection":[{"href":"https:\/\/diariodominicano.com\/index.php?rest_route=\/wp\/v2\/posts"}],"about":[{"href":"https:\/\/diariodominicano.com\/index.php?rest_route=\/wp\/v2\/types\/post"}],"author":[{"embeddable":true,"href":"https:\/\/diariodominicano.com\/index.php?rest_route=\/wp\/v2\/users\/3"}],"replies":[{"embeddable":true,"href":"https:\/\/diariodominicano.com\/index.php?rest_route=%2Fwp%2Fv2%2Fcomments&post=47480"}],"version-history":[{"count":0,"href":"https:\/\/diariodominicano.com\/index.php?rest_route=\/wp\/v2\/posts\/47480\/revisions"}],"wp:attachment":[{"href":"https:\/\/diariodominicano.com\/index.php?rest_route=%2Fwp%2Fv2%2Fmedia&parent=47480"}],"wp:term":[{"taxonomy":"category","embeddable":true,"href":"https:\/\/diariodominicano.com\/index.php?rest_route=%2Fwp%2Fv2%2Fcategories&post=47480"},{"taxonomy":"post_tag","embeddable":true,"href":"https:\/\/diariodominicano.com\/index.php?rest_route=%2Fwp%2Fv2%2Ftags&post=47480"}],"curies":[{"name":"wp","href":"https:\/\/api.w.org\/{rel}","templated":true}]}}