{"id":474668,"date":"2023-09-25T01:49:04","date_gmt":"2023-09-25T05:49:04","guid":{"rendered":"http:\/\/diariodominicano.com\/?p=474668"},"modified":"2023-09-25T01:49:04","modified_gmt":"2023-09-25T05:49:04","slug":"acds-y-banreservas-anuncian-todo-esta-listo-para-el-atleta-del-ano-de-santiago-y-premios-luis-luque","status":"publish","type":"post","link":"https:\/\/diariodominicano.com\/?p=474668","title":{"rendered":"ACDS y Banreservas anuncian: Todo est\u00e1 listo para El Atleta del A\u00f1o de Santiago y Premios Lu\u00eds Luque"},"content":{"rendered":"\n<p><strong>SANTIAGO DE LOS CABALLEROS, Santiago, RD, 24 de septiembre de 1965.-<\/strong>\u00a0<strong>L<\/strong>a Asociaci\u00f3n de Cronistas Deportivos de Santiago (ACDS) y Banreservas anuncian que est\u00e1 todo listo para la gran gala anual, El Atleta del A\u00f1o de Santiago y los premios Lu\u00eds Luque, este lunes a partir de las 7:30pm en el Centro de Convenciones y Cultura Dominicana UTESA.<\/p>\n\n\n\n<p><strong>A<\/strong>s\u00ed lo dio a conocer Am\u00e9rico Cabrera, presidente de la ACDS, quien indic\u00f3 que, exactamente a la hora se\u00f1alada se realizar\u00e1 un opening, el cual estar\u00e1 a cargo de la baloncestista y violinista, Mabel Torres, en el intermedio habr\u00e1 una presentaci\u00f3n art\u00edstica del int\u00e9rprete musical, Manny Gil.<\/p>\n\n\n\n<p><strong>L<\/strong>as palabras de bienvenida, a la vez discurso central, estar\u00e1n a cargo del comunicador Cabrera, quien dar\u00e1 la apertura a las premiaciones y reconocimientos, anunciando que, ser\u00e1n galardonados por su aporte al deporte, Abelito Rojas Helena, Tony Castellanos y Fenix Basketball.<\/p>\n\n\n\n<p><strong>D<\/strong>e entre los atletas y cronistas galardonados se escoger\u00e1n los m\u00e1s destacados del 2022, ser\u00e1n premiados, adem\u00e1s, la asociaci\u00f3n del a\u00f1o, premio especial que se disputar\u00e1n, ABASACA, boxeo y nataci\u00f3n<\/p>\n\n\n\n<p><strong>Los atletas nominados, de los cuales se escoger\u00e1n los m\u00e1s destacados del a\u00f1o 2022, masculinos y femeninos, son:<\/strong><\/p>\n\n\n\n<p><strong>Atletismo femenino,<\/strong>&nbsp;Johanna Le\u00f3n y&nbsp;<strong>masculino<\/strong>, Melvin Marcelino<strong>; baloncesto femenino<\/strong>, Mary Coronado y Stefany Flete;&nbsp;<strong>masculino<\/strong>, Juan Valenzuela y Yeromi Rodr\u00edguez;&nbsp;<strong>b\u00e9isbol Ol\u00edmpico juvenil<\/strong>, Alexander Santana e Isaac Torres;&nbsp;<strong>superior<\/strong>, Jefry Cerda y Gabriel Rodr\u00edguez;&nbsp;<strong>profesional<\/strong>, An\u00e9ury Tav\u00e1rez;&nbsp;<strong>Grandes Ligas<\/strong>, Willy Adames y Christopher Morel.<\/p>\n\n\n\n<p><strong>Boxeo femenino<\/strong>, Novoanni N\u00fa\u00f1ez y Arisleyda Taveras;&nbsp;<strong>masculino<\/strong>, Novoalber N\u00fa\u00f1ez y Ezequiel Mart\u00ednez;&nbsp;<strong>fisiculturismo y fitness,<\/strong>&nbsp;Lilibeth Dur\u00e1n y Arilsa Reyes;&nbsp;<strong>gimnasia femenina<\/strong>, Nicole Peralta y masculina, Jabiel Polanco;&nbsp;<strong>kickboxing masculino<\/strong>, Arizon Henr\u00edquez y Gregory Polanco.<\/p>\n\n\n\n<p><strong>Taekwondo femenino<\/strong>, Madelyn Rodr\u00edguez y Katherine Rodr\u00edguez;&nbsp;<strong>masculino&nbsp;<\/strong>Saul Tav\u00e1rez y Rafael de La Cruz;&nbsp;<strong>tenis de mesa femenino<\/strong>, Arianna Estrella y Eva Brito;&nbsp;<strong>masculino<\/strong>, Ram\u00f3n Cristian Vila e Isaac Vila;&nbsp;<strong>tenis de campo femenino<\/strong>, Paz Cabral y Valeria Santana;&nbsp;<strong>masculino,&nbsp;<\/strong>Peter Beltran y Marcos Pichardo<strong>; tiro con Arco masculino<\/strong>, Rub\u00e9n Jim\u00e9nez y triatl\u00f3n masculino, Luis Tom\u00e1s M\u00e9ndez.<\/p>\n\n\n\n<p><strong>Los cronistas deportivos nominados de los que se escoger\u00e1n a los m\u00e1s destacados del 2022 en los diferentes renglones, as\u00ed como el del a\u00f1o, son:<\/strong><\/p>\n\n\n\n<p><strong>Camar\u00f3grafos (Premio Bernardo Minier)<\/strong>: Federico Basilis y Carlos Jos\u00e9 Consuegra.<\/p>\n\n\n\n<p><strong>Prensa Radio (Premio Reynaldo Filpo)<\/strong>: Rolling Ferm\u00edn, Elwin Pe\u00f1a y El\u00edas Whebe.<\/p>\n\n\n\n<p><strong>Comentaristas (Premio F\u00e9lix Bruno)<\/strong>: Mart\u00edn Lajara y Juan Sainth-Hilaire.<\/p>\n\n\n\n<p><strong>Televisi\u00f3n (Premio C\u00e9sar Delmonte y Consuegra)<\/strong>: Santana Mart\u00ednez, Elwin Pe\u00f1a y Rolling Ferm\u00edn.<\/p>\n\n\n\n<p><strong>Fot\u00f3grafos (Premio Antonio Mart\u00ednez)<\/strong>: Rafael N\u00fa\u00f1ez (Tony) y Aneudy Tav\u00e1rez.<\/p>\n\n\n\n<p><strong>Medios Digitales (Premio Rafael -Pappy- P\u00e9rez)<\/strong>: Jos\u00e9 Fabi\u00e1n Rosario Jr, Elwin Pe\u00f1a y Osvaldo Franco.<\/p>\n\n\n\n<p><strong>Locutor Comercial (Premio Virgilio Cepeda)<\/strong>: Juan Pe\u00f1a, Wilson Silverio y H\u00e9ctor Cep\u00edn.<\/p>\n\n\n\n<p><strong>Narrador (Premio Ram\u00f3n de Luna)<\/strong>: Santana Mart\u00ednez, Jos\u00e9 Lu\u00eds Rodr\u00edguez y Juan Sainth-Hilaire.<\/p>\n\n\n\n<p><strong>Prensa Escrita (Premio Domingo Sainth-Hilaire Hijo)<\/strong>: Bienvenido Tav\u00e1rez (Tuto), Elwin Pe\u00f1a y Domingo Hern\u00e1ndez).<\/p>\n\n\n\n<p><strong>Cronista en el Extranjero (Premio Rafael -Paquete- Fern\u00e1ndez)<\/strong>: Santiago Dolcin\u00e9, Agust\u00edn Zapata y Lu\u00eds Ram\u00f3n Polanco.<\/p>\n\n\n\n<p><strong>Cronista Militante (Premio Juan Mendoza)<\/strong>: Rafael -Fellito- Ortiz, Francisco Santos (Nave) y Zobeida Rivas.<\/p>\n\n\n\n<p><strong>E<\/strong>l evento es auspiciado por, Banreservas, Centro de Convenciones y Cultura Dominicana UTESA, Cibao FC, Castro Sports, Cementos Cibao, Caf\u00e9 Kora, CORAASAN y Baltimore Dominicana (BALDOM),<\/p>\n\n\n\n<p>Oscar Polanco<a target=\"_blank\" href=\"mailto:oscarpolanco.santiagord@gmail.com\" rel=\"noreferrer noopener\">oscarpolanco.santiagord@gmai<\/a><\/p>\n","protected":false},"excerpt":{"rendered":"<p>SANTIAGO DE LOS CABALLEROS, Santiago, RD, 24 de septiembre de 1965.-\u00a0La Asociaci\u00f3n de Cronistas Deportivos de Santiago (ACDS) y Banreservas anuncian que est\u00e1 todo listo para la gran gala anual, El Atleta del A\u00f1o de Santiago y los premios Lu\u00eds Luque, este lunes a partir de las 7:30pm en el Centro de Convenciones y Cultura [&hellip;]<\/p>\n","protected":false},"author":28,"featured_media":474669,"comment_status":"closed","ping_status":"","sticky":true,"template":"","format":"standard","meta":{"footnotes":""},"categories":[17,27,32],"tags":[],"class_list":["post-474668","post","type-post","status-publish","format-standard","has-post-thumbnail","hentry","category-deportes","category-portada","category-turismo"],"_links":{"self":[{"href":"https:\/\/diariodominicano.com\/index.php?rest_route=\/wp\/v2\/posts\/474668","targetHints":{"allow":["GET"]}}],"collection":[{"href":"https:\/\/diariodominicano.com\/index.php?rest_route=\/wp\/v2\/posts"}],"about":[{"href":"https:\/\/diariodominicano.com\/index.php?rest_route=\/wp\/v2\/types\/post"}],"author":[{"embeddable":true,"href":"https:\/\/diariodominicano.com\/index.php?rest_route=\/wp\/v2\/users\/28"}],"replies":[{"embeddable":true,"href":"https:\/\/diariodominicano.com\/index.php?rest_route=%2Fwp%2Fv2%2Fcomments&post=474668"}],"version-history":[{"count":1,"href":"https:\/\/diariodominicano.com\/index.php?rest_route=\/wp\/v2\/posts\/474668\/revisions"}],"predecessor-version":[{"id":474670,"href":"https:\/\/diariodominicano.com\/index.php?rest_route=\/wp\/v2\/posts\/474668\/revisions\/474670"}],"wp:featuredmedia":[{"embeddable":true,"href":"https:\/\/diariodominicano.com\/index.php?rest_route=\/wp\/v2\/media\/474669"}],"wp:attachment":[{"href":"https:\/\/diariodominicano.com\/index.php?rest_route=%2Fwp%2Fv2%2Fmedia&parent=474668"}],"wp:term":[{"taxonomy":"category","embeddable":true,"href":"https:\/\/diariodominicano.com\/index.php?rest_route=%2Fwp%2Fv2%2Fcategories&post=474668"},{"taxonomy":"post_tag","embeddable":true,"href":"https:\/\/diariodominicano.com\/index.php?rest_route=%2Fwp%2Fv2%2Ftags&post=474668"}],"curies":[{"name":"wp","href":"https:\/\/api.w.org\/{rel}","templated":true}]}}