{"id":474590,"date":"2023-09-25T00:33:37","date_gmt":"2023-09-25T04:33:37","guid":{"rendered":"http:\/\/diariodominicano.com\/?p=474590"},"modified":"2023-09-25T00:38:26","modified_gmt":"2023-09-25T04:38:26","slug":"que-es-lo-mejor-del-cine-dominicano-de-2023-hasta-ahora","status":"publish","type":"post","link":"https:\/\/diariodominicano.com\/?p=474590","title":{"rendered":"\u00bfQu\u00e9 es lo mejor del cine dominicano de 2023, hasta ahora?"},"content":{"rendered":"\n<p>Danilo Rodriguez y Evelina Rodriguez, productores<\/p>\n\n\n\n<p> El m\u00e9todo es el estreno dominicano que desde el jueves est\u00e1 en pantallas.<br>(David Maler es su director y cuenta con una estupenda actuaci\u00f3n de sus siete<br>talentos. <\/p>\n\n\n\n<figure class=\"wp-block-image size-full\"><img loading=\"lazy\" decoding=\"async\" width=\"645\" height=\"285\" src=\"https:\/\/diariodominicano.com\/wp-content\/uploads\/2023\/09\/Pepe-Sierra-en-El-Metodo.png\" alt=\"\" class=\"wp-image-474592\" srcset=\"https:\/\/diariodominicano.com\/wp-content\/uploads\/2023\/09\/Pepe-Sierra-en-El-Metodo.png 645w, https:\/\/diariodominicano.com\/wp-content\/uploads\/2023\/09\/Pepe-Sierra-en-El-Metodo-300x133.png 300w\" sizes=\"auto, (max-width: 645px) 100vw, 645px\" \/><figcaption>Pepe Sierra en El M\u00e9todo<\/figcaption><\/figure>\n\n\n\n<p>El cine local eleva su calidad y ofrece mayores opciones para la selecci\u00f3n de<br>nominaciones y premios de los diversos galardones que ofrecen palmares a la<br>producci\u00f3n audiovisual<\/p>\n\n\n\n<p><br>Jos\u00e9 Rafael Sosa<\/p>\n\n\n\n<p><br>La llegada del drama sub-realista y de rejuegos mentales, El M\u00e9todo (David<br>Maler), es oportuno porque genera las interrogantes: \u00bfQu\u00e9 es lo mejor del cine<br>dominicano en 2023 hasta este septiembre 2023, a nuestro juicio? Y tambi\u00e9n<br>se podr\u00eda preguntar \u00bfQu\u00e9 viene en camino a pantallas? \u00bfSer\u00eda sencillo para<br>los jurados de los premios seleccionar nominaciones y premios en Cine? .<br>Con el estreno este jueves pasado de El m\u00e9todo (David Maler) &#8211; y otras dos<br>producciones nacionales que ven al cine este a\u00f1o y que tuvimos oportunidad<br>de ver en el III Festival de Cine Fine Arts Hecho en Casa, la perspectiva de lo<br>producido se ampl\u00eda, eleva su calidad y ofrece mayores opciones para la<br>selecci\u00f3n de nominaciones y premios de los diversos galardones que ofrecen<br>palmares a la producci\u00f3n audiovisual dominicano.<br>No ser\u00e1 ni sencillo ni f\u00e1cil seleccionar a quien galardonar, porque lo que se est\u00e1<br>aportando como proyectos, tiene calidad y consistencia. Persisten en la<br>produccion audiovisual dominicana, herencias toxicas de trabajo en los cuales<br>el facilismo conceptual y operativo, reduce las mismas posibilidades de<br>trascendencia, pero al parecer es parte de un proceso en extinci\u00f3n.<br>Ello se puede notar en las opciones de calidad variable que hoy d\u00eda ofrece el<br>g\u00e9nero comedia, por ejemplo.<br>Elegir pel\u00edculas dominicanas para nominaciones y premiaciones no puede<br>corresponder a una receta medi\u00e1tica. Sale de la evaluaci\u00f3n de un inventario.<br>Este es solo uno a ser tomado, o no, en cuenta.<\/p>\n\n\n\n<p><br>Sobre El m\u00e9todo<\/p>\n\n\n\n<p><br>El drama es una lucha encarnizada: Lo que el p\u00fablico va a encontrar con El<br>m\u00e9todo (adaptaci\u00f3n al cine de la obra de teatral del barcelon\u00e9s Jordi Galcer\u00e1n<br>(El m\u00e9todo Gr\u00f6nholm), es cine un integral, serio en su concepci\u00f3n, con una<br>actuaci\u00f3n coral que debe ser una de las mejores logradas para la industria<br>nacional, un ritmo incesante por la subsecuencia tanto de las ideas que se<br>unen en una sucesi\u00f3n que no da respiro y que deja disfrutar de la una<br>estupenda opci\u00f3n.<br>Es un cine elaborado e inteligente, mostrando buen uso de los recursos del<br>cine y uno de los mejores trabajos interpretativos corales de la escena f\u00edlmica<br>dominicana: Nashla Bogaert, H\u00e9ctor An\u00edbal, Georgina Duluc, Pepe Sierra,<br>Yasser Michelen, Dahiana Cordero y Roger Wasserman, todos en sus aguas.<br>La pelicula incrementa el aporte de sus dones: su fotograf\u00eda, el dise\u00f1o de arte<br>que es espectacular y detallado, su dise\u00f1o de sonido, incluyendo su universo<br>sonoro y, en particular, su iluminaci\u00f3n.<\/p>\n\n\n\n<figure class=\"wp-block-image size-full\"><img loading=\"lazy\" decoding=\"async\" width=\"437\" height=\"216\" src=\"https:\/\/diariodominicano.com\/wp-content\/uploads\/2023\/09\/Exmin-Carvajal-en-El-Plan.png\" alt=\"\" class=\"wp-image-474595\" srcset=\"https:\/\/diariodominicano.com\/wp-content\/uploads\/2023\/09\/Exmin-Carvajal-en-El-Plan.png 437w, https:\/\/diariodominicano.com\/wp-content\/uploads\/2023\/09\/Exmin-Carvajal-en-El-Plan-300x148.png 300w\" sizes=\"auto, (max-width: 437px) 100vw, 437px\" \/><figcaption>Exmin Carvajal, en El Plan<\/figcaption><\/figure>\n\n\n\n<p>Es un proyecto chispeante, intenso al incursionar en las ambiciones de<br>trepamiento social de los competidores. Pepe Sierra merece menci\u00f3n aparte<br>por su camale\u00f3nica y cambiante exposici\u00f3n de parlamentos y su gestualidad<br>precisa, aun cuando deben ser destacados los papeles de H\u00e9ctor An\u00edbal,<br>Yasser Michel\u00e9n y Georgina Duluc. Pero Sierra sobresale. El m\u00e9todo es el<br>estreno dominicano que desde el jueves est\u00e1 en pantallas.<br>Maler no es un favorecido de la suerte. Logra una estupenda actuaci\u00f3n coral de<br>seis talentos que imprimen un ritmo incesante premiado de giros y vueltas<br>dram\u00e1ticas. Maler es un cineasta de fortaleza que ha venido demostrando una<br>trayectoria consistente que deber\u00e1, al final, obtener el reconocimiento<br>internacional. Se introdujo al cine codirigiendo con el espa\u00f1ol David Curvelo,<br>desde Cacique Films la inolvidable, sensitiva e hist\u00f3rica Reinbou (2017).<br>\u00bfQu\u00e9 nominar? \u00bfQu\u00e9 premiar? \u00bfQui\u00e9nes premian?<br>No tenemos una listita recomendada para galardonar proyectos de cine.<br>Tenemos un inventario que compartir para que a quienes corresponda,<br>completen su criterio y decidan.<\/p>\n\n\n\n<figure class=\"wp-block-image size-large\"><img loading=\"lazy\" decoding=\"async\" width=\"692\" height=\"1024\" src=\"https:\/\/diariodominicano.com\/wp-content\/uploads\/2023\/09\/danny-45-750x1110-1-692x1024.jpg\" alt=\"\" class=\"wp-image-474597\" srcset=\"https:\/\/diariodominicano.com\/wp-content\/uploads\/2023\/09\/danny-45-750x1110-1-692x1024.jpg 692w, https:\/\/diariodominicano.com\/wp-content\/uploads\/2023\/09\/danny-45-750x1110-1-203x300.jpg 203w, https:\/\/diariodominicano.com\/wp-content\/uploads\/2023\/09\/danny-45-750x1110-1.jpg 750w\" sizes=\"auto, (max-width: 692px) 100vw, 692px\" \/><figcaption>Danny<\/figcaption><\/figure>\n\n\n\n<p><br>Las recetas de premios, no se ofrecen como servicio express por los medios de<br>comunicaci\u00f3n.<br>No estamos en condiciones, m\u00e1s all\u00e1 del derecho a la opini\u00f3n cr\u00edtica personal,<br>de recomendar producciones para ninguno de los premios pendientes de<br>entrega, todos los cuales tiene sus reglamentos, sus bases, sus condiciones<br>determinadas y gente capacitada para determinar qu\u00e9 hacer para cada caso.<br>Estos son esos premios a los que corresponde indagar lo mejor del cine<br>dominicano para los fines de reconocimiento son:<br>\u2014Los X Premios La Silla (Asociaci\u00f3n Dominicana de Profesionales del Cine<br>(ADOCINE). El premio de la industria y quienes la integran, a s\u00ed misma. Es<br>votaci\u00f3n interna. Todos los miembros activos votan. No hay un jurado. Este<br>premio se ha superado mucho en sus metodolog\u00edas, evitando que el tama\u00f1o de<br>un equipo de producci\u00f3n de una cinta determinada, se imponga sobre otros<br>equipos con menor n\u00famero de profesionales participantes.<br>\u2014El IV Premio de la Cr\u00edtica (Asociaci\u00f3n Dominicana de Prensa y Cr\u00edtica<br>Cinematogr\u00e1fica (ADOPRESCI), uno de los m\u00e1s prestigiosos por proceder de<br>los profesionales que eval\u00faan el cine. El Premio ADOPRESCI, el m\u00e1s nuevo de<br>los galardones, se ha ganado un prestigio indudable.<br>\u2014Los renglones de Cine 2023 de la edici\u00f3n 39 de El Soberano, de la<br>Asociaci\u00f3n de Cronistas de Arte de Rep\u00fablica Dominicana (ACROARTE) a<br>entregarse el martes 12 de marzo de 2024, en Teatro Nacional. ACROARTE<br>tiene condiciones muy especiales para renovar su premio con esta edici\u00f3n,<br>pero es un tema para un pr\u00f3ximo trabajo.<\/p>\n\n\n\n<ul class=\"wp-block-list\"><li>Y, si se dan las condiciones para su montaje, I Premio de la Academia de las<br>Artes y Ciencias Cinematogr\u00e1ficas de la Rep\u00fablica Dominicana (ACCINE RD),<br>que preside Luis Arambilet y que tiene el respaldo institucional de EGEDA<br>Dominicana, y el sustento de su director ejecutivo Nelson Jim\u00e9nez. De esta<br>selecci\u00f3n de nominados deber\u00eda salir la relaci\u00f3n para la primera lista amplia de<br>los XI Premios Platino del Cine Iberoamericano.<\/li><\/ul>\n\n\n\n<p>El cine ya proyectado<br>Gracias al cuidadoso registro que lleva el profesor F\u00e9lix Manuel Lora, el mejor<br>investigador estad\u00edgrafo de la producci\u00f3n audiovisual dominicana (sobre todo<br>desde su portal www.cinemadominicano.com) y directivo de la Asociaci\u00f3n<br>Dominicana de Prensa y Cr\u00edtica, tenemos un listado b\u00e1sico de proyecci\u00f3n<br>dominicana en cines.<br>El nos refiere los siguientes estrenos. Algunos premios siguen considerando<br>ambos g\u00e9neros simult\u00e1neamente, lo que perjudica mucho las posibilidades del<br>documental) ten\u00eda hasta el presente y que deber\u00eda ser criterio revisado y<br>ampliado. Este es un buen momento para cambios en bases de premios de<br>cine. Hay condiciones por doquier. Renovar es la clave.<br>Ficci\u00f3n<br>Teacher Mechy (Frank Perozo) Comedia. Interesante proyecto que mezcla<br>elementos exitosos anteriormente con visiones relativamente nuevas y el<br>carisma de su protagonista.<br>La Balada de los cuervos (Tony Bacigalupe P\u00e9rez). Drama social Cuarencena<br>(David Maler) Comedia<br>Sola a los 40 (\u00c1ngel Mu\u00f1iz, TV) Drama\/Comedia. Fuera de competencia.<br>Un novio para mam\u00e1 (Roberto \u00c1ngel) Comedia.<br>Danny 45 (Gilbert de la Rosa) Thiller carcelario), a cargo de un equipo de un<br>equipo que present\u00f3 excelentes cartas credenciales, exponiendo, con<br>verosimilitud, buenas actuaciones y un gui\u00f3n coherente, la realidad carcelaria.<br>El Plan (Robert Cornelio) Drama con el cual el director genera una metodolog\u00eda<br>de producci\u00f3n local en La Vega. Cornelio como director, que logra clarificar los<br>esquemas y valores de su produccion, sustentado por las actuaciones de<br>Exm\u00edn Carvajal y Johnni\u00e9 Mercedes y j\u00f3venes valores de la actuaci\u00f3n que se<br>abren paso.<br>Rango de Honor (Carlos Salcedo), gui\u00f3n de Eudy Cordero y basada en el libro<br>novela de Jos\u00e9 Monegro. Su valor pasa por la novedad de su mensaje,<br>clarificando las responsabilidades de la delincuencia.<br>Malos Padres (Jos\u00e9 Ram\u00f3n Alam\u00e1. Bou Group) Comedia. Una de las mejor<br>logradas del periodo. Sus valores de producci\u00f3n se notan en pantalla y arroja<br>experiencias que deben ser replicadas y estimuladas Hay alguna<br>sobreactuaci\u00f3n evitable.<br>Justo a tiempo (Arturo Mojica) Drama de fe. Talentos: Anderson Mercedes,<br>Vivian Fatule, Robert Green y \u00c1ngelo Frilop, del Grupo Barak, Reverendo<br>Ezequiel Molina. Para el devocionario, estuvo bien, pero supedito la<br>trascendencia del mensaje cristiano a sus valores como cine.<br>Documentales 2023<br>Caama\u00f1o, de militar a Guerrillero (Ren\u00e9 Fortunato Video Cine Palau) Hist\u00f3rico.<br>Es el trabajo mejor terminado del con revelaciones hist\u00f3ricas y estreno de<br>nuevos m\u00e9todos de investigaci\u00f3n bibliogr\u00e1fica y audiovisual. Su director,<br>hombre fundacional de la industria e innovador, tuvo la concepci\u00f3n de este<br>trabajo y logr\u00f3 un aporte tanto art\u00edstico como hist\u00f3rico.<br>No me conoces (Naslha Bogaert) Etnico\/cultural. Lo mejor que ha hecho<br>Naslha como directora. Su selecci\u00f3n de intervenciones, su sentido del montaje<\/p>\n\n\n\n<p>del producto, las verdades que gerencia, el sentido de la identidad. Un proyecto<br>amoroso, exigente y dulce, todo al mismo tiempo.<br>Ramona (Victoria Linares Villegas.) Drama del embarazo adolescente visto<br>como pocas veces, que incrementa la pr\u00e1ctica de una directora centrada y con<br>nuevos criterios de la produccion, haciendo historia a su modo con sus<br>historias.<br>Renacer (Tito Rodriguez) Consagra el triunfo de la voluntad sobre la<br>discapacidad f\u00edsica, sobre el atleta paral\u00edmpico Patricio L\u00f3pez, digno de un<br>premio o menci\u00f3n especial. Un trabajo emotivo y realizado con eficacia.<br>Lo que falta por estrenar<br>Esa panor\u00e1mica del cine dominicano va a incrementar sus estrenos con los<br>pr\u00f3ximos estrenos siguientes:<br>Ficci\u00f3n<br>Croma Kid (Pablo Chea) una gr\u00e1cil aventura audiovisual, reconstrucci\u00f3n de una<br>\u00e9poca, basado en un buen concepto y actuaciones entra\u00f1ables.<br>\u2014La Hembrita, (Laura Amelia Guzm\u00e1n), ambas con una calidad<br>correspondiente a los estilos de Chea (que se estrena con un paso en firme) y<br>con una Laura Amelia Guzm\u00e1n, que ratifica, es una cineasta de luces claras, de<br>sentido compromiso con sus temas y sus personajes.<\/p>\n\n\n\n<ul class=\"wp-block-list\"><li>\u201c0+\u201d (Bruno Musso) con Evelyna Rodr\u00edguez, Danilo Reynoso y Victorio<br>D\u2019Alessandro, guion de Junior Rosario. Drama basado en hechos reales. Va a<br>pantallas dominicanas el jueves 12 de octubre.<br>Documentales<\/li><li>\u201cLa industria en RD (1962-2022) Euri Cabral, que no tiene posibilidad alguna<br>en premios por su caracter\u00edstica muy limitada y corporativa. Cabral debe volver<br>urgente a la l\u00ednea tem\u00e1tica que m\u00e1s le redit\u00faa: la historia.<br>-Orgullo de Quisqueya (Tito Rodr\u00edguez, producci\u00f3n Jessica Hasb\u00fan y Kelvin<br>Liria) que va a los cines la semana pr\u00f3xima. Ojal\u00e1 se aparte del esquema de la<br>pantalla chica, y aporte novedad en un esquema audiovisual que no es la<br>primera vez que se enfoca. Tenemos solo la esperanza en que pueda ser<br>interesante por la calidad humana de los entrevistados, pero el cine tiene sus<br>reglas y son distintas de las del reportaje extendido de TV. Ojal\u00e1 no sea el<br>caso.<br>Confiamos en la experiencia de un Tito Rodr\u00edguez, responsable de la direcci\u00f3n<br>del proyecto.<br>\u00bfY El a\u00f1o del tigre?<br>Inabarcable la situaci\u00f3n evaluativa del cine dominicano, por lo cual nos hemos<br>limitado bastante, mas all\u00e1 de ofrecer una informaci\u00f3n descriptiva de lo<br>presentado.<br>Hay casos singulares que trataremos mas adelante, como es el caso de c\u00f3mo<br>tratar casos como el de El A\u00f1o del Tigre (Yasser Michelen) ,Drama oscuro con<br>crueles tintes de humor, que es la primera produccion dominicana que ingresa<br>al cat\u00e1logo de Disney , via su ventanilla Star Plus, y que, no pasar por los<br>cines, no aparece en la relaci\u00f3n, lo que supone que hay que actualizar criterios<\/li><\/ul>\n\n\n\n<p>de selecci\u00f3n or parte de quienes nominan y premian.. Pero hablaremos de eso.<br>Faltan muchos dias para la final entrega de estatuillas.<br><\/p>\n\n\n\n<p>Enlaces de inter\u00e9s:<\/p>\n\n\n\n<p>https:\/\/www.conectate.com.do\/articulo\/peliculas-dominicanas-2023\/<br>Trailer El plan<br>&lt;iframe width=\u00bb560&#8243; height=\u00bb315&#8243;<br>src=\u00bbhttps:\/\/www.youtube.com\/embed\/M3_Dv5ZMDRc?si=vm80MB4iMPLmlUM<br>g\u00bb title=\u00bbYouTube video player\u00bb frameborder=\u00bb0&#8243; allow=\u00bbaccelerometer;<br>autoplay; clipboard-write; encrypted-media; gyroscope; picture-in-picture; web-<br>share\u00bb allowfullscreen>&lt;\/iframe><\/p>\n\n\n\n<p>Jose Rafael Paula Sosa<a target=\"_blank\" href=\"mailto:joserafael.sosa@gmail.com\" rel=\"noreferrer noopener\">joserafael.sosa@gmail.com<\/a><\/p>\n","protected":false},"excerpt":{"rendered":"<p>Danilo Rodriguez y Evelina Rodriguez, productores El m\u00e9todo es el estreno dominicano que desde el jueves est\u00e1 en pantallas.(David Maler es su director y cuenta con una estupenda actuaci\u00f3n de sus sietetalentos. El cine local eleva su calidad y ofrece mayores opciones para la selecci\u00f3n denominaciones y premios de los diversos galardones que ofrecen palmares [&hellip;]<\/p>\n","protected":false},"author":28,"featured_media":474591,"comment_status":"closed","ping_status":"","sticky":true,"template":"","format":"standard","meta":{"footnotes":""},"categories":[21,36,25,27,32],"tags":[],"class_list":["post-474590","post","type-post","status-publish","format-standard","has-post-thumbnail","hentry","category-cultura","category-hombresmujeresycosas","category-gente","category-portada","category-turismo"],"_links":{"self":[{"href":"https:\/\/diariodominicano.com\/index.php?rest_route=\/wp\/v2\/posts\/474590","targetHints":{"allow":["GET"]}}],"collection":[{"href":"https:\/\/diariodominicano.com\/index.php?rest_route=\/wp\/v2\/posts"}],"about":[{"href":"https:\/\/diariodominicano.com\/index.php?rest_route=\/wp\/v2\/types\/post"}],"author":[{"embeddable":true,"href":"https:\/\/diariodominicano.com\/index.php?rest_route=\/wp\/v2\/users\/28"}],"replies":[{"embeddable":true,"href":"https:\/\/diariodominicano.com\/index.php?rest_route=%2Fwp%2Fv2%2Fcomments&post=474590"}],"version-history":[{"count":5,"href":"https:\/\/diariodominicano.com\/index.php?rest_route=\/wp\/v2\/posts\/474590\/revisions"}],"predecessor-version":[{"id":474599,"href":"https:\/\/diariodominicano.com\/index.php?rest_route=\/wp\/v2\/posts\/474590\/revisions\/474599"}],"wp:featuredmedia":[{"embeddable":true,"href":"https:\/\/diariodominicano.com\/index.php?rest_route=\/wp\/v2\/media\/474591"}],"wp:attachment":[{"href":"https:\/\/diariodominicano.com\/index.php?rest_route=%2Fwp%2Fv2%2Fmedia&parent=474590"}],"wp:term":[{"taxonomy":"category","embeddable":true,"href":"https:\/\/diariodominicano.com\/index.php?rest_route=%2Fwp%2Fv2%2Fcategories&post=474590"},{"taxonomy":"post_tag","embeddable":true,"href":"https:\/\/diariodominicano.com\/index.php?rest_route=%2Fwp%2Fv2%2Ftags&post=474590"}],"curies":[{"name":"wp","href":"https:\/\/api.w.org\/{rel}","templated":true}]}}