{"id":47458,"date":"2018-12-04T13:46:28","date_gmt":"2018-12-04T13:46:28","guid":{"rendered":"http:\/\/diariodominicano.ddns.net\/?p=47458"},"modified":"2018-12-04T13:46:28","modified_gmt":"2018-12-04T13:46:28","slug":"haiti-el-mas-atinado-enfoque","status":"publish","type":"post","link":"https:\/\/diariodominicano.com\/?p=47458","title":{"rendered":"&#13;HAITI: EL MAS ATINADO ENFOQUE"},"content":{"rendered":"<p><body><\/p>\n<p>EL TIRO RAPIDO<\/p>\n<\/p>\n<\/p>\n<\/p>\n<p>De entre las propuestas que se han venido barajando en los \u00faltimos d\u00edas para proteger la frontera con Hait\u00ed, el enfoque que nos luce mas atinado es el que acaba de externar el Ministro de Industria, Comercio y Mipymes, Nelson Toca Sim\u00f3 al pronunciar el discurso de orden en la inauguraci\u00f3n de la expo-feria del Consejo de Coordinaci\u00f3n de la Zona Especial de Desarrollo Fronterizo, celebrada en Montecristi.<\/p>\n<\/p>\n<\/p>\n<p>Previo a su intervenci\u00f3n, se produjo el reclamo de legisladores y autoridades locales para que se convirtiera en portavoz ante el Poder Ejecutivo de su solicitud de extender el plazo de vencimiento de la ley 28-1 que estableci\u00f3 determinados incentivos para las empresas que se instalaran en la regi\u00f3n fronteriza. <\/p>\n<\/p>\n<\/p>\n<p>En el curso de sus palabras, el funcionario abord\u00f3 con mayor amplitud el siempre espinoso tema de la protecci\u00f3n de la frontera, donde con frecuencia se producen incidentes que tensan las relaciones a ambos lados de isla,  y que a despecho de las tropas desplegadas para su salvaguarda es violada de continuo con el paso de apreciables contingentes de inmigrantes ilegales as\u00ed como de un activo comercio de contrabando. <\/p>\n<\/p>\n<\/p>\n<p>Toca Sim\u00f3 hizo en este sentido un c\u00e1lido llamado a preservar la integridad de la frontera y del territorio nacional.  Pero a diferencia de propuestas tales como el levantamiento de un muro o el reforzamiento del patrullaje militar, incluyendo drones y un sistema de c\u00e1maras de vigilancia, con un sentido mucho mas pr\u00e1ctico y a nuestro juicio tambi\u00e9n mas efectivo,  la focaliza en el fomento de la generaci\u00f3n de empresas y de emprendimientos que creen empleos de calidad para los habitantes de la zona.<\/p>\n<\/p>\n<\/p>\n<p>Planteamientos similares hemos venido haciendo en TELEDEBATE desde hace mucho, y mas recientemente con motivo del penoso incidente que por suerte no lleg\u00f3 a males mayores e irremediables, sufrido por  el destacado cardi\u00f3logo Pedro Ure\u00f1a y sus compa\u00f1eros.<\/p>\n<\/p>\n<\/p>\n<p>El problema mas grave de la frontera ha sido el \u00e9xodo creciente de los dominicanos huyendo de la miseria y la marginalidad prevalecientes en la misma, a la b\u00fasqueda de mejores condiciones de vida. En consecuencia en igual o mayor proporci\u00f3n se ha registrado el crecimiento de la poblaci\u00f3n haitiana que ha ido ocupando  el espacio abandonado por la pobladores criollos. Esa situaci\u00f3n persistir\u00e1 en tanto  la frontera siga atada a la miseria, el atraso y la falta de oportunidades.<\/p>\n<\/p>\n<\/p>\n<p>Lo que con muy buen juicio propone el Ministro Toca Sim\u00f3 es crear condiciones propicias de vida, a saber empleos de calidad, oportunidades de negocios y emprendimientos y servicios adecuados de salud, educaci\u00f3n, electricidad, deportes y dem\u00e1s que contribuyan a crear arraigo y sentido de pertenencia a los actuales habitantes y reviertan el proceso de \u00e9xodo que ha ocurriendo todos estos a\u00f1os motivando, por el contrario, un movimiento a inversa de repoblaci\u00f3n dominicana de las provincias fronterizas. Esa es a nuestro juicio, tal como plantea Toca Sim\u00f3 como el m\u00e9todo mas eficaz de proteger la frontera. <\/p>\n<\/p>\n<\/p>\n<p>No creemos que resulte con un muro que siempre se ver\u00e1 como un s\u00edmbolo de hostilidad, donde lo que procede es mantener abiertas v\u00edas de entendimiento y el mejor clima posible de la convivencia a que estamos obligados, de tal modo que para los incidentes que puedan ocurrir se busquen formas inteligentes y razonables de soluci\u00f3n.<\/p>\n<\/p>\n<\/p>\n<p>La presencia militar y el patrullaje fronterizo siempre ser\u00e1n necesarios. Pero de poco o nada valdr\u00e1n si no dispone de una amplia retaguardia civil de dominicanos enrraizados, firmemente asentados en el territorio cuando este les provea adecuadas condiciones de vida y  oportunidades de progreso sin tener que emigrar. <\/p>\n<\/p>\n<\/p>\n<\/p>\n<\/p>\n<\/p>\n<h6> 2018-12-04 13:46:28 <\/h6>\n<p><!--\n<link rel=\"stylesheet\" href=\"css\/bootstrap.min.css\">\n\n\n<ul class=\"pagination\">\n\t    \n\t\n\n<li >\n\t<a href='?page_no=996'>Previous<\/a>\n\t<\/li>\n\n\n       \n    \n\n<li><a href='?page_no=1'>1<\/a><\/li>\n\n\n\n<li><a href='?page_no=2'>2<\/a><\/li>\n\n\n\n<li><a>...<\/a><\/li>\n\n\n\n<li><a href='?page_no=995'>995<\/a><\/li>\n\n\n\n<li><a href='?page_no=996'>996<\/a><\/li>\n\n\n\n<li class='active'><a>997<\/a><\/li>\n\n\n\n<li><a href='?page_no=998'>998<\/a><\/li>\n\n\n\n<li><a href='?page_no=999'>999<\/a><\/li>\n\n\n\n<li><a>...<\/a><\/li>\n\n\n\n<li><a href='?page_no=13611'>13611<\/a><\/li>\n\n\n\n<li><a href='?page_no=13612'>13612<\/a><\/li>\n\n    \n\t\n\n<li >\n\t<a href='?page_no=998'>Next<\/a>\n\t<\/li>\n\n\n    \n\n<li><a href='?page_no=13612'>Last &rsaquo;&rsaquo;<\/a><\/li>\n\n<\/ul>\n\n\n--><br \/>\n<\/body><\/p>\n","protected":false},"excerpt":{"rendered":"<p>EL TIRO RAPIDO De entre las propuestas que se han venido barajando en los \u00faltimos d\u00edas para proteger la frontera con Hait\u00ed, el enfoque que nos luce mas atinado es el que acaba de externar el Ministro de Industria, Comercio y Mipymes, Nelson Toca Sim\u00f3 al pronunciar el discurso de orden en la inauguraci\u00f3n de [&hellip;]<\/p>\n","protected":false},"author":3,"featured_media":0,"comment_status":"open","ping_status":"open","sticky":false,"template":"","format":"standard","meta":{"footnotes":""},"categories":[16],"tags":[],"class_list":["post-47458","post","type-post","status-publish","format-standard","hentry","category-opiniones"],"_links":{"self":[{"href":"https:\/\/diariodominicano.com\/index.php?rest_route=\/wp\/v2\/posts\/47458","targetHints":{"allow":["GET"]}}],"collection":[{"href":"https:\/\/diariodominicano.com\/index.php?rest_route=\/wp\/v2\/posts"}],"about":[{"href":"https:\/\/diariodominicano.com\/index.php?rest_route=\/wp\/v2\/types\/post"}],"author":[{"embeddable":true,"href":"https:\/\/diariodominicano.com\/index.php?rest_route=\/wp\/v2\/users\/3"}],"replies":[{"embeddable":true,"href":"https:\/\/diariodominicano.com\/index.php?rest_route=%2Fwp%2Fv2%2Fcomments&post=47458"}],"version-history":[{"count":0,"href":"https:\/\/diariodominicano.com\/index.php?rest_route=\/wp\/v2\/posts\/47458\/revisions"}],"wp:attachment":[{"href":"https:\/\/diariodominicano.com\/index.php?rest_route=%2Fwp%2Fv2%2Fmedia&parent=47458"}],"wp:term":[{"taxonomy":"category","embeddable":true,"href":"https:\/\/diariodominicano.com\/index.php?rest_route=%2Fwp%2Fv2%2Fcategories&post=47458"},{"taxonomy":"post_tag","embeddable":true,"href":"https:\/\/diariodominicano.com\/index.php?rest_route=%2Fwp%2Fv2%2Ftags&post=47458"}],"curies":[{"name":"wp","href":"https:\/\/api.w.org\/{rel}","templated":true}]}}