{"id":474577,"date":"2023-09-25T00:01:07","date_gmt":"2023-09-25T04:01:07","guid":{"rendered":"http:\/\/diariodominicano.com\/?p=474577"},"modified":"2023-09-25T00:01:18","modified_gmt":"2023-09-25T04:01:18","slug":"privados-de-libertad-en-periodo-de-prueba-y-empleados-dgspc-realizan-jornada-de-limpieza-de-rios-y-costas","status":"publish","type":"post","link":"https:\/\/diariodominicano.com\/?p=474577","title":{"rendered":"Privados de libertad en per\u00edodo de prueba y empleados DGSPC realizan jornada de limpieza de r\u00edos y costas"},"content":{"rendered":"\n<p>SANTO DOMINGO, Rep\u00fablica Dominicana.- Como parte de la labor social de los programas del sistema penitenciario y la celebraci\u00f3n del D\u00eda Mundial de Limpieza de Playas, Costas y Riberas de R\u00edos, empleados de la Direcci\u00f3n General de Servicios Penitenciarios y Correccionales (DGSPC) y m\u00e1s de 200 privados de libertad en per\u00edodo de prueba, de diecinueve centros penitenciarios, realizaron el s\u00e1bado jornadas de limpieza de costas y r\u00edos en diferentes lugares del pa\u00eds.<\/p>\n\n\n\n<figure class=\"wp-block-image size-large\"><img loading=\"lazy\" decoding=\"async\" width=\"497\" height=\"1024\" src=\"https:\/\/diariodominicano.com\/wp-content\/uploads\/2023\/09\/IMG-20230916-WA0035-497x1024.jpg\" alt=\"\" class=\"wp-image-474579\" srcset=\"https:\/\/diariodominicano.com\/wp-content\/uploads\/2023\/09\/IMG-20230916-WA0035-497x1024.jpg 497w, https:\/\/diariodominicano.com\/wp-content\/uploads\/2023\/09\/IMG-20230916-WA0035-146x300.jpg 146w, https:\/\/diariodominicano.com\/wp-content\/uploads\/2023\/09\/IMG-20230916-WA0035-768x1581.jpg 768w, https:\/\/diariodominicano.com\/wp-content\/uploads\/2023\/09\/IMG-20230916-WA0035-746x1536.jpg 746w, https:\/\/diariodominicano.com\/wp-content\/uploads\/2023\/09\/IMG-20230916-WA0035.jpg 777w\" sizes=\"auto, (max-width: 497px) 100vw, 497px\" \/><\/figure>\n\n\n\n<p>La actividad fue coordinada por Yenny Olga Hern\u00e1ndez, directora para el Medio Libre, quien inform\u00f3 que las jornadas se&nbsp; iniciaron como actividad central, encabezada por Roberto Hern\u00e1ndez Basilio, director general de Servicios Penitenciarios y Correccionales,&nbsp; en la Playa Chiquita, en Palmar de Ocoa,&nbsp; provincia de Azua, en donde el personal y privados de libertad&nbsp; de los centros penitenciarios del 19 de marzo, 15 de azua, Ban\u00ed Hombres y Ban\u00ed Mujeres, de la provincia Peravia, realizaron la recogida de escombros y&nbsp;desechos s\u00f3lidos que son lanzados por ciudadanos o arrastrados producto de la lluvia y el viento.<\/p>\n\n\n\n<p>Hern\u00e1ndez, a trav\u00e9s de la Direcci\u00f3n del Medio Libre, dijo que los privados de libertad que est\u00e1n en la fase de per\u00edodo de prueba participan activamente en programas que les ayudan a su rehabilitaci\u00f3n y reinserci\u00f3n social y a tener una calificaci\u00f3n en sus conductas.<\/p>\n\n\n\n<p>La limpieza de costas y riberas de r\u00edos en la provincia de Azua cont\u00f3 con el apoyo y acompa\u00f1amiento de V\u00edctor Ram\u00edrez, director provincial de Medio Ambiente, Azua; la Armada de la Rep\u00fablica Dominicana, en la persona del teniente coronel Apolinar Oviedo, de la subdirecci\u00f3n del Servicio Nacional de Protecci\u00f3n Ambiental (Senpa); Miguel Gonz\u00e1lez, presidente de la Junta de Vecinos Buena Fe, de Hatillo, Azua, al igual que en otros puntos en donde se realiz\u00f3 la actividad con la participaci\u00f3n de autoridades municipales, quienes ofrecieron su apoyo a la DGSPC.<\/p>\n\n\n\n<figure class=\"wp-block-image size-large\"><img loading=\"lazy\" decoding=\"async\" width=\"1024\" height=\"514\" src=\"https:\/\/diariodominicano.com\/wp-content\/uploads\/2023\/09\/IMG-20230923-WA0036-1024x514.jpg\" alt=\"\" class=\"wp-image-474580\" srcset=\"https:\/\/diariodominicano.com\/wp-content\/uploads\/2023\/09\/IMG-20230923-WA0036-1024x514.jpg 1024w, https:\/\/diariodominicano.com\/wp-content\/uploads\/2023\/09\/IMG-20230923-WA0036-300x151.jpg 300w, https:\/\/diariodominicano.com\/wp-content\/uploads\/2023\/09\/IMG-20230923-WA0036-768x386.jpg 768w, https:\/\/diariodominicano.com\/wp-content\/uploads\/2023\/09\/IMG-20230923-WA0036-816x410.jpg 816w, https:\/\/diariodominicano.com\/wp-content\/uploads\/2023\/09\/IMG-20230923-WA0036-400x200.jpg 400w, https:\/\/diariodominicano.com\/wp-content\/uploads\/2023\/09\/IMG-20230923-WA0036.jpg 1276w\" sizes=\"auto, (max-width: 1024px) 100vw, 1024px\" \/><\/figure>\n\n\n\n<p>Otros centros penitenciarios que participaron de la limpieza de costas y riberas de r\u00edos fueron: Najayo Mujeres, en la provincia San Crist\u00f3bal; Moca, Espaillat; Concepci\u00f3n y El Pinito, de La Vega; San Francisco, Vista al Valle, en la provincia Duarte; Dajab\u00f3n, El\u00edas Pi\u00f1a, Rafey Hombres, en Santiago; Anamuya, de la provincia La Romana; Salcedo, de Hermanas Mirabal; Montecristi e Hig\u00fcey Mujeres, de La Altagracia, cuyos privados de libertad trabajaron en la limpieza de las playas y r\u00edos de Guayabo, Jengibre, Yaque del Norte, el Duey, El Jaya, Playa Popa, Playa Tortugero, entre otras fuentes acu\u00edferas.<\/p>\n\n\n\n<p>Direcci\u00f3n General de Comunicaci\u00f3n, Prensa, y RRPP<\/p>\n\n\n\n<p>Ministerio P\u00fablico.&nbsp;R.D.<\/p>\n\n\n\n<p>Domingo, 24 de septiembre de 2023.<\/p>\n","protected":false},"excerpt":{"rendered":"<p>SANTO DOMINGO, Rep\u00fablica Dominicana.- Como parte de la labor social de los programas del sistema penitenciario y la celebraci\u00f3n del D\u00eda Mundial de Limpieza de Playas, Costas y Riberas de R\u00edos, empleados de la Direcci\u00f3n General de Servicios Penitenciarios y Correccionales (DGSPC) y m\u00e1s de 200 privados de libertad en per\u00edodo de prueba, de diecinueve [&hellip;]<\/p>\n","protected":false},"author":28,"featured_media":474578,"comment_status":"closed","ping_status":"","sticky":true,"template":"","format":"standard","meta":{"footnotes":""},"categories":[36,20,24,27,32],"tags":[],"class_list":["post-474577","post","type-post","status-publish","format-standard","has-post-thumbnail","hentry","category-hombresmujeresycosas","category-dominicana-hoy","category-justicia-y-derecho","category-portada","category-turismo"],"_links":{"self":[{"href":"https:\/\/diariodominicano.com\/index.php?rest_route=\/wp\/v2\/posts\/474577","targetHints":{"allow":["GET"]}}],"collection":[{"href":"https:\/\/diariodominicano.com\/index.php?rest_route=\/wp\/v2\/posts"}],"about":[{"href":"https:\/\/diariodominicano.com\/index.php?rest_route=\/wp\/v2\/types\/post"}],"author":[{"embeddable":true,"href":"https:\/\/diariodominicano.com\/index.php?rest_route=\/wp\/v2\/users\/28"}],"replies":[{"embeddable":true,"href":"https:\/\/diariodominicano.com\/index.php?rest_route=%2Fwp%2Fv2%2Fcomments&post=474577"}],"version-history":[{"count":2,"href":"https:\/\/diariodominicano.com\/index.php?rest_route=\/wp\/v2\/posts\/474577\/revisions"}],"predecessor-version":[{"id":474582,"href":"https:\/\/diariodominicano.com\/index.php?rest_route=\/wp\/v2\/posts\/474577\/revisions\/474582"}],"wp:featuredmedia":[{"embeddable":true,"href":"https:\/\/diariodominicano.com\/index.php?rest_route=\/wp\/v2\/media\/474578"}],"wp:attachment":[{"href":"https:\/\/diariodominicano.com\/index.php?rest_route=%2Fwp%2Fv2%2Fmedia&parent=474577"}],"wp:term":[{"taxonomy":"category","embeddable":true,"href":"https:\/\/diariodominicano.com\/index.php?rest_route=%2Fwp%2Fv2%2Fcategories&post=474577"},{"taxonomy":"post_tag","embeddable":true,"href":"https:\/\/diariodominicano.com\/index.php?rest_route=%2Fwp%2Fv2%2Ftags&post=474577"}],"curies":[{"name":"wp","href":"https:\/\/api.w.org\/{rel}","templated":true}]}}