{"id":474141,"date":"2023-09-22T13:21:56","date_gmt":"2023-09-22T17:21:56","guid":{"rendered":"https:\/\/diariodominicano.com\/?p=474141"},"modified":"2023-09-22T13:25:03","modified_gmt":"2023-09-22T17:25:03","slug":"en-nota-oficial-haiti-informa-que-el-presidente-de-corea-del-sur-yoon-suk-yeol-promete-fortalecer-inversion-coreana-en-haiti","status":"publish","type":"post","link":"https:\/\/diariodominicano.com\/?p=474141","title":{"rendered":"En Nota oficial, Hait\u00ed informa que   presidente de Corea del Sur, Yoon Suk-yeol promete fortalecer  inversi\u00f3n coreana en Hait\u00ed"},"content":{"rendered":"\n<p>diariodominicano.com<\/p>\n\n\n\n<p>Puerto Pr\u00edncipe, 22 sep (Prensa Latina) El primer ministro Ariel Henry se reuni\u00f3 con el presidente de Corea del Sur, Yoon Suk-yeol, al margen de la 78 Asamblea General de Naciones Unidas, confirm\u00f3 hoy una nota oficial.<\/p>\n\n\n\n<p>Durante el encuentro, Henry solicit\u00f3 el apoyo del pa\u00eds asi\u00e1tico a la misi\u00f3n multinacional para asistir a las fuerzas de seguridad de Hait\u00ed, que actualmente combaten con pocos recursos a los grupos armados.<\/p>\n\n\n\n<p>El jefe de Estado coreano prometi\u00f3 ayudar a reforzar las capacidades operativas de la seguridad p\u00fablica de Hait\u00ed, a trav\u00e9s de la cooperaci\u00f3n entre polic\u00edas de ambos pa\u00edses, asegur\u00f3 el comunicado.<\/p>\n\n\n\n<p>Asimismo, abordaron la asociaci\u00f3n en el sector sanitario y el uso compartido de la tecnolog\u00eda digital.<\/p>\n\n\n\n<p>Los mandatarios tambi\u00e9n acordaron fortalecer la inversi\u00f3n coreana en la naci\u00f3n caribe\u00f1a, mientras que Suk-yeol se comprometi\u00f3 a animar a otros empresarios a invertir en Hait\u00ed.<\/p>\n\n\n\n<p>Par ello, el jefe de Estado asi\u00e1tico espera que bajo el liderazgo del primer ministro haitiano, la paz y la estabilidad vuelvan al pa\u00eds con el fin de crear un entorno favorable para futuros inversores, concluy\u00f3 la nota.<\/p>\n\n\n\n<p>mem\/ane<\/p>\n","protected":false},"excerpt":{"rendered":"<p>diariodominicano.com Puerto Pr\u00edncipe, 22 sep (Prensa Latina) El primer ministro Ariel Henry se reuni\u00f3 con el presidente de Corea del Sur, Yoon Suk-yeol, al margen de la 78 Asamblea General de Naciones Unidas, confirm\u00f3 hoy una nota oficial. Durante el encuentro, Henry solicit\u00f3 el apoyo del pa\u00eds asi\u00e1tico a la misi\u00f3n multinacional para asistir a [&hellip;]<\/p>\n","protected":false},"author":5,"featured_media":474143,"comment_status":"closed","ping_status":"","sticky":true,"template":"","format":"standard","meta":{"footnotes":""},"categories":[112,23,27],"tags":[],"class_list":["post-474141","post","type-post","status-publish","format-standard","has-post-thumbnail","hentry","category-haiti","category-internacional","category-portada"],"_links":{"self":[{"href":"https:\/\/diariodominicano.com\/index.php?rest_route=\/wp\/v2\/posts\/474141","targetHints":{"allow":["GET"]}}],"collection":[{"href":"https:\/\/diariodominicano.com\/index.php?rest_route=\/wp\/v2\/posts"}],"about":[{"href":"https:\/\/diariodominicano.com\/index.php?rest_route=\/wp\/v2\/types\/post"}],"author":[{"embeddable":true,"href":"https:\/\/diariodominicano.com\/index.php?rest_route=\/wp\/v2\/users\/5"}],"replies":[{"embeddable":true,"href":"https:\/\/diariodominicano.com\/index.php?rest_route=%2Fwp%2Fv2%2Fcomments&post=474141"}],"version-history":[{"count":2,"href":"https:\/\/diariodominicano.com\/index.php?rest_route=\/wp\/v2\/posts\/474141\/revisions"}],"predecessor-version":[{"id":474146,"href":"https:\/\/diariodominicano.com\/index.php?rest_route=\/wp\/v2\/posts\/474141\/revisions\/474146"}],"wp:featuredmedia":[{"embeddable":true,"href":"https:\/\/diariodominicano.com\/index.php?rest_route=\/wp\/v2\/media\/474143"}],"wp:attachment":[{"href":"https:\/\/diariodominicano.com\/index.php?rest_route=%2Fwp%2Fv2%2Fmedia&parent=474141"}],"wp:term":[{"taxonomy":"category","embeddable":true,"href":"https:\/\/diariodominicano.com\/index.php?rest_route=%2Fwp%2Fv2%2Fcategories&post=474141"},{"taxonomy":"post_tag","embeddable":true,"href":"https:\/\/diariodominicano.com\/index.php?rest_route=%2Fwp%2Fv2%2Ftags&post=474141"}],"curies":[{"name":"wp","href":"https:\/\/api.w.org\/{rel}","templated":true}]}}