{"id":47403,"date":"2018-12-05T16:50:13","date_gmt":"2018-12-05T16:50:13","guid":{"rendered":"http:\/\/diariodominicano.ddns.net\/?p=47403"},"modified":"2018-12-05T16:50:13","modified_gmt":"2018-12-05T16:50:13","slug":"una-alianza-exitosa","status":"publish","type":"post","link":"https:\/\/diariodominicano.com\/?p=47403","title":{"rendered":"UNA ALIANZA EXITOSA"},"content":{"rendered":"<p><body><\/p>\n<p>EL TIRO RAPIDO<\/p>\n<\/p>\n<\/p>\n<p>A comienzos del a\u00f1o 2003, ante el alarmante auge a que hab\u00eda llegado la comercializaci\u00f3n de medicamentos ilegales, falsificados, re-etiquetados y contrabandeados, la Asociaci\u00f3n de Representantes, Agentes y Productores Farmac\u00e9uticos, en coordinaci\u00f3n con las autoridades, llev\u00f3 a la pr\u00e1ctica un programa de persecuci\u00f3n de los mismos.  Para entonces los medicamentos ilegales representaban hasta un treinta por ciento del volumen del mercado nacional.<\/p>\n<\/p>\n<\/p>\n<p>Tres lustros mas tarde, la ARAPF da cuenta de los resultados arrojados por su exitosa implementaci\u00f3n que para el pasado a\u00f1o hab\u00eda permitido reducir la comercializaci\u00f3n ilegal de medicamentos a entre un 15 a un 18 por ciento, una baja considerable que justifica el esfuerzo realizado y los recursos invertidos. <\/p>\n<\/p>\n<\/p>\n<p>Durante ese tiempo, el plan ejecutado conjuntamente por ARAPF y la Procuradur\u00eda Especializada de Cr\u00edmenes y Delitos contra la Salud (PEDECSA) ha logrado el decomiso de m\u00e1s de mil 200 millones de pesos en medicamentos ilegales.   Todos los responsables han sido sometidos a la justicia, y si bien en los primeros tiempos hubo quejas justificadas sobre la escasa atenci\u00f3n que algunos jueces prestaban a este tipo de delito y las sanciones tan leves que impon\u00edan, ya mas recientemente, de un tiempo a esta parte, los tribunales se han mostrado mucho mas estrictos e impuesto penas mas elevadas, incluyendo prisi\u00f3n a los responsables.<\/p>\n<\/p>\n<\/p>\n<p>Fue precisamente por gestiones de ARAPF que cuando se estaba discutiendo el actual C\u00f3digo de Salud, se introdujo en el mismo un art\u00edculo que criminaliza la comercializaci\u00f3n de medicamentos ilegales por los da\u00f1os que puede causar a la salud de los usuarios, incluido el riesgo de muerte.  Existe documentaci\u00f3n de varios de estos casos.  Las sanciones establecidas en el C\u00f3digo van desde elevadas multas a penas de prisi\u00f3n de hasta diez a\u00f1os.<\/p>\n<\/p>\n<\/p>\n<p>Vale se\u00f1alar que el problema representado por los medicamentos falsificados no es exclusivo de nuestro pa\u00eds.  De hecho se considera que el mismo representa un comercio cuyo volumen pudiera alcanzar los 200 mil millones de d\u00f3lares anuales, seg\u00fan datos aportados por el Instituto Internacional de Investigaci\u00f3n contra la Falsificaci\u00f3n de Medicamentos, que tiene su sede en Francia.  Este organismo estima que uno de cada diez medicamentos que se expenden en el mundo tiene un origen il\u00edcito.<\/p>\n<\/p>\n<\/p>\n<p>El \u00e9xito  alcanzado en la tenaz campa\u00f1a de ARAPF y PEDECSA  contra los medicamentos falsificados comporta adem\u00e1s una importante lecci\u00f3n, y es la de los resultados positivos que se derivan del trabajo conjunto cuando el sector privado y las autoridades se ponen en sinton\u00eda y armonizan sus esfuerzos.  Es un ejemplo que bien pudieran ensayar otros sectores de la econom\u00eda que resultan fuertemente afectados por grupos mafiosos, principalmente mediante el contrabando.<\/p>\n<h6> 2018-12-05 16:50:13 <\/h6>\n<p><!--\n<link rel=\"stylesheet\" href=\"css\/bootstrap.min.css\">\n\n\n<ul class=\"pagination\">\n\t    \n\t\n\n<li >\n\t<a href='?page_no=991'>Previous<\/a>\n\t<\/li>\n\n\n       \n    \n\n<li><a href='?page_no=1'>1<\/a><\/li>\n\n\n\n<li><a href='?page_no=2'>2<\/a><\/li>\n\n\n\n<li><a>...<\/a><\/li>\n\n\n\n<li><a href='?page_no=990'>990<\/a><\/li>\n\n\n\n<li><a href='?page_no=991'>991<\/a><\/li>\n\n\n\n<li class='active'><a>992<\/a><\/li>\n\n\n\n<li><a href='?page_no=993'>993<\/a><\/li>\n\n\n\n<li><a href='?page_no=994'>994<\/a><\/li>\n\n\n\n<li><a>...<\/a><\/li>\n\n\n\n<li><a href='?page_no=13611'>13611<\/a><\/li>\n\n\n\n<li><a href='?page_no=13612'>13612<\/a><\/li>\n\n    \n\t\n\n<li >\n\t<a href='?page_no=993'>Next<\/a>\n\t<\/li>\n\n\n    \n\n<li><a href='?page_no=13612'>Last &rsaquo;&rsaquo;<\/a><\/li>\n\n<\/ul>\n\n\n--><br \/>\n<\/body><\/p>\n","protected":false},"excerpt":{"rendered":"<p>EL TIRO RAPIDO A comienzos del a\u00f1o 2003, ante el alarmante auge a que hab\u00eda llegado la comercializaci\u00f3n de medicamentos ilegales, falsificados, re-etiquetados y contrabandeados, la Asociaci\u00f3n de Representantes, Agentes y Productores Farmac\u00e9uticos, en coordinaci\u00f3n con las autoridades, llev\u00f3 a la pr\u00e1ctica un programa de persecuci\u00f3n de los mismos. Para entonces los medicamentos ilegales representaban [&hellip;]<\/p>\n","protected":false},"author":3,"featured_media":0,"comment_status":"open","ping_status":"open","sticky":false,"template":"","format":"standard","meta":{"footnotes":""},"categories":[16],"tags":[],"class_list":["post-47403","post","type-post","status-publish","format-standard","hentry","category-opiniones"],"_links":{"self":[{"href":"https:\/\/diariodominicano.com\/index.php?rest_route=\/wp\/v2\/posts\/47403","targetHints":{"allow":["GET"]}}],"collection":[{"href":"https:\/\/diariodominicano.com\/index.php?rest_route=\/wp\/v2\/posts"}],"about":[{"href":"https:\/\/diariodominicano.com\/index.php?rest_route=\/wp\/v2\/types\/post"}],"author":[{"embeddable":true,"href":"https:\/\/diariodominicano.com\/index.php?rest_route=\/wp\/v2\/users\/3"}],"replies":[{"embeddable":true,"href":"https:\/\/diariodominicano.com\/index.php?rest_route=%2Fwp%2Fv2%2Fcomments&post=47403"}],"version-history":[{"count":0,"href":"https:\/\/diariodominicano.com\/index.php?rest_route=\/wp\/v2\/posts\/47403\/revisions"}],"wp:attachment":[{"href":"https:\/\/diariodominicano.com\/index.php?rest_route=%2Fwp%2Fv2%2Fmedia&parent=47403"}],"wp:term":[{"taxonomy":"category","embeddable":true,"href":"https:\/\/diariodominicano.com\/index.php?rest_route=%2Fwp%2Fv2%2Fcategories&post=47403"},{"taxonomy":"post_tag","embeddable":true,"href":"https:\/\/diariodominicano.com\/index.php?rest_route=%2Fwp%2Fv2%2Ftags&post=47403"}],"curies":[{"name":"wp","href":"https:\/\/api.w.org\/{rel}","templated":true}]}}