{"id":473974,"date":"2023-09-22T00:28:51","date_gmt":"2023-09-22T04:28:51","guid":{"rendered":"http:\/\/diariodominicano.com\/?p=473974"},"modified":"2023-09-22T00:30:28","modified_gmt":"2023-09-22T04:30:28","slug":"realizaran-convivio-deportivo-46o-aniversario-de-udesa-el-sabado-en-la-barranquita","status":"publish","type":"post","link":"https:\/\/diariodominicano.com\/?p=473974","title":{"rendered":"Realizar\u00e1n convivio deportivo 46\u00ba aniversario de UDESA el s\u00e1bado en La Barranquita"},"content":{"rendered":"\n<p> <strong>Ana Elsa Santos<\/strong> <\/p>\n\n\n\n<p><strong>SANTIAGO DE LOS CABALLEROS, Santiago, RD, 21 de septiembre de 2023 .- T<\/strong>eniendo como escenario &nbsp;el remozado estadio ol\u00edmpico del complejo deportivo de La Barranquita ser\u00e1 realizado el convivio deportivo 46\u00ba Aniversario de la Uni\u00f3n Deportiva de Santiago, Inc. (UDESA), el pr\u00f3ximo s\u00e1bado de 2:00pm a 6:00pm.<\/p>\n\n\n\n<p><strong>A<\/strong>s\u00ed lo dio a conocer la presidente de UDESA, licenciada Ana Elsa Santos, quien dijo que se realizar\u00e1n diferentes actividades programadas por las organizaciones afiliadas a la entidad.<\/p>\n\n\n\n<figure class=\"wp-block-image size-large\"><img loading=\"lazy\" decoding=\"async\" width=\"1024\" height=\"737\" src=\"https:\/\/diariodominicano.com\/wp-content\/uploads\/2023\/09\/Invitacion--1024x737.jpeg\" alt=\"\" class=\"wp-image-473977\" srcset=\"https:\/\/diariodominicano.com\/wp-content\/uploads\/2023\/09\/Invitacion--1024x737.jpeg 1024w, https:\/\/diariodominicano.com\/wp-content\/uploads\/2023\/09\/Invitacion--300x216.jpeg 300w, https:\/\/diariodominicano.com\/wp-content\/uploads\/2023\/09\/Invitacion--768x553.jpeg 768w, https:\/\/diariodominicano.com\/wp-content\/uploads\/2023\/09\/Invitacion--816x588.jpeg 816w, https:\/\/diariodominicano.com\/wp-content\/uploads\/2023\/09\/Invitacion-.jpeg 1172w\" sizes=\"auto, (max-width: 1024px) 100vw, 1024px\" \/><figcaption>La invitaci\u00f3n.<\/figcaption><\/figure>\n\n\n\n<p><strong>A<\/strong>delant\u00f3 que, exactamente a las 2:00pm se realizar\u00e1 una ceremonia de inicio de las actividades e inmediatamente las competencias en diferentes escenarios de ese complejo deportivo, a las 6:00pm ser\u00e1n galardonados los mejores del evento.<\/p>\n\n\n\n<p>Oscar Polanco<a target=\"_blank\" href=\"mailto:oscarpolanco.santiagord@gmail.com\" rel=\"noreferrer noopener\">oscarpolanco.santiagord@gmail.com<\/a><\/p>\n","protected":false},"excerpt":{"rendered":"<p>Ana Elsa Santos SANTIAGO DE LOS CABALLEROS, Santiago, RD, 21 de septiembre de 2023 .- Teniendo como escenario &nbsp;el remozado estadio ol\u00edmpico del complejo deportivo de La Barranquita ser\u00e1 realizado el convivio deportivo 46\u00ba Aniversario de la Uni\u00f3n Deportiva de Santiago, Inc. (UDESA), el pr\u00f3ximo s\u00e1bado de 2:00pm a 6:00pm. As\u00ed lo dio a conocer [&hellip;]<\/p>\n","protected":false},"author":28,"featured_media":473975,"comment_status":"closed","ping_status":"","sticky":true,"template":"","format":"standard","meta":{"footnotes":""},"categories":[17,20,26,27],"tags":[],"class_list":["post-473974","post","type-post","status-publish","format-standard","has-post-thumbnail","hentry","category-deportes","category-dominicana-hoy","category-efemerides","category-portada"],"_links":{"self":[{"href":"https:\/\/diariodominicano.com\/index.php?rest_route=\/wp\/v2\/posts\/473974","targetHints":{"allow":["GET"]}}],"collection":[{"href":"https:\/\/diariodominicano.com\/index.php?rest_route=\/wp\/v2\/posts"}],"about":[{"href":"https:\/\/diariodominicano.com\/index.php?rest_route=\/wp\/v2\/types\/post"}],"author":[{"embeddable":true,"href":"https:\/\/diariodominicano.com\/index.php?rest_route=\/wp\/v2\/users\/28"}],"replies":[{"embeddable":true,"href":"https:\/\/diariodominicano.com\/index.php?rest_route=%2Fwp%2Fv2%2Fcomments&post=473974"}],"version-history":[{"count":3,"href":"https:\/\/diariodominicano.com\/index.php?rest_route=\/wp\/v2\/posts\/473974\/revisions"}],"predecessor-version":[{"id":473979,"href":"https:\/\/diariodominicano.com\/index.php?rest_route=\/wp\/v2\/posts\/473974\/revisions\/473979"}],"wp:featuredmedia":[{"embeddable":true,"href":"https:\/\/diariodominicano.com\/index.php?rest_route=\/wp\/v2\/media\/473975"}],"wp:attachment":[{"href":"https:\/\/diariodominicano.com\/index.php?rest_route=%2Fwp%2Fv2%2Fmedia&parent=473974"}],"wp:term":[{"taxonomy":"category","embeddable":true,"href":"https:\/\/diariodominicano.com\/index.php?rest_route=%2Fwp%2Fv2%2Fcategories&post=473974"},{"taxonomy":"post_tag","embeddable":true,"href":"https:\/\/diariodominicano.com\/index.php?rest_route=%2Fwp%2Fv2%2Ftags&post=473974"}],"curies":[{"name":"wp","href":"https:\/\/api.w.org\/{rel}","templated":true}]}}