{"id":47381,"date":"2018-12-06T22:28:58","date_gmt":"2018-12-06T22:28:58","guid":{"rendered":"http:\/\/diariodominicano.ddns.net\/?p=47381"},"modified":"2018-12-06T22:28:58","modified_gmt":"2018-12-06T22:28:58","slug":"a-pleno-solel-pacto-de-la-derrota","status":"publish","type":"post","link":"https:\/\/diariodominicano.com\/?p=47381","title":{"rendered":"&#13;&#13;A Pleno Sol&#13;&#13;El Pacto de la derrota"},"content":{"rendered":"<p><body><\/p>\n<\/p>\n<p><strong>Por Manuel Hern\u00e1ndez Villeta<\/strong><\/p>\n<\/p>\n<\/p>\n<p>Fue una derrota pol\u00edtica para el presidente Danilo Medina la no firma del Pacto Mundial Sobre Migraci\u00f3n.  Ni siquiera cont\u00f3 con el auxilio del movimiento publicitario para presentar como un triunfo el morder el polvo. La protesta popular tom\u00f3 de sorpresa a los analistas gubernamentales.<\/p>\n<\/p>\n<p>Desde  hac\u00eda meses el gobierno se aprestaba a firmar  el Pacto sometido por la Organizaci\u00f3n de las Naciones Unidas. Conociendo lo pol\u00e9mico del tema, lo l\u00f3gico era que se preparara la retaguardia y el ej\u00e9rcito  medi\u00e1tico para proceder a dar la pelea.<\/p>\n<\/p>\n<p>Hasta \u00faltimo momento desde el gobierno se pens\u00f3 que se podr\u00eda firmar ese pacto, pero en las calles creci\u00f3 la posici\u00f3n de rechazo. Ir en contra de la opini\u00f3n p\u00fablica era ya un contrasentido. No firmar, permit\u00eda hacer ver que desde el gobierno se escuchaba el clamor popular.<\/p>\n<\/p>\n<p>Pero los propagandistas oficialistas lucieron torpes e inoportunos y no supieron contrarrestar el flujo de rechazo. Fue una clara derrota pol\u00edtica, en momentos en que se est\u00e1 en el camino de la reelecci\u00f3n.<\/p>\n<\/p>\n<p>Es necesario que desde el oficialismo se d\u00e9 un golpe de opini\u00f3n p\u00fablica, debido a que ha tenido en el tapete dos temas muy delicados que casi le han acorralado. Aparte del pacto, el otro es el de un narcotraficante y se\u00f1alado como asesino que purg\u00f3 condena en los Estados Unidos, y luego de su excarcelaci\u00f3n se le dio refugio en el pa\u00eds.<\/p>\n<\/p>\n<p>Hay que ser claro, nadie tiene fuerzas en el pa\u00eds par parar la migraci\u00f3n ilegal. El pacto puede ser rechazado por los nacionalistas y los opositores, pero la firma del mismo tampoco hubiera significado mucho.<\/p>\n<\/p>\n<p>Ya la frontera es tierra de nadie, donde a pesar de la f\u00e9rrea vigilancia militar, siguen llegando indocumentados. Las parturientas haitianas vienen por decenas a las maternidades dominicanas, y nadie  pone fin a esa situaci\u00f3n.<\/p>\n<\/p>\n<p>Ni siquiera se est\u00e1n tomando las medidas que recomienda la Constituci\u00f3n, las leyes y los reglamentos  para impedir la llegada de nuevos indocumentados, y lo que es m\u00e1s terrible, que se aplique que son dominicanos a los nacidos en la Rep\u00fablica Dominicana de padres ilegales.<\/p>\n<\/p>\n<p>M\u00e1s que Pacto, lo peligroso para los dominicanos es que haya miles de haitianos que son la columna de la agroindustria y la industria de la construcci\u00f3n.  Tambi\u00e9n tienen una posici\u00f3n cada d\u00eda mayor en la zona tur\u00edstica y las zonas francas. Hay muchos  empresarios que solo quieren mano de obra barata, y se les importa el destino nacional. \u00a1Ay!, se me acab\u00f3 la tinta.<\/p>\n<h6> 2018-12-06 22:28:58 <\/h6>\n<p><!--\n<link rel=\"stylesheet\" href=\"css\/bootstrap.min.css\">\n\n\n<ul class=\"pagination\">\n\t    \n\t\n\n<li >\n\t<a href='?page_no=989'>Previous<\/a>\n\t<\/li>\n\n\n       \n    \n\n<li><a href='?page_no=1'>1<\/a><\/li>\n\n\n\n<li><a href='?page_no=2'>2<\/a><\/li>\n\n\n\n<li><a>...<\/a><\/li>\n\n\n\n<li><a href='?page_no=988'>988<\/a><\/li>\n\n\n\n<li><a href='?page_no=989'>989<\/a><\/li>\n\n\n\n<li class='active'><a>990<\/a><\/li>\n\n\n\n<li><a href='?page_no=991'>991<\/a><\/li>\n\n\n\n<li><a href='?page_no=992'>992<\/a><\/li>\n\n\n\n<li><a>...<\/a><\/li>\n\n\n\n<li><a href='?page_no=13611'>13611<\/a><\/li>\n\n\n\n<li><a href='?page_no=13612'>13612<\/a><\/li>\n\n    \n\t\n\n<li >\n\t<a href='?page_no=991'>Next<\/a>\n\t<\/li>\n\n\n    \n\n<li><a href='?page_no=13612'>Last &rsaquo;&rsaquo;<\/a><\/li>\n\n<\/ul>\n\n\n--><br \/>\n<\/body><\/p>\n","protected":false},"excerpt":{"rendered":"<p>Por Manuel Hern\u00e1ndez Villeta Fue una derrota pol\u00edtica para el presidente Danilo Medina la no firma del Pacto Mundial Sobre Migraci\u00f3n. Ni siquiera cont\u00f3 con el auxilio del movimiento publicitario para presentar como un triunfo el morder el polvo. La protesta popular tom\u00f3 de sorpresa a los analistas gubernamentales. Desde hac\u00eda meses el gobierno se [&hellip;]<\/p>\n","protected":false},"author":3,"featured_media":0,"comment_status":"open","ping_status":"open","sticky":false,"template":"","format":"standard","meta":{"footnotes":""},"categories":[16],"tags":[],"class_list":["post-47381","post","type-post","status-publish","format-standard","hentry","category-opiniones"],"_links":{"self":[{"href":"https:\/\/diariodominicano.com\/index.php?rest_route=\/wp\/v2\/posts\/47381","targetHints":{"allow":["GET"]}}],"collection":[{"href":"https:\/\/diariodominicano.com\/index.php?rest_route=\/wp\/v2\/posts"}],"about":[{"href":"https:\/\/diariodominicano.com\/index.php?rest_route=\/wp\/v2\/types\/post"}],"author":[{"embeddable":true,"href":"https:\/\/diariodominicano.com\/index.php?rest_route=\/wp\/v2\/users\/3"}],"replies":[{"embeddable":true,"href":"https:\/\/diariodominicano.com\/index.php?rest_route=%2Fwp%2Fv2%2Fcomments&post=47381"}],"version-history":[{"count":0,"href":"https:\/\/diariodominicano.com\/index.php?rest_route=\/wp\/v2\/posts\/47381\/revisions"}],"wp:attachment":[{"href":"https:\/\/diariodominicano.com\/index.php?rest_route=%2Fwp%2Fv2%2Fmedia&parent=47381"}],"wp:term":[{"taxonomy":"category","embeddable":true,"href":"https:\/\/diariodominicano.com\/index.php?rest_route=%2Fwp%2Fv2%2Fcategories&post=47381"},{"taxonomy":"post_tag","embeddable":true,"href":"https:\/\/diariodominicano.com\/index.php?rest_route=%2Fwp%2Fv2%2Ftags&post=47381"}],"curies":[{"name":"wp","href":"https:\/\/api.w.org\/{rel}","templated":true}]}}