{"id":47380,"date":"2020-08-24T00:18:46","date_gmt":"2020-08-24T00:18:46","guid":{"rendered":"http:\/\/diariodominicano.ddns.net\/?p=47380"},"modified":"2020-08-24T00:18:46","modified_gmt":"2020-08-24T00:18:46","slug":"construyamos-los-espacios-en-un-camino-despejado","status":"publish","type":"post","link":"https:\/\/diariodominicano.com\/?p=47380","title":{"rendered":"\u00a1Construyamos los espacios en un camino despejado!"},"content":{"rendered":"<p><body><\/p>\n<p><strong>Diariodominicano.com<\/strong><\/p>\n<p><strong>\u00a1Construyamos los espacios en un camino despejado!<\/strong><\/p>\n<p><strong>Franklin Almeyda Rancier  | 24 agosto, 2020<\/strong><\/p>\n<\/p>\n<p>El s\u00e1bado el Lic. Jos\u00e9 Paliza, presidente del PRM, cerraba una innecesaria discusi\u00f3n sobre la segunda mayor\u00eda en el Senado, diciendo en un Twitter: \u00abEl debate es muy sencillo, somos (el PRM) la primera mayor\u00eda\u00bb.<\/p>\n<p>El \u00abdebate\u00bb surge porque una legisladora, de su propio partido, dijo que a ellos les correspond\u00eda la posici\u00f3n de segunda mayor\u00eda para ser miembro del Consejo de la Magistratura, ya que el presidente del Senado no es de su partido.<\/p>\n<\/p>\n<p>Tiene raz\u00f3n Paliza, el PRM es primera mayor\u00eda y, demostrando apertura, propone a un aliado de Presidente del Senado y, en esa condici\u00f3n, miembro del Consejo Nacional de la Magistratura. Asimismo, la segunda mayor\u00eda tendr\u00e1 el segundo representante en ese Consejo Nacional de la Magistratura y para los que no reprobaron en matem\u00e1ticas en las pruebas PISA, ocho es m\u00e1s que cuatro, como bien hubo de decir el Dr. Roberto Rosario.<\/p>\n<\/p>\n<p>Los caminos pol\u00edticos se van despejando y salen los que no pueden seguir al frente del liderazgo nacional, porque ni contar con n\u00fameros pueden. Tendr\u00e1 que ense\u00f1\u00e1rseles con los dedos de las manos o con un \u00e1baco para ni\u00f1os aprender a efectuar sumas, restas y multiplicaciones.<\/p>\n<\/p>\n<p>Todo ha cambiado y no se debe a la pandemia del Covid-19; ese virus s\u00f3lo ha precipitado el proceso. Por ser el distanciamiento social y f\u00edsico su \u00fanica prevenci\u00f3n, la humanidad, y los dominicanos dentro de ella, ha tenido que recurrir a los medios digitales ofrecidos desde hace m\u00e1s de dos d\u00e9cadas por la revoluci\u00f3n del conocimiento, la tecnolog\u00eda y la inteligencia artificial.<\/p>\n<\/p>\n<p>Nada ha sido m\u00e1s oportuno para el r\u00e9gimen de partidos pol\u00edticos que esta pandemia, para obligarlos a hacer las cosas diferentes a c\u00f3mo las hac\u00edan. Las grandes transformaciones se producen cuando hay que recurrir, de manera impuesta por las circunstancias, a la creatividad, inventiva e inteligencia.<\/p>\n<\/p>\n<p>Justamente, en medio de esta pandemia, adem\u00e1s de la revoluci\u00f3n digital y de la crisis partidaria, surge la organizaci\u00f3n partidaria la Fuerza del Pueblo y se convierte en uno de los tres partidos mayoritarios; es segunda mayor\u00eda en el Senado y tercera mayor\u00eda en la C\u00e1mara de Diputados.<\/p>\n<\/p>\n<p>Adem\u00e1s, se ve emerger como fuerza organizada desde la oposici\u00f3n a competir por el poder en el curso del cuatrienio que acaba apenas de iniciar. El PLD se ve incierto, a la deriva y sin l\u00edderes; el PRM, como organizaci\u00f3n que pasa de la oposici\u00f3n al oficialismo, lo hace manejando una triple crisis; la sanitaria, que ha creado la econ\u00f3mica y \u00e9sta que, a su vez, produce la crisis social.<\/p>\n<\/p>\n<p>Un partido gobernando en medio de tres crisis, pierde f\u00e1cil su propio balance; hasta su norte ideol\u00f3gico y de ser progresista, por s\u00f3lo pretender recuperar la econom\u00eda y la salud del pueblo, termine favoreciendo \u00aba los que tienen algo que perder\u00bb, para citar a Balaguer.<\/p>\n<\/p>\n<p>En cambio, la Fuerza del Pueblo contribuir\u00e1 con \u00abuna oposici\u00f3n responsable y cr\u00edtica\u00bb, aportando sus esfuerzos para que se superen las crisis. Y, al mismo tiempo, definiendo conceptualmente su propia fuerza celebrando un \u00abPrimer Congreso del Pueblo Profesor Juan Bosch\u00bb, para construir espacios en un camino despejado.<\/p>\n<\/p>\n<p>La Fuerza del Pueblo celebrar\u00e1 su Congreso del 6 de noviembre pr\u00f3ximo al 27 de febrero. Agotar\u00e1 17 temas y elegir\u00e1 sus l\u00edderes. Crear\u00e1 nuevo referente partidario.<\/p>\n<h6> 2020-08-24 00:18:46 <\/h6>\n<p><!--\n<link rel=\"stylesheet\" href=\"css\/bootstrap.min.css\">\n\n\n<ul class=\"pagination\">\n\t    \n\t\n\n<li >\n\t<a href='?page_no=98'>Previous<\/a>\n\t<\/li>\n\n\n       \n    \n\n<li><a href='?page_no=1'>1<\/a><\/li>\n\n\n\n<li><a href='?page_no=2'>2<\/a><\/li>\n\n\n\n<li><a>...<\/a><\/li>\n\n\n\n<li><a href='?page_no=97'>97<\/a><\/li>\n\n\n\n<li><a href='?page_no=98'>98<\/a><\/li>\n\n\n\n<li class='active'><a>99<\/a><\/li>\n\n\n\n<li><a href='?page_no=100'>100<\/a><\/li>\n\n\n\n<li><a href='?page_no=101'>101<\/a><\/li>\n\n\n\n<li><a>...<\/a><\/li>\n\n\n\n<li><a href='?page_no=13611'>13611<\/a><\/li>\n\n\n\n<li><a href='?page_no=13612'>13612<\/a><\/li>\n\n    \n\t\n\n<li >\n\t<a href='?page_no=100'>Next<\/a>\n\t<\/li>\n\n\n    \n\n<li><a href='?page_no=13612'>Last &rsaquo;&rsaquo;<\/a><\/li>\n\n<\/ul>\n\n\n--><br \/>\n<\/body><\/p>\n","protected":false},"excerpt":{"rendered":"<p>Diariodominicano.com \u00a1Construyamos los espacios en un camino despejado! Franklin Almeyda Rancier | 24 agosto, 2020 El s\u00e1bado el Lic. Jos\u00e9 Paliza, presidente del PRM, cerraba una innecesaria discusi\u00f3n sobre la segunda mayor\u00eda en el Senado, diciendo en un Twitter: \u00abEl debate es muy sencillo, somos (el PRM) la primera mayor\u00eda\u00bb. El \u00abdebate\u00bb surge porque una [&hellip;]<\/p>\n","protected":false},"author":3,"featured_media":0,"comment_status":"open","ping_status":"open","sticky":false,"template":"","format":"standard","meta":{"footnotes":""},"categories":[16],"tags":[],"class_list":["post-47380","post","type-post","status-publish","format-standard","hentry","category-opiniones"],"_links":{"self":[{"href":"https:\/\/diariodominicano.com\/index.php?rest_route=\/wp\/v2\/posts\/47380","targetHints":{"allow":["GET"]}}],"collection":[{"href":"https:\/\/diariodominicano.com\/index.php?rest_route=\/wp\/v2\/posts"}],"about":[{"href":"https:\/\/diariodominicano.com\/index.php?rest_route=\/wp\/v2\/types\/post"}],"author":[{"embeddable":true,"href":"https:\/\/diariodominicano.com\/index.php?rest_route=\/wp\/v2\/users\/3"}],"replies":[{"embeddable":true,"href":"https:\/\/diariodominicano.com\/index.php?rest_route=%2Fwp%2Fv2%2Fcomments&post=47380"}],"version-history":[{"count":0,"href":"https:\/\/diariodominicano.com\/index.php?rest_route=\/wp\/v2\/posts\/47380\/revisions"}],"wp:attachment":[{"href":"https:\/\/diariodominicano.com\/index.php?rest_route=%2Fwp%2Fv2%2Fmedia&parent=47380"}],"wp:term":[{"taxonomy":"category","embeddable":true,"href":"https:\/\/diariodominicano.com\/index.php?rest_route=%2Fwp%2Fv2%2Fcategories&post=47380"},{"taxonomy":"post_tag","embeddable":true,"href":"https:\/\/diariodominicano.com\/index.php?rest_route=%2Fwp%2Fv2%2Ftags&post=47380"}],"curies":[{"name":"wp","href":"https:\/\/api.w.org\/{rel}","templated":true}]}}