{"id":47369,"date":"2018-12-07T13:13:47","date_gmt":"2018-12-07T13:13:47","guid":{"rendered":"http:\/\/diariodominicano.ddns.net\/?p=47369"},"modified":"2018-12-07T13:13:47","modified_gmt":"2018-12-07T13:13:47","slug":"la-ley-de-incentivo-fronterizo","status":"publish","type":"post","link":"https:\/\/diariodominicano.com\/?p=47369","title":{"rendered":"LA LEY DE INCENTIVO FRONTERIZO"},"content":{"rendered":"<p><body><\/p>\n<p>EL TIRO RAPIDO<\/p>\n<\/p>\n<\/p>\n<p>En un reciente acto efectuado en la ciudad de Montecristi, donde se concentra la mayor cantidad de empresas creadas y que operan al amparo de los incentivos especiales otorgados por la ley 28-01, varios legisladores y entidades de las  provincias fronterizas solicitaron del Ministro de Industria, Comercio y Mipymes, Nelson Toca Sim\u00f3, convertirse en vocero de las mismas ante el Presidente Danilo Medina para que extienda la vigencia de la misma, ya pr\u00f3ximo a vencerse el plazo de veinte a\u00f1os que dio origen al r\u00e9gimen especial de que disfrutan.<\/p>\n<\/p>\n<\/p>\n<p>En torno a la ley y su posible extensi\u00f3n, el ingeniero Pedro Brache, presidente del CONEP, advierte que la ley no ha llegado todas la expectativas que gener\u00f3, ya que se han estado violando las normas que establece lo que ha dado lugar a una situaci\u00f3n de competencia desleal.<\/p>\n<\/p>\n<\/p>\n<p>Al respecto, el l\u00edder de la c\u00fapula empresarial, se\u00f1ala que hay empresas que sobrepasan el per\u00edmetro de seis kil\u00f3metros cuadrados tal como establece la legislaci\u00f3n. Otras, cuya producci\u00f3n se destina al mercado local en vez de a exportaci\u00f3n, originando una competencia desleal en base a los privilegios fiscales de que disfrutan frente a las dem\u00e1s existentes que, por el contrario, est\u00e1n obligadas a honrar todas las cargas tributarias existentes. <\/p>\n<\/p>\n<\/p>\n<p>No es la primera vez que se produce este tipo de queja.  Ya en varias ocasiones anteriores, las empresas que operan dentro del sistema normal, sin ning\u00fan tipo de incentivo ni exenci\u00f3n, han levantado su voz para externar la misma irregularidad.<\/p>\n<\/p>\n<\/p>\n<p>Obviamente esto no debe servir de obst\u00e1culo para que la ley deje de surtir efectos con el riesgo de que empresas ya establecidas puedan levantar vuelo buscando nuevos incentivos en otras latitudes.  Y que desistan otras que pudieran estar evaluando la posibilidades de establecerse en las provincias fronterizas.<\/p>\n<\/p>\n<\/p>\n<p>Ahora bien, si es preciso que tal como reclama Brache, haya un cumplimiento estricto de las normas fijadas en la ley y que las empresas que se desenvuelven a su amparo se ajusten a las mismas.  <\/p>\n<\/p>\n<\/p>\n<p>El prop\u00f3sito de la ley es estimular el establecimiento y arraigo de empresas en la frontera con la finalidad de crear puestos de trabajo y contribuir al desarrollo de la misma, pero no puede servir de subterfugio para competir dentro del mercado local en condiciones de privilegio.  Su producci\u00f3n exonerada de cargas fiscales debe ser destinada a la exportaci\u00f3n, y aquella porci\u00f3n de la misma que sea llevada al mercado nacional debe hacerlo ajust\u00e1ndose a los mismos requerimientos que deben cumplir las dem\u00e1s que no disfrutan de incentivos ni exenciones impositivas.  El control en este sentido debe ser aplicado con la m\u00e1xima rigurosidad.<\/p>\n<\/p>\n<\/p>\n<p>Estamos contestes de que es preciso contribuir al desarrollo de las provincias fronterizas creando fuentes de empleo, fomentando el colonato, desarrollando su potencial de riqueza y creando condiciones de vida propicias para sus moradores.  Pero tal no puede hacerse en detrimento de los dem\u00e1s ni en violaci\u00f3n a las justas y sanas normas de competencia leal.  En este caso vale aplicar la norma de que lo que es igual no es ventaja.<\/p>\n<\/p>\n<\/p>\n<p>Tan sencillo como eso.<\/p>\n<\/p>\n<h6> 2018-12-07 13:13:47 <\/h6>\n<p><!--\n<link rel=\"stylesheet\" href=\"css\/bootstrap.min.css\">\n\n\n<ul class=\"pagination\">\n\t    \n\t\n\n<li >\n\t<a href='?page_no=988'>Previous<\/a>\n\t<\/li>\n\n\n       \n    \n\n<li><a href='?page_no=1'>1<\/a><\/li>\n\n\n\n<li><a href='?page_no=2'>2<\/a><\/li>\n\n\n\n<li><a>...<\/a><\/li>\n\n\n\n<li><a href='?page_no=987'>987<\/a><\/li>\n\n\n\n<li><a href='?page_no=988'>988<\/a><\/li>\n\n\n\n<li class='active'><a>989<\/a><\/li>\n\n\n\n<li><a href='?page_no=990'>990<\/a><\/li>\n\n\n\n<li><a href='?page_no=991'>991<\/a><\/li>\n\n\n\n<li><a>...<\/a><\/li>\n\n\n\n<li><a href='?page_no=13611'>13611<\/a><\/li>\n\n\n\n<li><a href='?page_no=13612'>13612<\/a><\/li>\n\n    \n\t\n\n<li >\n\t<a href='?page_no=990'>Next<\/a>\n\t<\/li>\n\n\n    \n\n<li><a href='?page_no=13612'>Last &rsaquo;&rsaquo;<\/a><\/li>\n\n<\/ul>\n\n\n--><br \/>\n<\/body><\/p>\n","protected":false},"excerpt":{"rendered":"<p>EL TIRO RAPIDO En un reciente acto efectuado en la ciudad de Montecristi, donde se concentra la mayor cantidad de empresas creadas y que operan al amparo de los incentivos especiales otorgados por la ley 28-01, varios legisladores y entidades de las provincias fronterizas solicitaron del Ministro de Industria, Comercio y Mipymes, Nelson Toca Sim\u00f3, [&hellip;]<\/p>\n","protected":false},"author":3,"featured_media":0,"comment_status":"open","ping_status":"open","sticky":false,"template":"","format":"standard","meta":{"footnotes":""},"categories":[16],"tags":[],"class_list":["post-47369","post","type-post","status-publish","format-standard","hentry","category-opiniones"],"_links":{"self":[{"href":"https:\/\/diariodominicano.com\/index.php?rest_route=\/wp\/v2\/posts\/47369","targetHints":{"allow":["GET"]}}],"collection":[{"href":"https:\/\/diariodominicano.com\/index.php?rest_route=\/wp\/v2\/posts"}],"about":[{"href":"https:\/\/diariodominicano.com\/index.php?rest_route=\/wp\/v2\/types\/post"}],"author":[{"embeddable":true,"href":"https:\/\/diariodominicano.com\/index.php?rest_route=\/wp\/v2\/users\/3"}],"replies":[{"embeddable":true,"href":"https:\/\/diariodominicano.com\/index.php?rest_route=%2Fwp%2Fv2%2Fcomments&post=47369"}],"version-history":[{"count":0,"href":"https:\/\/diariodominicano.com\/index.php?rest_route=\/wp\/v2\/posts\/47369\/revisions"}],"wp:attachment":[{"href":"https:\/\/diariodominicano.com\/index.php?rest_route=%2Fwp%2Fv2%2Fmedia&parent=47369"}],"wp:term":[{"taxonomy":"category","embeddable":true,"href":"https:\/\/diariodominicano.com\/index.php?rest_route=%2Fwp%2Fv2%2Fcategories&post=47369"},{"taxonomy":"post_tag","embeddable":true,"href":"https:\/\/diariodominicano.com\/index.php?rest_route=%2Fwp%2Fv2%2Ftags&post=47369"}],"curies":[{"name":"wp","href":"https:\/\/api.w.org\/{rel}","templated":true}]}}