{"id":473654,"date":"2023-09-20T22:17:21","date_gmt":"2023-09-21T02:17:21","guid":{"rendered":"http:\/\/diariodominicano.com\/?p=473654"},"modified":"2023-09-20T22:26:52","modified_gmt":"2023-09-21T02:26:52","slug":"bi-campeon-de-la-vuelta-independencia-nacional-hara-clasico-augusto-sanchez-en-el-mirador-sur","status":"publish","type":"post","link":"https:\/\/diariodominicano.com\/?p=473654","title":{"rendered":"Bi-campe\u00f3n de la Vuelta Independencia Nacional har\u00e1 Cl\u00e1sico Augusto S\u00e1nchez en el Mirador Sur"},"content":{"rendered":"\n<p>El barahonero Augusto S\u00e1nchez Beriguete muestra las medallas obtenidas para la Armada Dominicana en unos Juegos Deportivos Militares. Foto Fuente Externa <\/p>\n\n\n\n<figure class=\"wp-block-image size-full\"><img loading=\"lazy\" decoding=\"async\" width=\"622\" height=\"621\" src=\"https:\/\/diariodominicano.com\/wp-content\/uploads\/2023\/09\/Augusto-Sanchez-Beriguete-con-su-madre-dona-Adelaida-Beriguete.jpg\" alt=\"\" class=\"wp-image-473658\" srcset=\"https:\/\/diariodominicano.com\/wp-content\/uploads\/2023\/09\/Augusto-Sanchez-Beriguete-con-su-madre-dona-Adelaida-Beriguete.jpg 622w, https:\/\/diariodominicano.com\/wp-content\/uploads\/2023\/09\/Augusto-Sanchez-Beriguete-con-su-madre-dona-Adelaida-Beriguete-300x300.jpg 300w, https:\/\/diariodominicano.com\/wp-content\/uploads\/2023\/09\/Augusto-Sanchez-Beriguete-con-su-madre-dona-Adelaida-Beriguete-150x150.jpg 150w, https:\/\/diariodominicano.com\/wp-content\/uploads\/2023\/09\/Augusto-Sanchez-Beriguete-con-su-madre-dona-Adelaida-Beriguete-88x88.jpg 88w\" sizes=\"auto, (max-width: 622px) 100vw, 622px\" \/><figcaption> Augusto S\u00e1nchez Beriguete con su madre do\u00f1a Adelaida Beriguete <\/figcaption><\/figure>\n\n\n\n<p>SANTO DOMINGO, Distrito Nacional.- El dos veces campe\u00f3n de la Vuelta Ciclista Independencia Nacional, Augusto S\u00e1nchez Beriguete, anunci\u00f3 la realizaci\u00f3n de la segunda edici\u00f3n del cl\u00e1sico hom\u00f3nimo, certamen que se llevar\u00e1 a cabo este domingo (8:00 A.M.) en el Mirador Sur, donde se disputar\u00e1n jugosos y atractivos premios met\u00e1licos.<\/p>\n\n\n\n<p>As\u00ed lo inform\u00f3 el propio S\u00e1nchez Beriguete, a trav\u00e9s del periodista y dirigente Mart\u00edn Olivo, destacando que en esta ocasi\u00f3n los ganadores de cada categor\u00eda recibir\u00e1n cuantiosos premios y vistosos regalos en la \u201cAvenida de la Salud\u201d.<\/p>\n\n\n\n<p>\u201cEsperamos que en esta segunda edici\u00f3n la participaci\u00f3n sea masiva este domingo. Los cinco primeros lugares de cada categor\u00eda se llevar\u00e1n un significativo premio en efectivo\u201d, sostuvo el medallista centroamericano y del Caribe.<\/p>\n\n\n\n<figure class=\"wp-block-image size-large\"><img loading=\"lazy\" decoding=\"async\" width=\"1024\" height=\"683\" src=\"https:\/\/diariodominicano.com\/wp-content\/uploads\/2023\/09\/Augusto-Sanchez-Beriguete-derecha-Eladio-Nunez-Deschamps-centro-y-Martin-Olivo-izquierda-1024x683.jpg\" alt=\"\" class=\"wp-image-473660\" srcset=\"https:\/\/diariodominicano.com\/wp-content\/uploads\/2023\/09\/Augusto-Sanchez-Beriguete-derecha-Eladio-Nunez-Deschamps-centro-y-Martin-Olivo-izquierda-1024x683.jpg 1024w, https:\/\/diariodominicano.com\/wp-content\/uploads\/2023\/09\/Augusto-Sanchez-Beriguete-derecha-Eladio-Nunez-Deschamps-centro-y-Martin-Olivo-izquierda-300x200.jpg 300w, https:\/\/diariodominicano.com\/wp-content\/uploads\/2023\/09\/Augusto-Sanchez-Beriguete-derecha-Eladio-Nunez-Deschamps-centro-y-Martin-Olivo-izquierda-768x512.jpg 768w, https:\/\/diariodominicano.com\/wp-content\/uploads\/2023\/09\/Augusto-Sanchez-Beriguete-derecha-Eladio-Nunez-Deschamps-centro-y-Martin-Olivo-izquierda-1536x1024.jpg 1536w, https:\/\/diariodominicano.com\/wp-content\/uploads\/2023\/09\/Augusto-Sanchez-Beriguete-derecha-Eladio-Nunez-Deschamps-centro-y-Martin-Olivo-izquierda-816x544.jpg 816w, https:\/\/diariodominicano.com\/wp-content\/uploads\/2023\/09\/Augusto-Sanchez-Beriguete-derecha-Eladio-Nunez-Deschamps-centro-y-Martin-Olivo-izquierda.jpg 2048w\" sizes=\"auto, (max-width: 1024px) 100vw, 1024px\" \/><figcaption> <strong>Augusto S\u00e1nchez Beriguete, dos veces ganador de la Vuelta Independencia Nacional, junto al periodista Mart\u00edn Olivo y el entrenador Eladio N\u00fa\u00f1ez Deschamps. (Foto: Ive Valenzuela Hilario)<\/strong> <\/figcaption><\/figure>\n\n\n\n<p>El Bara, como es mejor conocido el oriundo de Barahona, inform\u00f3 que las categor\u00edas que accionar\u00e1n ser\u00e1n la \u00c9lite (mayores de 23 a\u00f1os), Sub-23, Juveniles (menores de 18), Pre-M\u00e1ster (\u00c9lites de segundo nivel), M\u00e1ster A (30-39 a\u00f1os), M\u00e1ster B (40-49), M\u00e1ster C (50 a\u00f1os en adelante) y Master R (Recreativos).<\/p>\n\n\n\n<figure class=\"wp-block-image size-large\"><img loading=\"lazy\" decoding=\"async\" width=\"819\" height=\"1024\" src=\"https:\/\/diariodominicano.com\/wp-content\/uploads\/2023\/09\/Augusto-Sanchez-Beriguete-en-el-podio-militar-819x1024.jpg\" alt=\"\" class=\"wp-image-473663\" srcset=\"https:\/\/diariodominicano.com\/wp-content\/uploads\/2023\/09\/Augusto-Sanchez-Beriguete-en-el-podio-militar-819x1024.jpg 819w, https:\/\/diariodominicano.com\/wp-content\/uploads\/2023\/09\/Augusto-Sanchez-Beriguete-en-el-podio-militar-240x300.jpg 240w, https:\/\/diariodominicano.com\/wp-content\/uploads\/2023\/09\/Augusto-Sanchez-Beriguete-en-el-podio-militar-768x960.jpg 768w, https:\/\/diariodominicano.com\/wp-content\/uploads\/2023\/09\/Augusto-Sanchez-Beriguete-en-el-podio-militar-1229x1536.jpg 1229w, https:\/\/diariodominicano.com\/wp-content\/uploads\/2023\/09\/Augusto-Sanchez-Beriguete-en-el-podio-militar-816x1020.jpg 816w, https:\/\/diariodominicano.com\/wp-content\/uploads\/2023\/09\/Augusto-Sanchez-Beriguete-en-el-podio-militar.jpg 1280w\" sizes=\"auto, (max-width: 819px) 100vw, 819px\" \/><figcaption> <strong>El barahonero Augusto S\u00e1nchez Beriguete realizar\u00e1 la segunda edici\u00f3n de su cl\u00e1sico de ciclismo hom\u00f3nimo. En la foto, en el podio de una de las versiones de pista de los Juegos Deportivos Militares. (Foto: Fuente Externa)<\/strong> <\/figcaption><\/figure>\n\n\n\n<p>Agradeci\u00f3 a los colaboradores Celgra, Multiservicios Tejeda, F&amp;F Construcciones, Comedores Econ\u00f3micos, Aro &amp; Pedal, Drink2Go, Bike 4 You, La Bicicleter\u00eda, Alberto Auto Parts, Alan Soluciones, Ochoa Nutrition y Montecci.<br>Tambi\u00e9n auspician Constructora LDV, CV Enlace, Anchor Group, T-Pack, FabrimetalRD, The Bara Bike, Caser\u00edo, Event Pro, ATC, Yoka Te Hace Bien, JD Carrej, Freites Rosario, Bid Racer Speedwear, Onda Derecho de Autor y W Rafelo. (Molivo Press).<\/p>\n\n\n\n<p>Ramonmart\u00edn Olivo<a rel=\"noreferrer noopener\" target=\"_blank\" href=\"mailto:ramonmartinolivo@yahoo.es\">ramonmartinolivo@yahoo.es<\/a><\/p>\n\n\n\n<p><br><\/p>\n","protected":false},"excerpt":{"rendered":"<p>El barahonero Augusto S\u00e1nchez Beriguete muestra las medallas obtenidas para la Armada Dominicana en unos Juegos Deportivos Militares. Foto Fuente Externa SANTO DOMINGO, Distrito Nacional.- El dos veces campe\u00f3n de la Vuelta Ciclista Independencia Nacional, Augusto S\u00e1nchez Beriguete, anunci\u00f3 la realizaci\u00f3n de la segunda edici\u00f3n del cl\u00e1sico hom\u00f3nimo, certamen que se llevar\u00e1 a cabo este [&hellip;]<\/p>\n","protected":false},"author":28,"featured_media":473655,"comment_status":"closed","ping_status":"","sticky":true,"template":"","format":"standard","meta":{"footnotes":""},"categories":[17,27,32],"tags":[],"class_list":["post-473654","post","type-post","status-publish","format-standard","has-post-thumbnail","hentry","category-deportes","category-portada","category-turismo"],"_links":{"self":[{"href":"https:\/\/diariodominicano.com\/index.php?rest_route=\/wp\/v2\/posts\/473654","targetHints":{"allow":["GET"]}}],"collection":[{"href":"https:\/\/diariodominicano.com\/index.php?rest_route=\/wp\/v2\/posts"}],"about":[{"href":"https:\/\/diariodominicano.com\/index.php?rest_route=\/wp\/v2\/types\/post"}],"author":[{"embeddable":true,"href":"https:\/\/diariodominicano.com\/index.php?rest_route=\/wp\/v2\/users\/28"}],"replies":[{"embeddable":true,"href":"https:\/\/diariodominicano.com\/index.php?rest_route=%2Fwp%2Fv2%2Fcomments&post=473654"}],"version-history":[{"count":6,"href":"https:\/\/diariodominicano.com\/index.php?rest_route=\/wp\/v2\/posts\/473654\/revisions"}],"predecessor-version":[{"id":473664,"href":"https:\/\/diariodominicano.com\/index.php?rest_route=\/wp\/v2\/posts\/473654\/revisions\/473664"}],"wp:featuredmedia":[{"embeddable":true,"href":"https:\/\/diariodominicano.com\/index.php?rest_route=\/wp\/v2\/media\/473655"}],"wp:attachment":[{"href":"https:\/\/diariodominicano.com\/index.php?rest_route=%2Fwp%2Fv2%2Fmedia&parent=473654"}],"wp:term":[{"taxonomy":"category","embeddable":true,"href":"https:\/\/diariodominicano.com\/index.php?rest_route=%2Fwp%2Fv2%2Fcategories&post=473654"},{"taxonomy":"post_tag","embeddable":true,"href":"https:\/\/diariodominicano.com\/index.php?rest_route=%2Fwp%2Fv2%2Ftags&post=473654"}],"curies":[{"name":"wp","href":"https:\/\/api.w.org\/{rel}","templated":true}]}}