{"id":47358,"date":"2018-12-09T19:47:40","date_gmt":"2018-12-09T19:47:40","guid":{"rendered":"http:\/\/diariodominicano.ddns.net\/?p=47358"},"modified":"2018-12-09T19:47:40","modified_gmt":"2018-12-09T19:47:40","slug":"abrazo-a-chirrin","status":"publish","type":"post","link":"https:\/\/diariodominicano.com\/?p=47358","title":{"rendered":"\u00a1ABRAZO A CHIRR\u00cdN!"},"content":{"rendered":"<p><body><\/p>\n<\/p>\n<p><strong>                                                                                                                       Por Narciso Isa Conde<\/strong><\/p>\n<\/p>\n<p>\u00a1Abrazo eterno!  A un amigo entra\u00f1able, camarada de toda la vida, ser humano de gran calibre y valor supremo. A Placido Alc\u00e1ntara, conocido cari\u00f1osamente en Ocoa, su pueblo natal, como Chirr\u00edn, el comunista indoblegable. Fallecido el pasado viernes 5 de diciembre, justo en el aniversario del desembarco del Granma y entrada al Oriente cubano de la expedici\u00f3n encabezada por Fidel, Che y Ra\u00fal, a quienes tanto admir\u00f3.<\/p>\n<\/p>\n<p>Su  apodo puede parecer chiquito y ciertamente era diminuto de estatura, pero su cuerpo alojaba un alma, una mente y un coraz\u00f3n inmensos.  <\/p>\n<\/p>\n<p>S\u00edmbolo durante d\u00e9cadas del Partido Comunista Dominicano-PCD y las ideas socialistas en San Jos\u00e9 de Ocoa, ahora dirigente de nuestro Movimiento Caama\u00f1ista-MC. Conocido por todos\/as como un luchador insobornable y valiente, comunista siempre, capaz de vencer todas las dificultades, tentaciones y peligros: carcelazos, golpizas, torturas, penurias econ\u00f3micas, acosos pol\u00edticos y ofertas de sobornos.<\/p>\n<\/p>\n<p>Trabajador ferretero y plomero (el plomero comunista le dec\u00edan) con alto sentido de honestidad y responsabilidad. Trabajador abnegado, familiar solidario, mun\u00edcipe bondadoso&#8230; apreciado en grande  en nuestro partido, las izquierdas, su familia, su comunidad y m\u00e1s all\u00e1. Jam\u00e1s traicion\u00f3 a su clase, nunca reneg\u00f3 de convicciones, nunca le falt\u00f3 a sus seres queridos.<\/p>\n<\/p>\n<p>Intr\u00e9pido combatiente. Internacionalista consecuente. Desafiante y cari\u00f1oso a la vez. Siempre en sinton\u00eda con la insumisi\u00f3n. Pesadilla de corruptos, explotadores, malvados y represores, sin jam\u00e1s asumir diferencias pol\u00edticas en t\u00e9rminos personales.<\/p>\n<\/p>\n<p>Figura emblem\u00e1tica del comunismo y luchador incansable junto a un pueblo de intensas tradiciones revolucionarias. Respetado en las filas del PCD, FR y MC, y en el conjunto de  las izquierdas y movimientos sociales combativos, por sus aportes, sencillez, humanismo, bravura,  capacidad autodidacta y alta subjetividad revolucionaria.<\/p>\n<\/p>\n<p>Propagandista y agitador perspicaz. Comunicador y orador de verbo encendido, lenguaje desnudo y juicios profundos, hizo historia en medios radiales y televisivos de su Provincia, luego de su impactante participaci\u00f3n durante a\u00f1os en el escuchado programa local \u00abHablan los Comunistas\u00bb, \u00f3rgano del PCD. Entusiasta colaborador y distribuidor de Tiro al Blanco.<\/p>\n<\/p>\n<p>Me impact\u00f3 su sepelio: un lindo, impresionante y diverso reconocimiento colectivo a sus valores, trayectoria y convicciones. Una expresi\u00f3n de  identidad familiar con sus ideales y de la alta estima que concit\u00f3 en la sociedad ocoe\u00f1a su modo de ser y su coherencia pol\u00edtica<\/p>\n<\/p>\n<p> Nuestro querido Chirr\u00edn se fue, pero a la vez se queda. Se queda en nuestra memoria, en nuestros corazones&#8230; Se queda su ejemplo para las nuevas generaciones! Es imposible de olvidar su ejemplo y su ser! (El Nacional 9-12-2018, Santo Domingo).<\/p>\n<\/p>\n<p>Zona de los archivos adjuntos<\/p>\n<h6> 2018-12-09 19:47:40 <\/h6>\n<p><!--\n<link rel=\"stylesheet\" href=\"css\/bootstrap.min.css\">\n\n\n<ul class=\"pagination\">\n\t    \n\t\n\n<li >\n\t<a href='?page_no=987'>Previous<\/a>\n\t<\/li>\n\n\n       \n    \n\n<li><a href='?page_no=1'>1<\/a><\/li>\n\n\n\n<li><a href='?page_no=2'>2<\/a><\/li>\n\n\n\n<li><a>...<\/a><\/li>\n\n\n\n<li><a href='?page_no=986'>986<\/a><\/li>\n\n\n\n<li><a href='?page_no=987'>987<\/a><\/li>\n\n\n\n<li class='active'><a>988<\/a><\/li>\n\n\n\n<li><a href='?page_no=989'>989<\/a><\/li>\n\n\n\n<li><a href='?page_no=990'>990<\/a><\/li>\n\n\n\n<li><a>...<\/a><\/li>\n\n\n\n<li><a href='?page_no=13611'>13611<\/a><\/li>\n\n\n\n<li><a href='?page_no=13612'>13612<\/a><\/li>\n\n    \n\t\n\n<li >\n\t<a href='?page_no=989'>Next<\/a>\n\t<\/li>\n\n\n    \n\n<li><a href='?page_no=13612'>Last &rsaquo;&rsaquo;<\/a><\/li>\n\n<\/ul>\n\n\n--><br \/>\n<\/body><\/p>\n","protected":false},"excerpt":{"rendered":"<p>Por Narciso Isa Conde \u00a1Abrazo eterno! A un amigo entra\u00f1able, camarada de toda la vida, ser humano de gran calibre y valor supremo. A Placido Alc\u00e1ntara, conocido cari\u00f1osamente en Ocoa, su pueblo natal, como Chirr\u00edn, el comunista indoblegable. Fallecido el pasado viernes 5 de diciembre, justo en el aniversario del desembarco del Granma y entrada [&hellip;]<\/p>\n","protected":false},"author":3,"featured_media":0,"comment_status":"open","ping_status":"open","sticky":false,"template":"","format":"standard","meta":{"footnotes":""},"categories":[16],"tags":[],"class_list":["post-47358","post","type-post","status-publish","format-standard","hentry","category-opiniones"],"_links":{"self":[{"href":"https:\/\/diariodominicano.com\/index.php?rest_route=\/wp\/v2\/posts\/47358","targetHints":{"allow":["GET"]}}],"collection":[{"href":"https:\/\/diariodominicano.com\/index.php?rest_route=\/wp\/v2\/posts"}],"about":[{"href":"https:\/\/diariodominicano.com\/index.php?rest_route=\/wp\/v2\/types\/post"}],"author":[{"embeddable":true,"href":"https:\/\/diariodominicano.com\/index.php?rest_route=\/wp\/v2\/users\/3"}],"replies":[{"embeddable":true,"href":"https:\/\/diariodominicano.com\/index.php?rest_route=%2Fwp%2Fv2%2Fcomments&post=47358"}],"version-history":[{"count":0,"href":"https:\/\/diariodominicano.com\/index.php?rest_route=\/wp\/v2\/posts\/47358\/revisions"}],"wp:attachment":[{"href":"https:\/\/diariodominicano.com\/index.php?rest_route=%2Fwp%2Fv2%2Fmedia&parent=47358"}],"wp:term":[{"taxonomy":"category","embeddable":true,"href":"https:\/\/diariodominicano.com\/index.php?rest_route=%2Fwp%2Fv2%2Fcategories&post=47358"},{"taxonomy":"post_tag","embeddable":true,"href":"https:\/\/diariodominicano.com\/index.php?rest_route=%2Fwp%2Fv2%2Ftags&post=47358"}],"curies":[{"name":"wp","href":"https:\/\/api.w.org\/{rel}","templated":true}]}}