{"id":47347,"date":"2018-12-09T19:49:40","date_gmt":"2018-12-09T19:49:40","guid":{"rendered":"http:\/\/diariodominicano.ddns.net\/?p=47347"},"modified":"2018-12-09T19:49:40","modified_gmt":"2018-12-09T19:49:40","slug":"algo-mas-que-palabras-bienvenidas-las-iniciativas-globales","status":"publish","type":"post","link":"https:\/\/diariodominicano.com\/?p=47347","title":{"rendered":"ALGO M\u00c1S QUE PALABRAS&#13;&#13; BIENVENIDAS LAS INICIATIVAS GLOBALES"},"content":{"rendered":"<p><body><\/p>\n<p>\u00abSomos hijos del tiempo, pero tambi\u00e9n de la acci\u00f3n conjunta. \u00a1Aprendamos a organizarnos!\u00bb. <\/p>\n<\/p>\n<p>========================<\/p>\n<p>V\u00edctor Corcoba Herrero\/ Escritor<\/p>\n<p>corcoba@telefonica.net<\/p>\n<p>=========================<\/p>\n<\/p>\n<p>\tA veces reclamo lo que no doy, pido paz y siembro hostilidad, requiero derechos y ninguna obligaci\u00f3n, apelo al compromiso y yo mismo me desentiendo de auxiliar al que me interpela en el camino. Es importante, por tanto, que cada cual tome libre su tiempo, pero que recapacite en la realidad y en aminorar este estado salvaje que a\u00fan tenemos en buena parte del planeta. El mundo tiene que cambiar de pol\u00edtica, quiz\u00e1s tambi\u00e9n de l\u00edderes,  pues el momento nos exige activar otras mentalidades m\u00e1s dispuestas a donarse, sin tantos intereses mundanos. De boquilla hablamos de pol\u00edticas inclusivas y fomentamos una cultura de exclusi\u00f3n como jam\u00e1s. Tambi\u00e9n de palabra, que no de obras, vociferamos por una migraci\u00f3n segura, ordenada y regular, y a la hora de cooperar, nos quedamos en la retaguardia. <\/p>\n<\/p>\n<p>Por eso, bienvenidas las iniciativas globales que innovan y crean alianzas entre diversidades. Esto es lo primordial, avanzar en acogernos y compartir. La gente no puede seguir movi\u00e9ndose de forma ca\u00f3tica y peligrosa, es menester salir del territorio irracional, para poder remover otros horizontes m\u00e1s arm\u00f3nicos para todos. De ah\u00ed, lo trascendente que es mejorar la colaboraci\u00f3n entre pa\u00edses, pues cada d\u00eda habr\u00e1 m\u00e1s gente en tr\u00e1nsito, deseosa de ser acogida y dispuesta a ofrecer lo mejor de s\u00ed. Pensemos que somos hijos del tiempo, pero tambi\u00e9n de la acci\u00f3n conjunta. \u00a1Aprendamos a organizarnos!<\/p>\n<\/p>\n<p>\tEl mundo ha cambiado y las iniciativas globales encaminadas a defender la equidad, la justicia y la dignidad humana, son las claves para no quedarse en el intento evolucionista. Hemos de despertar. Tomar vida, ya no solo por la de uno, tambi\u00e9n por la de los dem\u00e1s. Tampoco sirven ya las promesas. Hay que universalizarse con otro coraz\u00f3n, de mayor apertura y consideraci\u00f3n por nuestros an\u00e1logos. Con demasiada frecuencia, se olvidan o se dejan de lado los valores humanos y esto es un gran riesgo. La destrucci\u00f3n de la especie empieza por esa pasividad e indiferencia de luchar por los derechos del pr\u00f3jimo y por los nuestros tambi\u00e9n. No se puede terminar persiguiendo a los que defienden la verdad, y sus principios \u00e9ticos, mientras determinados gobiernos impulsan permanentemente el esp\u00edritu corrupto. Esta atm\u00f3sfera nos retrocede. Tampoco nos une, nos divide. A prop\u00f3sito, es para m\u00ed motivo de gran pesar constatar como algunas gentes son cada d\u00eda m\u00e1s discriminadas. Esto no es de recibo. Por desgracia, el conflicto global de los principios humanos es un triste escenario. Nos merecemos otra sinton\u00eda m\u00e1s real y arm\u00f3nica entre todas las sapiencias, con mayor respeto hacia toda vida, por min\u00fascula que nos parezca. Por consiguiente, hemos de instar a otros comportamientos m\u00e1s coherentes y caritativos, si en verdad queremos la uni\u00f3n y la unidad de todo el g\u00e9nero humano. <\/p>\n<\/p>\n<p>\tLas iniciativas globales no sirven con presentarlas al mundo \u00fanicamente, hay que llevarlas a buen t\u00e9rmino arm\u00f3nicamente. El tiempo de sermonear ha pasado. Ya sabemos que la Declaraci\u00f3n Universal de los Derechos Humanos nos fortalece a toda la tribu. Y que estos derechos humanos nos conciernen a todos, y cada d\u00eda hemos de cultivarlos. En consecuencia, hemos de estar en el momento del ejercicio, del trabajo de acercamiento y de disponibilidad al di\u00e1logo cooperante. Sin dilaci\u00f3n, adem\u00e1s, vayamos a ese mundo que gime y sufre. Nos espera con urgencia. Ellos nos precisan, pero tambi\u00e9n nosotros les necesitamos, para accionar al menos nuestra conciencia humana, y ver que las vicisitudes entre nosotros se superan colectivamente. L\u00e1stima que nos hayamos deshumanizado tanto, que nos dej\u00e1semos robar ese discernimiento de familia, algo innato que todos llevamos consigo, o no hubi\u00e9semos madurado en la verdadera esencia de lo que somos, parte de un todo, predestinado a ser luz en vez de tinieblas. <\/p>\n<\/p>\n<p>Indudablemente, que nadie se confunda, y se considere feliz atrapado en el dominio de ese orbe de cosas, puramente materialistas y dominadoras. Me niego a ser esclavo de lo que no necesito. Ni\u00e9guese, por favor. Digerir distinto es ya un adelanto, al menos es una huida de este desorden moral que sufrimos en la actualidad, que nos ahoga y nos acosa en sus propias penurias. Quit\u00e9monos, al fin, este endiosamiento de que lo sabemos todo, y pong\u00e1monos a servir humanidad en territorios de nadie, donde cada criatura, verdaderamente en concordia, ha de tener y ocupar su lugar. Escuch\u00e9monos. Ganaremos en fraternidad y veremos como la prevalencia de los trastornos mentales retrocede, y deja de causar esos efectos considerables en la salud de las personas, con graves secuelas a nivel socioecon\u00f3mico y en el \u00e1mbito de los derechos humanos en todos los pueblos. <\/p>\n<p>V\u00edctor Corcoba Herrero\/ Escritor<\/p>\n<p>corcoba@telefonica.net<\/p>\n<p>9 de diciembre de 2018.-<\/p>\n<h6> 2018-12-09 19:49:40 <\/h6>\n<p><!--\n<link rel=\"stylesheet\" href=\"css\/bootstrap.min.css\">\n\n\n<ul class=\"pagination\">\n\t    \n\t\n\n<li >\n\t<a href='?page_no=986'>Previous<\/a>\n\t<\/li>\n\n\n       \n    \n\n<li><a href='?page_no=1'>1<\/a><\/li>\n\n\n\n<li><a href='?page_no=2'>2<\/a><\/li>\n\n\n\n<li><a>...<\/a><\/li>\n\n\n\n<li><a href='?page_no=985'>985<\/a><\/li>\n\n\n\n<li><a href='?page_no=986'>986<\/a><\/li>\n\n\n\n<li class='active'><a>987<\/a><\/li>\n\n\n\n<li><a href='?page_no=988'>988<\/a><\/li>\n\n\n\n<li><a href='?page_no=989'>989<\/a><\/li>\n\n\n\n<li><a>...<\/a><\/li>\n\n\n\n<li><a href='?page_no=13611'>13611<\/a><\/li>\n\n\n\n<li><a href='?page_no=13612'>13612<\/a><\/li>\n\n    \n\t\n\n<li >\n\t<a href='?page_no=988'>Next<\/a>\n\t<\/li>\n\n\n    \n\n<li><a href='?page_no=13612'>Last &rsaquo;&rsaquo;<\/a><\/li>\n\n<\/ul>\n\n\n--><br \/>\n<\/body><\/p>\n","protected":false},"excerpt":{"rendered":"<p>\u00abSomos hijos del tiempo, pero tambi\u00e9n de la acci\u00f3n conjunta. \u00a1Aprendamos a organizarnos!\u00bb. ======================== V\u00edctor Corcoba Herrero\/ Escritor corcoba@telefonica.net ========================= A veces reclamo lo que no doy, pido paz y siembro hostilidad, requiero derechos y ninguna obligaci\u00f3n, apelo al compromiso y yo mismo me desentiendo de auxiliar al que me interpela en el camino. Es [&hellip;]<\/p>\n","protected":false},"author":3,"featured_media":0,"comment_status":"open","ping_status":"open","sticky":false,"template":"","format":"standard","meta":{"footnotes":""},"categories":[16],"tags":[],"class_list":["post-47347","post","type-post","status-publish","format-standard","hentry","category-opiniones"],"_links":{"self":[{"href":"https:\/\/diariodominicano.com\/index.php?rest_route=\/wp\/v2\/posts\/47347","targetHints":{"allow":["GET"]}}],"collection":[{"href":"https:\/\/diariodominicano.com\/index.php?rest_route=\/wp\/v2\/posts"}],"about":[{"href":"https:\/\/diariodominicano.com\/index.php?rest_route=\/wp\/v2\/types\/post"}],"author":[{"embeddable":true,"href":"https:\/\/diariodominicano.com\/index.php?rest_route=\/wp\/v2\/users\/3"}],"replies":[{"embeddable":true,"href":"https:\/\/diariodominicano.com\/index.php?rest_route=%2Fwp%2Fv2%2Fcomments&post=47347"}],"version-history":[{"count":0,"href":"https:\/\/diariodominicano.com\/index.php?rest_route=\/wp\/v2\/posts\/47347\/revisions"}],"wp:attachment":[{"href":"https:\/\/diariodominicano.com\/index.php?rest_route=%2Fwp%2Fv2%2Fmedia&parent=47347"}],"wp:term":[{"taxonomy":"category","embeddable":true,"href":"https:\/\/diariodominicano.com\/index.php?rest_route=%2Fwp%2Fv2%2Fcategories&post=47347"},{"taxonomy":"post_tag","embeddable":true,"href":"https:\/\/diariodominicano.com\/index.php?rest_route=%2Fwp%2Fv2%2Ftags&post=47347"}],"curies":[{"name":"wp","href":"https:\/\/api.w.org\/{rel}","templated":true}]}}