{"id":473405,"date":"2023-09-19T23:07:29","date_gmt":"2023-09-20T03:07:29","guid":{"rendered":"http:\/\/diariodominicano.com\/?p=473405"},"modified":"2023-09-19T23:18:18","modified_gmt":"2023-09-20T03:18:18","slug":"pavel-nunez-nominado-de-la-24-a-entrega-anual-del-latin-grammy-de-la-academia-latina-de-la-grabacion","status":"publish","type":"post","link":"https:\/\/diariodominicano.com\/?p=473405","title":{"rendered":"PAVEL N\u00da\u00d1EZ NOMINADO DE LA 24.A ENTREGA ANUAL DEL LATIN GRAMMY\u00ae DE LA ACADEMIA LATINA DE LA GRABACI\u00d3N\u00ae"},"content":{"rendered":"\n<p>EN LA CATEGOR\u00cdA \u00abMEJOR \u00c1LBUM DE MERENGUE Y\/O BACHATA\u00bb POR \u201cTR\u00d3PICO VOL. 2\u201d\u00a0<\/p>\n\n\n\n<figure class=\"wp-block-image size-large\"><img loading=\"lazy\" decoding=\"async\" width=\"1024\" height=\"1020\" src=\"https:\/\/diariodominicano.com\/wp-content\/uploads\/2023\/09\/Tropivo-Pavel-Nunez-19-1024x1020.jpg\" alt=\"\" class=\"wp-image-473408\" srcset=\"https:\/\/diariodominicano.com\/wp-content\/uploads\/2023\/09\/Tropivo-Pavel-Nunez-19-1024x1020.jpg 1024w, https:\/\/diariodominicano.com\/wp-content\/uploads\/2023\/09\/Tropivo-Pavel-Nunez-19-300x300.jpg 300w, https:\/\/diariodominicano.com\/wp-content\/uploads\/2023\/09\/Tropivo-Pavel-Nunez-19-150x150.jpg 150w, https:\/\/diariodominicano.com\/wp-content\/uploads\/2023\/09\/Tropivo-Pavel-Nunez-19-768x765.jpg 768w, https:\/\/diariodominicano.com\/wp-content\/uploads\/2023\/09\/Tropivo-Pavel-Nunez-19-88x88.jpg 88w, https:\/\/diariodominicano.com\/wp-content\/uploads\/2023\/09\/Tropivo-Pavel-Nunez-19-816x813.jpg 816w, https:\/\/diariodominicano.com\/wp-content\/uploads\/2023\/09\/Tropivo-Pavel-Nunez-19.jpg 1440w\" sizes=\"auto, (max-width: 1024px) 100vw, 1024px\" \/><\/figure>\n\n\n\n<figure class=\"wp-block-table\"><table><tbody><tr><td><\/td><\/tr><\/tbody><\/table><\/figure>\n\n\n\n<figure class=\"wp-block-table\"><table><tbody><tr><td><a href=\"https:\/\/vgmediapr.us14.list-manage.com\/track\/click?u=651628e0e85ba5fff0c354965&amp;id=0fe4da4e06&amp;e=b3e29ca339\" target=\"_blank\" rel=\"noreferrer noopener\"><\/a><\/td><\/tr><\/tbody><\/table><\/figure>\n\n\n\n<figure class=\"wp-block-table\"><table><tbody><tr><td><strong>LA INFORMACI\u00d3N DE LA NOMINACI\u00d3N DE ESTE CONTAGIOSO \u00c1LBUM DE MERENGUE HA CAUSADO GRAN REVUELO ENTRE LA INDUSTRIA MUSICAL Y ENTRE SUS MILLONES DE FANS EN DIVERSOS PA\u00cdSES PRESENTADO POR LA OREJA MEDIA GROUP<\/strong><\/td><\/tr><\/tbody><\/table><\/figure>\n\n\n\n<figure class=\"wp-block-table\"><table><tbody><tr><td><a href=\"https:\/\/vgmediapr.us14.list-manage.com\/track\/click?u=651628e0e85ba5fff0c354965&amp;id=daeb527e63&amp;e=b3e29ca339\" target=\"_blank\" rel=\"noreferrer noopener\"><\/a><\/td><\/tr><\/tbody><\/table><\/figure>\n\n\n\n<figure class=\"wp-block-table\"><table><tbody><tr><td><a href=\"https:\/\/vgmediapr.us14.list-manage.com\/track\/click?u=651628e0e85ba5fff0c354965&amp;id=4bbc2ef524&amp;e=b3e29ca339\" target=\"_blank\" rel=\"noreferrer noopener\"><\/a><\/td><\/tr><\/tbody><\/table><\/figure>\n\n\n\n<figure class=\"wp-block-table\"><table><tbody><tr><td><strong>Miami, FL. (19 de septiembre de 2023)\u00a0(VGMEDIAPR)&#8212;La Academia Latina de la Grabaci\u00f3n\u00ae ha anunciado a los nominados de la 24.a Entrega Anual del Latin GRAMMY\u00ae, la preeminente distinci\u00f3n internacional que celebra la excelencia en la m\u00fasica latina, y el \u00fanico galard\u00f3n que es otorgado por profesionales de la industria musical, anunci\u00f3 que el reconocido compositor y artista dominicano, Pavel N\u00fa\u00f1ez con su \u00e1lbum \u201cTr\u00f3pico, Vol. 2\u201d, de merengue y\/o bachata tropical, se encuentra entre los nominados en la categor\u00eda de \u201cMejor \u00c1lbum de Merengue y\/o Bachata\u201d, noticia que ha causado euforia no solo en la importante industria musical, sino tambi\u00e9n entre sus millones de seguidores a nivel mundial y a sus colegas quienes colaboraron en esta propuesta musical distribuido por La Oreja Media Group.<\/strong><br><br><strong>\u00a0Con esta nominaci\u00f3n, esta es la quinta oportunidad en que Pavel N\u00fa\u00f1ez encabeza una categor\u00eda entre los Latin GRAMMY\u00ae.\u00a0La nominaci\u00f3n para Pavel N\u00fa\u00f1ez no solo es un reconocimiento a su gran talento art\u00edstico, sino adem\u00e1s para la Rep\u00fablica Dominicana, que concentra grandes logros a trav\u00e9s de figuras prominentes en esta pujante industria, consolid\u00e1ndose cada d\u00eda m\u00e1s, ahora con esta otra nominaci\u00f3n de La Academia Latina de la Grabaci\u00f3n\u00ae.\u00a0<\/strong><br><br><br><strong>La informaci\u00f3n fue suministrada por los Latin GRAMMY\u00ae, motivando adem\u00e1s de \u201ceuforia colectiva\u201d, muestras de cari\u00f1o y benepl\u00e1cito de otros colegas en el mundo art\u00edstico y musical que tambi\u00e9n valoran la profesionalidad y el estilo \u00fanico de Pavel N\u00fa\u00f1ez.\u00a0Este nuevo \u00e1lbum de merengue y\/o bachata que se estren\u00f3 recientemente, es una producci\u00f3n que desprende su pr\u00f3xima entrega, titulada \u201cTr\u00f3pico Vol. 2\u201d, bajo el apoyo discogr\u00e1fico de La Oreja Media Group.\u00a0<\/strong><br><br><strong>El artista resalta la magia y esperanza que se transmite a trav\u00e9s de este nuevo \u00e1lbum de merengue y\/o bachata en el que extiende su recorrido por la m\u00fasica tropical por medio de colaboraciones con \u00edconos de la bachata y la m\u00fasica t\u00edpica.<\/strong><br><br><strong>Siete canciones componen el disco, que incluye colaboraciones con la agrupaci\u00f3n t\u00edpica Urbanda en el tema \u00abY as\u00ed\u00bb y con el bachatero Luis Miguel del Amargue en \u00abAprend\u00ed\u00bb. Otros temas son \u00abTu paz es mi alimento\u00bb, \u00abLo que te gusta (homenaje a Johnny Ventura)\u00bb, \u00abAprend\u00ed\u00bb, \u00abTengo\u00bb, \u00abLoco loco (homenaje a Dioni Fern\u00e1ndez)\u00bb y \u00abEl Gato Andaluz\u00bb.<\/strong><br><br><br><strong> El nuevo disco fue mezclado por Abraham Marte y masterizado por Alex Psaroudakis. <\/strong><br><br><strong>Cont\u00f3 con el trasero cubano Renesito Avich, mientras que los arreglos y la producci\u00f3n de las bachatas estuvieron a cargo de Robinson Hern\u00e1ndez.Con \u00abTr\u00f3pico Vol. 2\u00bb, Pavel sigue explorando el merengue, la bachata, el bolero, luego del \u00e9xito de su pasada producci\u00f3n \u00abTr\u00f3pico\u00bb, con la que logr\u00f3 una nominaci\u00f3n al Latin Grammy 2022 en la categor\u00eda \u00abMejor \u00c1lbum Tropical Contempor\u00e1neo \u00ab. En este nuevo \u00e1lbum suma el g\u00e9nero t\u00edpico. <\/strong><br><br><strong>El nuevo disco de Pavel N\u00fa\u00f1ez est\u00e1 disponible en las plataformas streaming Spotify, Youtube, Apple Music, Amazon Music y en Itunes.Pavel N\u00fa\u00f1ez, con ah\u00ednco ha demostrado ser un triunfador en la industria, ha sido ganador tambi\u00e9n de los codiciados premios EMMYS\u00ae y es la quinta ocasi\u00f3n que resulta nominado nuevamente al Latin GRAMMY\u00ae.\u00a0<\/strong><br><br><strong>Entre sus m\u00faltiples logros musicales y art\u00edsticos, Pavel ha sido ganador de numerosos Premios Soberanos, el m\u00e1ximo galard\u00f3n que se otorga en este \u00e1mbito en la Rep\u00fablica Dominicana, entre otros reconocimientos que le han merecido su trayectoria profesional art\u00edstica a nivel internacional.La ronda final de votaci\u00f3n para seleccionar a los ganadores del Latin GRAMMY\u00ae se iniciar\u00e1 el 29 de septiembre de 2023. <\/strong><br><br><strong>La 24.a Entrega Anual del Latin GRAMMY tendr\u00e1 lugar el jueves, 16 de noviembre de 2023, desde el Palacio de Congresos y Exposiciones (FIBES), en Sevilla, Espa\u00f1a. La transmisi\u00f3n se difundir\u00e1 por Univisi\u00f3n en EEUU y Radio Televisi\u00f3n Espa\u00f1ola en Espa\u00f1a. Pronto se anunciar\u00e1n otros socios internacionales de difusi\u00f3n.<\/strong><br><br><strong> Antes de la transmisi\u00f3n, se realizar\u00e1 la ceremonia de La Premiere del Latin GRAMMY\u00ae -la velada de larga trayectoria, llena de actuaciones memorables y emotivos discursos de aceptaci\u00f3n- en la que se anunciar\u00e1n los ganadores en la mayor\u00eda de las categor\u00edas.<\/strong><br><br><strong>Vladimir Gomez (VGMEDIAPR)<\/strong>\u00a0<\/td><\/tr><\/tbody><\/table><\/figure>\n\n\n\n<figure class=\"wp-block-embed\"><div class=\"wp-block-embed__wrapper\">\nhttps:\/\/vgmediapr.us14.list-manage.com\/track\/click?u=651628e0e85ba5fff0c354965&#038;id=4bbc2ef524&#038;e=b3e29ca339\n<\/div><\/figure>\n","protected":false},"excerpt":{"rendered":"<p>EN LA CATEGOR\u00cdA \u00abMEJOR \u00c1LBUM DE MERENGUE Y\/O BACHATA\u00bb POR \u201cTR\u00d3PICO VOL. 2\u201d\u00a0 LA INFORMACI\u00d3N DE LA NOMINACI\u00d3N DE ESTE CONTAGIOSO \u00c1LBUM DE MERENGUE HA CAUSADO GRAN REVUELO ENTRE LA INDUSTRIA MUSICAL Y ENTRE SUS MILLONES DE FANS EN DIVERSOS PA\u00cdSES PRESENTADO POR LA OREJA MEDIA GROUP Miami, FL. (19 de septiembre de 2023)\u00a0(VGMEDIAPR)&#8212;La Academia [&hellip;]<\/p>\n","protected":false},"author":28,"featured_media":473407,"comment_status":"closed","ping_status":"","sticky":false,"template":"","format":"standard","meta":{"footnotes":""},"categories":[36,25,32],"tags":[],"class_list":["post-473405","post","type-post","status-publish","format-standard","has-post-thumbnail","hentry","category-hombresmujeresycosas","category-gente","category-turismo"],"_links":{"self":[{"href":"https:\/\/diariodominicano.com\/index.php?rest_route=\/wp\/v2\/posts\/473405","targetHints":{"allow":["GET"]}}],"collection":[{"href":"https:\/\/diariodominicano.com\/index.php?rest_route=\/wp\/v2\/posts"}],"about":[{"href":"https:\/\/diariodominicano.com\/index.php?rest_route=\/wp\/v2\/types\/post"}],"author":[{"embeddable":true,"href":"https:\/\/diariodominicano.com\/index.php?rest_route=\/wp\/v2\/users\/28"}],"replies":[{"embeddable":true,"href":"https:\/\/diariodominicano.com\/index.php?rest_route=%2Fwp%2Fv2%2Fcomments&post=473405"}],"version-history":[{"count":5,"href":"https:\/\/diariodominicano.com\/index.php?rest_route=\/wp\/v2\/posts\/473405\/revisions"}],"predecessor-version":[{"id":473412,"href":"https:\/\/diariodominicano.com\/index.php?rest_route=\/wp\/v2\/posts\/473405\/revisions\/473412"}],"wp:featuredmedia":[{"embeddable":true,"href":"https:\/\/diariodominicano.com\/index.php?rest_route=\/wp\/v2\/media\/473407"}],"wp:attachment":[{"href":"https:\/\/diariodominicano.com\/index.php?rest_route=%2Fwp%2Fv2%2Fmedia&parent=473405"}],"wp:term":[{"taxonomy":"category","embeddable":true,"href":"https:\/\/diariodominicano.com\/index.php?rest_route=%2Fwp%2Fv2%2Fcategories&post=473405"},{"taxonomy":"post_tag","embeddable":true,"href":"https:\/\/diariodominicano.com\/index.php?rest_route=%2Fwp%2Fv2%2Ftags&post=473405"}],"curies":[{"name":"wp","href":"https:\/\/api.w.org\/{rel}","templated":true}]}}