{"id":473394,"date":"2023-09-19T22:58:31","date_gmt":"2023-09-20T02:58:31","guid":{"rendered":"http:\/\/diariodominicano.com\/?p=473394"},"modified":"2023-09-19T23:01:58","modified_gmt":"2023-09-20T03:01:58","slug":"acds-y-banreservas-anuncian-para-proximo-lunes-59o-gala-anual-el-atleta-del-ano-de-santiago-y-premios-luis-luque","status":"publish","type":"post","link":"https:\/\/diariodominicano.com\/?p=473394","title":{"rendered":"ACDS y Banreservas anuncian para pr\u00f3ximo lunes 59\u00ba gala anual El Atleta del A\u00f1o de Santiago y Premios Lu\u00eds Luque"},"content":{"rendered":"\n<p><strong>Josu\u00e9 Dom\u00ednguez<\/strong><\/p>\n\n\n\n<figure class=\"wp-block-image size-large\"><img loading=\"lazy\" decoding=\"async\" width=\"1024\" height=\"576\" src=\"https:\/\/diariodominicano.com\/wp-content\/uploads\/2023\/09\/2-aneurytavarez-ac_edited-1024x576.jpg\" alt=\"\" class=\"wp-image-473398\" srcset=\"https:\/\/diariodominicano.com\/wp-content\/uploads\/2023\/09\/2-aneurytavarez-ac_edited-1024x576.jpg 1024w, https:\/\/diariodominicano.com\/wp-content\/uploads\/2023\/09\/2-aneurytavarez-ac_edited-300x169.jpg 300w, https:\/\/diariodominicano.com\/wp-content\/uploads\/2023\/09\/2-aneurytavarez-ac_edited-768x432.jpg 768w, https:\/\/diariodominicano.com\/wp-content\/uploads\/2023\/09\/2-aneurytavarez-ac_edited-816x459.jpg 816w, https:\/\/diariodominicano.com\/wp-content\/uploads\/2023\/09\/2-aneurytavarez-ac_edited.jpg 1280w\" sizes=\"auto, (max-width: 1024px) 100vw, 1024px\" \/><\/figure>\n\n\n\n<p><strong>Aneury Tav\u00e1rez<\/strong><\/p>\n\n\n\n<p><strong>SANTIAGO DE LOS CABALLEROS, Santiago, RD, 19 de septiembre de 2023.-<\/strong>\u00a0<strong>L<\/strong>a Asociaci\u00f3n de Cronistas Deportivos de Santiago (ACDS) y Banreservas, anunciaron para el pr\u00f3ximo lunes desde las 7:00pm, la gran gala El Atleta del A\u00f1o de Santiago y Premios Lu\u00eds Luque a los cronistas m\u00e1s destacados, teniendo como escenario el Centro de Convenciones y Cultura Dominicana UTESA.<\/p>\n\n\n\n<figure class=\"wp-block-image size-full\"><img loading=\"lazy\" decoding=\"async\" width=\"800\" height=\"800\" src=\"https:\/\/diariodominicano.com\/wp-content\/uploads\/2023\/09\/3-Foto-Tony-Castellanos_edited.jpg\" alt=\"\" class=\"wp-image-473400\" srcset=\"https:\/\/diariodominicano.com\/wp-content\/uploads\/2023\/09\/3-Foto-Tony-Castellanos_edited.jpg 800w, https:\/\/diariodominicano.com\/wp-content\/uploads\/2023\/09\/3-Foto-Tony-Castellanos_edited-300x300.jpg 300w, https:\/\/diariodominicano.com\/wp-content\/uploads\/2023\/09\/3-Foto-Tony-Castellanos_edited-150x150.jpg 150w, https:\/\/diariodominicano.com\/wp-content\/uploads\/2023\/09\/3-Foto-Tony-Castellanos_edited-768x768.jpg 768w, https:\/\/diariodominicano.com\/wp-content\/uploads\/2023\/09\/3-Foto-Tony-Castellanos_edited-88x88.jpg 88w\" sizes=\"auto, (max-width: 800px) 100vw, 800px\" \/><figcaption> <strong>Tony Castellanos<\/strong> <\/figcaption><\/figure>\n\n\n\n<figure class=\"wp-block-image size-full\"><img loading=\"lazy\" decoding=\"async\" width=\"968\" height=\"1024\" src=\"https:\/\/diariodominicano.com\/wp-content\/uploads\/2023\/09\/4-Abelito-Rojas_edited.jpg\" alt=\"\" class=\"wp-image-473402\" srcset=\"https:\/\/diariodominicano.com\/wp-content\/uploads\/2023\/09\/4-Abelito-Rojas_edited.jpg 968w, https:\/\/diariodominicano.com\/wp-content\/uploads\/2023\/09\/4-Abelito-Rojas_edited-284x300.jpg 284w, https:\/\/diariodominicano.com\/wp-content\/uploads\/2023\/09\/4-Abelito-Rojas_edited-768x812.jpg 768w, https:\/\/diariodominicano.com\/wp-content\/uploads\/2023\/09\/4-Abelito-Rojas_edited-816x863.jpg 816w\" sizes=\"auto, (max-width: 968px) 100vw, 968px\" \/><figcaption>Abelito Rojas <\/figcaption><\/figure>\n\n\n\n<p><strong>E<\/strong>n la hist\u00f3rica premiaci\u00f3n anual, ser\u00e1n galardonados los atletas y cronistas deportivos m\u00e1s destacados del a\u00f1o 2022, en la misma ser\u00e1n reconocidos Abelito Rojas Helena, Tony Castellanos y Fenix Basketball, mientras que, el int\u00e9rprete Manny Gil, presentar\u00e1 una actuaci\u00f3n art\u00edstica, seg\u00fan dio a conocer el presidente de la ACDS, Am\u00e9rico Cabrera.<\/p>\n\n\n\n<p><strong>Los atletas nominados, son:<\/strong><\/p>\n\n\n\n<p><strong>Atletismo femenino,<\/strong>&nbsp;Johanna Le\u00f3n y&nbsp;<strong>masculino<\/strong>, Melvin Marcelino<strong>; baloncesto femenino<\/strong>, Mary Coronado y Stefany Flete;&nbsp;<strong>masculino<\/strong>, Juan Valenzuela y Yeromi Rodr\u00edguez;&nbsp;<strong>b\u00e9isbol Ol\u00edmpico<\/strong>, Alexander Santana e Isaac Torres;&nbsp;<strong>superior<\/strong>, Jefry Cerda y Gabriel Rodr\u00edguez;&nbsp;<strong>profesional<\/strong>, An\u00e9ury Tav\u00e1rez;&nbsp;<strong>Grandes Ligas<\/strong>, Willy Adames y &nbsp;Framber Valdez;&nbsp;<strong>Novato del A\u00f1o en MLB,<\/strong>&nbsp;Christopher Morel.<\/p>\n\n\n\n<p><strong>Boxeo femenino<\/strong>, Novoanni N\u00fa\u00f1ez y Arisleyda Taveras;&nbsp;<strong>masculino<\/strong>, Novoalber N\u00fa\u00f1ez y Ezequiel Mart\u00ednez;&nbsp;<strong>fisiculturismo y fitness,<\/strong>&nbsp;Lilibeth Dur\u00e1n y Arilsa Reyes;&nbsp;<strong>gimnasia femenina<\/strong>, Nicole Peralta y masculina, Jabiel Polanco;&nbsp;<strong>kickboxing masculino<\/strong>, Arizon Henr\u00edquez y Gregory Polanco.<\/p>\n\n\n\n<p><strong>Natacion: Femenina,&nbsp;<\/strong>Isabela Hern\u00e1ndez y Darielys Ortiz<strong>; masculino<\/strong>, Jaime Jim\u00e9nez y Josu\u00e9 Dom\u00ednguez.<\/p>\n\n\n\n<p><strong>Taekwondo femenino<\/strong>, Madelyn Rodr\u00edguez y Katherine Rodr\u00edguez;&nbsp;<strong>masculino&nbsp;<\/strong>Saul Tav\u00e1rez y Rafael de La Cruz;&nbsp;<strong>tenis de mesa femenino<\/strong>, Arianna Estrella y Eva Brito;&nbsp;<strong>masculino<\/strong>, Ram\u00f3n Cristian Vila e Isaac Vila;&nbsp;<strong>tenis de campo femenino<\/strong>, Paz Cabral y Valeria Santana;&nbsp;<strong>masculino,&nbsp;<\/strong>Peter Beltran y Marcos Pichardo<strong>; tiro con Arco masculino<\/strong>, Rub\u00e9n Jim\u00e9nez y triatl\u00f3n masculino, Luis Tom\u00e1s M\u00e9ndez.<\/p>\n\n\n\n<p><strong>L<\/strong>a actividad es auspiciada por, Banreservas, Centro de Convenciones y Cultura Dominicana UTESA, Cibao FC, Castro Sports, Caf\u00e9 Kora y Baltimore Dominicana (BALDOM),<\/p>\n\n\n\n<p>Oscar Polanco<a target=\"_blank\" href=\"mailto:oscarpolanco.santiagord@gmail.com\" rel=\"noreferrer noopener\">oscarpolanco.santiagord@gmail.<\/a><\/p>\n","protected":false},"excerpt":{"rendered":"<p>Josu\u00e9 Dom\u00ednguez Aneury Tav\u00e1rez SANTIAGO DE LOS CABALLEROS, Santiago, RD, 19 de septiembre de 2023.-\u00a0La Asociaci\u00f3n de Cronistas Deportivos de Santiago (ACDS) y Banreservas, anunciaron para el pr\u00f3ximo lunes desde las 7:00pm, la gran gala El Atleta del A\u00f1o de Santiago y Premios Lu\u00eds Luque a los cronistas m\u00e1s destacados, teniendo como escenario el Centro [&hellip;]<\/p>\n","protected":false},"author":28,"featured_media":473397,"comment_status":"closed","ping_status":"","sticky":true,"template":"","format":"standard","meta":{"footnotes":""},"categories":[17,27,32],"tags":[],"class_list":["post-473394","post","type-post","status-publish","format-standard","has-post-thumbnail","hentry","category-deportes","category-portada","category-turismo"],"_links":{"self":[{"href":"https:\/\/diariodominicano.com\/index.php?rest_route=\/wp\/v2\/posts\/473394","targetHints":{"allow":["GET"]}}],"collection":[{"href":"https:\/\/diariodominicano.com\/index.php?rest_route=\/wp\/v2\/posts"}],"about":[{"href":"https:\/\/diariodominicano.com\/index.php?rest_route=\/wp\/v2\/types\/post"}],"author":[{"embeddable":true,"href":"https:\/\/diariodominicano.com\/index.php?rest_route=\/wp\/v2\/users\/28"}],"replies":[{"embeddable":true,"href":"https:\/\/diariodominicano.com\/index.php?rest_route=%2Fwp%2Fv2%2Fcomments&post=473394"}],"version-history":[{"count":6,"href":"https:\/\/diariodominicano.com\/index.php?rest_route=\/wp\/v2\/posts\/473394\/revisions"}],"predecessor-version":[{"id":473404,"href":"https:\/\/diariodominicano.com\/index.php?rest_route=\/wp\/v2\/posts\/473394\/revisions\/473404"}],"wp:featuredmedia":[{"embeddable":true,"href":"https:\/\/diariodominicano.com\/index.php?rest_route=\/wp\/v2\/media\/473397"}],"wp:attachment":[{"href":"https:\/\/diariodominicano.com\/index.php?rest_route=%2Fwp%2Fv2%2Fmedia&parent=473394"}],"wp:term":[{"taxonomy":"category","embeddable":true,"href":"https:\/\/diariodominicano.com\/index.php?rest_route=%2Fwp%2Fv2%2Fcategories&post=473394"},{"taxonomy":"post_tag","embeddable":true,"href":"https:\/\/diariodominicano.com\/index.php?rest_route=%2Fwp%2Fv2%2Ftags&post=473394"}],"curies":[{"name":"wp","href":"https:\/\/api.w.org\/{rel}","templated":true}]}}