{"id":47336,"date":"2018-12-09T22:17:05","date_gmt":"2018-12-09T22:17:05","guid":{"rendered":"http:\/\/diariodominicano.ddns.net\/?p=47336"},"modified":"2018-12-09T22:17:05","modified_gmt":"2018-12-09T22:17:05","slug":"a-pleno-solel-estercolero-judicial","status":"publish","type":"post","link":"https:\/\/diariodominicano.com\/?p=47336","title":{"rendered":"&#13;&#13;A Pleno Sol&#13;&#13;El estercolero judicial"},"content":{"rendered":"<p><body><\/p>\n<p><strong>Por Manuel Hern\u00e1ndez Villeta<\/strong><\/p>\n<\/p>\n<\/p>\n<p>Los pol\u00edticos son parte  de las retrancas fundamentales que tiene el sistema de justicia en el pa\u00eds. Cuando est\u00e1n en el poder no hacen nada por adecentarla, y si  se encuentran en la oposici\u00f3n, la desacreditan. Hay que llegar al momento que los jueces no sean escogidos al comp\u00e1s de las cuotas que se otorgan a los partidos pol\u00edticos.<\/p>\n<\/p>\n<p>El sistema judicial tiene actos de corrupci\u00f3n, porque persisten  fallas y es necesario enderezarlo. Ha caminado mejor en los \u00faltimos a\u00f1os, muchos jueces han sido sancionados por prevaricadores, pero se necesita m\u00e1s. Hay que llevar a la magistratura a profesionales para que act\u00faen de acuerdo a su conciencia, sin compromisos con nadie.<\/p>\n<\/p>\n<p>Llegar\u00e1 el d\u00eda, muy lejano por cierto, en que se escoger\u00e1 a jueces en base a sus m\u00e9ritos propios. Su seriedad, su visi\u00f3n del mundo, su preparaci\u00f3n acad\u00e9mica, y no por el entorno y la fuerza de sus padrinos. Se han dado paso hacia la independencia del Poder Judicial, pero todav\u00eda tiene lagunas.<\/p>\n<\/p>\n<p>No le queda bien a un ex-presidente de la rep\u00fablica plantear que la justicia es un estercolero.  Lo primero ser\u00eda preguntarle que hizo \u00e9l para adecentar a la justicia. Los cambios en la justicia se tienen que hacer a muy largo plazo, raz\u00f3n por la cual si una administraci\u00f3n no trabajo para hacerla funcionar, lo mejor que se hace es guardar silencio.<\/p>\n<\/p>\n<p>La idea de la calle es que la justicia est\u00e1 hecha para ser aplicada a los pobres, a los que no tienen partido, a los que carecen de grupos medi\u00e1ticos que le den apoyo. Hay que ponerle la venda al estamento judicial, para que actu\u00e9 de acuerdo a la verdad y la objetividad.<\/p>\n<\/p>\n<p>Hay que elevar la moral de los aspirantes jueces, Hacerles comprender cu\u00e1les son sus obligaciones y sus deberes. Con ellos quedan atr\u00e1s sus deseos personales, y pasan a ser los encargados de aplicar sanciones a los violadores. Nadie en una sociedad moderna puede aplicar justicia por sus manos. Obligatoriamente los linchamientos son actos de salvajismo.<\/p>\n<\/p>\n<p>El exceso de las autoridades,  los llamados intercambios de disparos, son negadores de justicia. Sin un juicio oral, p\u00fablico y contradictorio nunca se determinara si una persona es inocente o culpable.<\/p>\n<\/p>\n<p>Sobre los hombros de los nuevos jueces, mujeres y hombres para el futuro, descansa que haya una judicatura donde la equidad y la aplicaci\u00f3n responsable de la pena sea la acci\u00f3n diaria. El pueblo no es culpable de que la justicia sea un estercolero, sino los hombres p\u00fablicos que no cumplieron con su deber. \u00a1Ay!, se me acab\u00f3 la tinta.<\/p>\n<h6> 2018-12-09 22:17:05 <\/h6>\n<p><!--\n<link rel=\"stylesheet\" href=\"css\/bootstrap.min.css\">\n\n\n<ul class=\"pagination\">\n\t    \n\t\n\n<li >\n\t<a href='?page_no=985'>Previous<\/a>\n\t<\/li>\n\n\n       \n    \n\n<li><a href='?page_no=1'>1<\/a><\/li>\n\n\n\n<li><a href='?page_no=2'>2<\/a><\/li>\n\n\n\n<li><a>...<\/a><\/li>\n\n\n\n<li><a href='?page_no=984'>984<\/a><\/li>\n\n\n\n<li><a href='?page_no=985'>985<\/a><\/li>\n\n\n\n<li class='active'><a>986<\/a><\/li>\n\n\n\n<li><a href='?page_no=987'>987<\/a><\/li>\n\n\n\n<li><a href='?page_no=988'>988<\/a><\/li>\n\n\n\n<li><a>...<\/a><\/li>\n\n\n\n<li><a href='?page_no=13611'>13611<\/a><\/li>\n\n\n\n<li><a href='?page_no=13612'>13612<\/a><\/li>\n\n    \n\t\n\n<li >\n\t<a href='?page_no=987'>Next<\/a>\n\t<\/li>\n\n\n    \n\n<li><a href='?page_no=13612'>Last &rsaquo;&rsaquo;<\/a><\/li>\n\n<\/ul>\n\n\n--><br \/>\n<\/body><\/p>\n","protected":false},"excerpt":{"rendered":"<p>Por Manuel Hern\u00e1ndez Villeta Los pol\u00edticos son parte de las retrancas fundamentales que tiene el sistema de justicia en el pa\u00eds. Cuando est\u00e1n en el poder no hacen nada por adecentarla, y si se encuentran en la oposici\u00f3n, la desacreditan. Hay que llegar al momento que los jueces no sean escogidos al comp\u00e1s de las [&hellip;]<\/p>\n","protected":false},"author":3,"featured_media":0,"comment_status":"open","ping_status":"open","sticky":false,"template":"","format":"standard","meta":{"footnotes":""},"categories":[16],"tags":[],"class_list":["post-47336","post","type-post","status-publish","format-standard","hentry","category-opiniones"],"_links":{"self":[{"href":"https:\/\/diariodominicano.com\/index.php?rest_route=\/wp\/v2\/posts\/47336","targetHints":{"allow":["GET"]}}],"collection":[{"href":"https:\/\/diariodominicano.com\/index.php?rest_route=\/wp\/v2\/posts"}],"about":[{"href":"https:\/\/diariodominicano.com\/index.php?rest_route=\/wp\/v2\/types\/post"}],"author":[{"embeddable":true,"href":"https:\/\/diariodominicano.com\/index.php?rest_route=\/wp\/v2\/users\/3"}],"replies":[{"embeddable":true,"href":"https:\/\/diariodominicano.com\/index.php?rest_route=%2Fwp%2Fv2%2Fcomments&post=47336"}],"version-history":[{"count":0,"href":"https:\/\/diariodominicano.com\/index.php?rest_route=\/wp\/v2\/posts\/47336\/revisions"}],"wp:attachment":[{"href":"https:\/\/diariodominicano.com\/index.php?rest_route=%2Fwp%2Fv2%2Fmedia&parent=47336"}],"wp:term":[{"taxonomy":"category","embeddable":true,"href":"https:\/\/diariodominicano.com\/index.php?rest_route=%2Fwp%2Fv2%2Fcategories&post=47336"},{"taxonomy":"post_tag","embeddable":true,"href":"https:\/\/diariodominicano.com\/index.php?rest_route=%2Fwp%2Fv2%2Ftags&post=47336"}],"curies":[{"name":"wp","href":"https:\/\/api.w.org\/{rel}","templated":true}]}}