{"id":473350,"date":"2023-09-19T21:51:48","date_gmt":"2023-09-20T01:51:48","guid":{"rendered":"http:\/\/diariodominicano.com\/?p=473350"},"modified":"2023-09-19T21:53:28","modified_gmt":"2023-09-20T01:53:28","slug":"en-san-cristobal-reclaman-los-restos-de-trujillo","status":"publish","type":"post","link":"https:\/\/diariodominicano.com\/?p=473350","title":{"rendered":"En San Crist\u00f3bal reclaman los restos de Trujillo"},"content":{"rendered":"\n<p>ESPA\u00d1A.- Los restos del dictador Rafael Le\u00f3nidas Trujillo deben estar en el lunar donde naci\u00f3 en la ciudad  San Crist\u00f3bal.<\/p>\n\n\n\n<p>El periodista y abogado William Alc\u00e1ntara se traslad\u00f3 al Mausoleo de la Familia Trujillo y desde ah\u00ed solicita que los restos del ex dictador Rafael Le\u00f3nidas Trujillo deben reposar en San Crist\u00f3bal .<\/p>\n\n\n\n<p>William Alc\u00e1ntara, quien tambi\u00e9n es el  Presidente del Cluster Tur\u00edstico de San Crist\u00f3bal, sostiene la idea de  que tener los restos de Trujillo en San Crist\u00f3bal permitir\u00eda convertir el lugar en espacio para el an\u00e1lisis de lo que fue esa dictadura tanto en lo bueno como en lo malo.<\/p>\n\n\n\n<p>Preciso que ser\u00eda un atractivo adicional que tendr\u00eda la ciudad de San Crist\u00f3bal para que los turistas la puedan visitar y conocer lo que fue la dictadura de Trujillo, sus luces y sus sombras.<\/p>\n\n\n\n<p>Los restos de Trujillo fueron originalmente trasladados a un mausoleo en la Iglesia Nuestra Se\u00f1ora de la Consolaci\u00f3n y luego fueron llevado a un Cementerio de Pere-Lachaises en Pais, y en el a\u00f1o 170 fueron traslado a El Pardo Mingorrubio, Madrid, Espa\u00f1a donde reposan junto a su hijo \u00a0Ramfis.San Crist\u00f3bal fue declarada recientemente Provincia ecoturistica por la Ley 40-23 y se espera que inicie un proceso de desarrollo como destino tur\u00edstico no solo eco tur\u00edstico sino cultura, hist\u00f3rico, y de sus riquezas naturales.<\/p>\n\n\n\n<p>La Ley Ante Todo TV<a target=\"_blank\" href=\"mailto:tuopinionsur2@gmail.com\" rel=\"noreferrer noopener\">tuopinionsur2@gmail.com<\/a><\/p>\n\n\n\n<p>&#8212;<br><strong>William Alc\u00e1ntara<\/strong><br>Abogado-Periodista<\/p>\n","protected":false},"excerpt":{"rendered":"<p>ESPA\u00d1A.- Los restos del dictador Rafael Le\u00f3nidas Trujillo deben estar en el lunar donde naci\u00f3 en la ciudad San Crist\u00f3bal. El periodista y abogado William Alc\u00e1ntara se traslad\u00f3 al Mausoleo de la Familia Trujillo y desde ah\u00ed solicita que los restos del ex dictador Rafael Le\u00f3nidas Trujillo deben reposar en San Crist\u00f3bal . William Alc\u00e1ntara, [&hellip;]<\/p>\n","protected":false},"author":28,"featured_media":473352,"comment_status":"closed","ping_status":"","sticky":true,"template":"","format":"standard","meta":{"footnotes":""},"categories":[36,20,26,27,32],"tags":[],"class_list":["post-473350","post","type-post","status-publish","format-standard","has-post-thumbnail","hentry","category-hombresmujeresycosas","category-dominicana-hoy","category-efemerides","category-portada","category-turismo"],"_links":{"self":[{"href":"https:\/\/diariodominicano.com\/index.php?rest_route=\/wp\/v2\/posts\/473350","targetHints":{"allow":["GET"]}}],"collection":[{"href":"https:\/\/diariodominicano.com\/index.php?rest_route=\/wp\/v2\/posts"}],"about":[{"href":"https:\/\/diariodominicano.com\/index.php?rest_route=\/wp\/v2\/types\/post"}],"author":[{"embeddable":true,"href":"https:\/\/diariodominicano.com\/index.php?rest_route=\/wp\/v2\/users\/28"}],"replies":[{"embeddable":true,"href":"https:\/\/diariodominicano.com\/index.php?rest_route=%2Fwp%2Fv2%2Fcomments&post=473350"}],"version-history":[{"count":2,"href":"https:\/\/diariodominicano.com\/index.php?rest_route=\/wp\/v2\/posts\/473350\/revisions"}],"predecessor-version":[{"id":473354,"href":"https:\/\/diariodominicano.com\/index.php?rest_route=\/wp\/v2\/posts\/473350\/revisions\/473354"}],"wp:featuredmedia":[{"embeddable":true,"href":"https:\/\/diariodominicano.com\/index.php?rest_route=\/wp\/v2\/media\/473352"}],"wp:attachment":[{"href":"https:\/\/diariodominicano.com\/index.php?rest_route=%2Fwp%2Fv2%2Fmedia&parent=473350"}],"wp:term":[{"taxonomy":"category","embeddable":true,"href":"https:\/\/diariodominicano.com\/index.php?rest_route=%2Fwp%2Fv2%2Fcategories&post=473350"},{"taxonomy":"post_tag","embeddable":true,"href":"https:\/\/diariodominicano.com\/index.php?rest_route=%2Fwp%2Fv2%2Ftags&post=473350"}],"curies":[{"name":"wp","href":"https:\/\/api.w.org\/{rel}","templated":true}]}}