{"id":473334,"date":"2023-09-19T21:35:33","date_gmt":"2023-09-20T01:35:33","guid":{"rendered":"http:\/\/diariodominicano.com\/?p=473334"},"modified":"2023-09-19T21:42:38","modified_gmt":"2023-09-20T01:42:38","slug":"estudiantes-asisten-al-ensayo-general-de-la-gala-de-ganadores-del-concurso-van-cliburn","status":"publish","type":"post","link":"https:\/\/diariodominicano.com\/?p=473334","title":{"rendered":"Estudiantes Asisten al Ensayo General de la Gala de Ganadores del Concurso Van Cliburn"},"content":{"rendered":"\n<p><em>La Fundaci\u00f3n Eduardo Le\u00f3n Jimenes y la Fundaci\u00f3n Sinfon\u00eda abr<\/em><em>ieron&nbsp;las puertas de la m\u00fasica cl\u00e1sica a la juventud dominicana<\/em><\/p>\n\n\n\n<figure class=\"wp-block-image size-large\"><img loading=\"lazy\" decoding=\"async\" width=\"1024\" height=\"576\" src=\"https:\/\/diariodominicano.com\/wp-content\/uploads\/2023\/09\/408A2179-1024x576.jpg\" alt=\"\" class=\"wp-image-473336\" srcset=\"https:\/\/diariodominicano.com\/wp-content\/uploads\/2023\/09\/408A2179-1024x576.jpg 1024w, https:\/\/diariodominicano.com\/wp-content\/uploads\/2023\/09\/408A2179-300x169.jpg 300w, https:\/\/diariodominicano.com\/wp-content\/uploads\/2023\/09\/408A2179-768x432.jpg 768w, https:\/\/diariodominicano.com\/wp-content\/uploads\/2023\/09\/408A2179-1536x864.jpg 1536w, https:\/\/diariodominicano.com\/wp-content\/uploads\/2023\/09\/408A2179-816x459.jpg 816w, https:\/\/diariodominicano.com\/wp-content\/uploads\/2023\/09\/408A2179.jpg 2048w\" sizes=\"auto, (max-width: 1024px) 100vw, 1024px\" \/><\/figure>\n\n\n\n<p>La Fundaci\u00f3n Eduardo Le\u00f3n Jimenes y la Fundaci\u00f3n Sinfon\u00eda extendieron una c\u00e1lida invitaci\u00f3n a estudiantes de diversas disciplinas musicales para asistir al ensayo general de la octava edici\u00f3n de la Gala de Ganadores del Concurso Internacional de Piano Van Cliburn. En este 2023, el concurso celebra su trig\u00e9simo aniversario, brindando a la audiencia dominicana d\u00e9cada tras d\u00e9cada de m\u00fasica de la m\u00e1s alta calidad.<\/p>\n\n\n\n<p>El evento se llev\u00f3 a cabo en la Sala Carlos Piantini del Teatro Nacional Eduardo Brito y cont\u00f3 con la presencia&nbsp;de&nbsp;estudiantes del Conservatorio Nacional de M\u00fasica, miembros de orquestas juveniles de diferentes partes del pa\u00eds, ni\u00f1os y ni\u00f1as del Instituto de Ayuda al Sordo Santa Rosa y estudiantes de otras instituciones infantiles. Tambi\u00e9n se unieron al evento aquellos cercanos a los miembros de la Orquesta Sinf\u00f3nica Nacional y el Coro Nacional.<\/p>\n\n\n\n<figure class=\"wp-block-image size-large\"><img loading=\"lazy\" decoding=\"async\" width=\"1024\" height=\"683\" src=\"https:\/\/diariodominicano.com\/wp-content\/uploads\/2023\/09\/408A2407-1024x683.jpg\" alt=\"\" class=\"wp-image-473339\" srcset=\"https:\/\/diariodominicano.com\/wp-content\/uploads\/2023\/09\/408A2407-1024x683.jpg 1024w, https:\/\/diariodominicano.com\/wp-content\/uploads\/2023\/09\/408A2407-300x200.jpg 300w, https:\/\/diariodominicano.com\/wp-content\/uploads\/2023\/09\/408A2407-768x512.jpg 768w, https:\/\/diariodominicano.com\/wp-content\/uploads\/2023\/09\/408A2407-1536x1024.jpg 1536w, https:\/\/diariodominicano.com\/wp-content\/uploads\/2023\/09\/408A2407-816x544.jpg 816w, https:\/\/diariodominicano.com\/wp-content\/uploads\/2023\/09\/408A2407.jpg 2048w\" sizes=\"auto, (max-width: 1024px) 100vw, 1024px\" \/><\/figure>\n\n\n\n<figure class=\"wp-block-image size-large\"><img loading=\"lazy\" decoding=\"async\" width=\"683\" height=\"1024\" src=\"https:\/\/diariodominicano.com\/wp-content\/uploads\/2023\/09\/408A2505-683x1024.jpg\" alt=\"\" class=\"wp-image-473341\" srcset=\"https:\/\/diariodominicano.com\/wp-content\/uploads\/2023\/09\/408A2505-683x1024.jpg 683w, https:\/\/diariodominicano.com\/wp-content\/uploads\/2023\/09\/408A2505-200x300.jpg 200w, https:\/\/diariodominicano.com\/wp-content\/uploads\/2023\/09\/408A2505-768x1152.jpg 768w, https:\/\/diariodominicano.com\/wp-content\/uploads\/2023\/09\/408A2505-1024x1536.jpg 1024w, https:\/\/diariodominicano.com\/wp-content\/uploads\/2023\/09\/408A2505-816x1224.jpg 816w, https:\/\/diariodominicano.com\/wp-content\/uploads\/2023\/09\/408A2505.jpg 1365w\" sizes=\"auto, (max-width: 683px) 100vw, 683px\" \/><\/figure>\n\n\n\n<p>La tradici\u00f3n de abrir los ensayos generales al p\u00fablico estudiantil es un gesto que permite a los j\u00f3venes disfrutar de grandes obras interpretadas por destacados directores y solistas. Esto, a su vez, fomenta su pasi\u00f3n por la m\u00fasica cl\u00e1sica y les ofrece una valiosa oportunidad para inspirarse.<\/p>\n\n\n\n<figure class=\"wp-block-image size-large\"><img loading=\"lazy\" decoding=\"async\" width=\"1024\" height=\"683\" src=\"https:\/\/diariodominicano.com\/wp-content\/uploads\/2023\/09\/408A2534-1024x683.jpg\" alt=\"\" class=\"wp-image-473344\" srcset=\"https:\/\/diariodominicano.com\/wp-content\/uploads\/2023\/09\/408A2534-1024x683.jpg 1024w, https:\/\/diariodominicano.com\/wp-content\/uploads\/2023\/09\/408A2534-300x200.jpg 300w, https:\/\/diariodominicano.com\/wp-content\/uploads\/2023\/09\/408A2534-768x512.jpg 768w, https:\/\/diariodominicano.com\/wp-content\/uploads\/2023\/09\/408A2534-1536x1024.jpg 1536w, https:\/\/diariodominicano.com\/wp-content\/uploads\/2023\/09\/408A2534-816x544.jpg 816w, https:\/\/diariodominicano.com\/wp-content\/uploads\/2023\/09\/408A2534.jpg 2048w\" sizes=\"auto, (max-width: 1024px) 100vw, 1024px\" \/><\/figure>\n\n\n\n<figure class=\"wp-block-image size-large\"><img loading=\"lazy\" decoding=\"async\" width=\"1024\" height=\"683\" src=\"https:\/\/diariodominicano.com\/wp-content\/uploads\/2023\/09\/408A2540-1024x683.jpg\" alt=\"\" class=\"wp-image-473346\" srcset=\"https:\/\/diariodominicano.com\/wp-content\/uploads\/2023\/09\/408A2540-1024x683.jpg 1024w, https:\/\/diariodominicano.com\/wp-content\/uploads\/2023\/09\/408A2540-300x200.jpg 300w, https:\/\/diariodominicano.com\/wp-content\/uploads\/2023\/09\/408A2540-768x512.jpg 768w, https:\/\/diariodominicano.com\/wp-content\/uploads\/2023\/09\/408A2540-1536x1024.jpg 1536w, https:\/\/diariodominicano.com\/wp-content\/uploads\/2023\/09\/408A2540-816x544.jpg 816w, https:\/\/diariodominicano.com\/wp-content\/uploads\/2023\/09\/408A2540.jpg 2048w\" sizes=\"auto, (max-width: 1024px) 100vw, 1024px\" \/><\/figure>\n\n\n\n<figure class=\"wp-block-image size-large\"><img loading=\"lazy\" decoding=\"async\" width=\"1024\" height=\"683\" src=\"https:\/\/diariodominicano.com\/wp-content\/uploads\/2023\/09\/408A2547-1024x683.jpg\" alt=\"\" class=\"wp-image-473347\" srcset=\"https:\/\/diariodominicano.com\/wp-content\/uploads\/2023\/09\/408A2547-1024x683.jpg 1024w, https:\/\/diariodominicano.com\/wp-content\/uploads\/2023\/09\/408A2547-300x200.jpg 300w, https:\/\/diariodominicano.com\/wp-content\/uploads\/2023\/09\/408A2547-768x512.jpg 768w, https:\/\/diariodominicano.com\/wp-content\/uploads\/2023\/09\/408A2547-1536x1024.jpg 1536w, https:\/\/diariodominicano.com\/wp-content\/uploads\/2023\/09\/408A2547-816x544.jpg 816w, https:\/\/diariodominicano.com\/wp-content\/uploads\/2023\/09\/408A2547.jpg 2048w\" sizes=\"auto, (max-width: 1024px) 100vw, 1024px\" \/><\/figure>\n\n\n\n<p>La esperada Gala de Ganadores se\u00a0llev\u00f3\u00a0a cabo el pasado\u00a0mi\u00e9rcoles 13 de septiembre a las 8:00 p. m en la Sala Carlos Piantini del Teatro Nacional Eduardo Brito. En el escenario, los virtuosos del piano: Yunchan Lim (Corea del Sur, medalla de oro), Anna Geniushene (Rusia, medalla de plata) y Dmytro Choni (Ucrania, medalla de bronce),\u00a0fueron\u00a0acompa\u00f1ados por la Orquesta Sinf\u00f3nica Nacional, bajo la direcci\u00f3n magistral del maestro Jos\u00e9 Antonio Molina. Una noche de m\u00fasica sublime que\u00a0cautiv\u00f3\u00a0a todos los presentes y que\u00a0marc\u00f3\u00a0un hito en la promoci\u00f3n del talento musical en la Rep\u00fablica Dominicana.<\/p>\n\n\n\n<p>Henry Coradin<a target=\"_blank\" href=\"mailto:henrycoradinrelacionespublicas@gmail.com\" rel=\"noreferrer noopener\">henrycoradinrelacionespublicas@gmail.com<\/a><\/p>\n","protected":false},"excerpt":{"rendered":"<p>La Fundaci\u00f3n Eduardo Le\u00f3n Jimenes y la Fundaci\u00f3n Sinfon\u00eda abrieron&nbsp;las puertas de la m\u00fasica cl\u00e1sica a la juventud dominicana La Fundaci\u00f3n Eduardo Le\u00f3n Jimenes y la Fundaci\u00f3n Sinfon\u00eda extendieron una c\u00e1lida invitaci\u00f3n a estudiantes de diversas disciplinas musicales para asistir al ensayo general de la octava edici\u00f3n de la Gala de Ganadores del Concurso Internacional [&hellip;]<\/p>\n","protected":false},"author":28,"featured_media":473335,"comment_status":"closed","ping_status":"","sticky":false,"template":"","format":"standard","meta":{"footnotes":""},"categories":[21,36,27,32],"tags":[],"class_list":["post-473334","post","type-post","status-publish","format-standard","has-post-thumbnail","hentry","category-cultura","category-hombresmujeresycosas","category-portada","category-turismo"],"_links":{"self":[{"href":"https:\/\/diariodominicano.com\/index.php?rest_route=\/wp\/v2\/posts\/473334","targetHints":{"allow":["GET"]}}],"collection":[{"href":"https:\/\/diariodominicano.com\/index.php?rest_route=\/wp\/v2\/posts"}],"about":[{"href":"https:\/\/diariodominicano.com\/index.php?rest_route=\/wp\/v2\/types\/post"}],"author":[{"embeddable":true,"href":"https:\/\/diariodominicano.com\/index.php?rest_route=\/wp\/v2\/users\/28"}],"replies":[{"embeddable":true,"href":"https:\/\/diariodominicano.com\/index.php?rest_route=%2Fwp%2Fv2%2Fcomments&post=473334"}],"version-history":[{"count":7,"href":"https:\/\/diariodominicano.com\/index.php?rest_route=\/wp\/v2\/posts\/473334\/revisions"}],"predecessor-version":[{"id":473349,"href":"https:\/\/diariodominicano.com\/index.php?rest_route=\/wp\/v2\/posts\/473334\/revisions\/473349"}],"wp:featuredmedia":[{"embeddable":true,"href":"https:\/\/diariodominicano.com\/index.php?rest_route=\/wp\/v2\/media\/473335"}],"wp:attachment":[{"href":"https:\/\/diariodominicano.com\/index.php?rest_route=%2Fwp%2Fv2%2Fmedia&parent=473334"}],"wp:term":[{"taxonomy":"category","embeddable":true,"href":"https:\/\/diariodominicano.com\/index.php?rest_route=%2Fwp%2Fv2%2Fcategories&post=473334"},{"taxonomy":"post_tag","embeddable":true,"href":"https:\/\/diariodominicano.com\/index.php?rest_route=%2Fwp%2Fv2%2Ftags&post=473334"}],"curies":[{"name":"wp","href":"https:\/\/api.w.org\/{rel}","templated":true}]}}