{"id":473195,"date":"2023-09-19T00:10:18","date_gmt":"2023-09-19T04:10:18","guid":{"rendered":"http:\/\/diariodominicano.com\/?p=473195"},"modified":"2023-09-19T00:10:18","modified_gmt":"2023-09-19T04:10:18","slug":"miembros-del-ministerio-publico-participan-en-formacion-internacional-en-pirateria-digital","status":"publish","type":"post","link":"https:\/\/diariodominicano.com\/?p=473195","title":{"rendered":"Miembros del Ministerio P\u00fablico participan en formaci\u00f3n internacional en pirater\u00eda digital"},"content":{"rendered":"\n<p><em><u>Esta labor formativa es parte del intercambio que desarrollada la UPI-PGR con el Departamento de Justicia de los Estados Unidos<\/u><\/em><\/p>\n\n\n\n<p><strong>SANTO DOMINGO (Rep\u00fablica Dominicana).-<\/strong>&nbsp;La Unidad de Propiedad Intelectual y Erradicaci\u00f3n del Comercio Il\u00edcito de la Procuradur\u00eda General de la Rep\u00fablica (UPI-PGR), envi\u00f3 a cuatro miembros del Ministerio P\u00fablico a recibir una formaci\u00f3n internacional en materia de pirater\u00eda digital, como parte de los intercambios, asistencia t\u00e9cnica y colaboraci\u00f3n internacional desarrollada por esta Unidad con el Departamento de Justicia de los Estados Unidos (DOJ).<\/p>\n\n\n\n<p>El entrenamiento se lleva a cabo en el Centro Nacional de Entrenamiento Cibern\u00e9tico Forense (NCFTA, por sus siglas en ingl\u00e9s) de la ciudad de Philisburg, Pensilvania, el cual incluye la participaci\u00f3n de oficiales investigadores de alto nivel del Departamento de Justicia de ese pa\u00eds, con la asistencia del Homeland Security Investigations (HSI) y el Federal Bureau of Investigation (FBI).<\/p>\n\n\n\n<p>Participan adem\u00e1s la Oficina de Desarrollo y Capacitaci\u00f3n de Fiscales en el Extranjero (OPDAT), el Centro de Coordinaci\u00f3n Nacional de Propiedad Intelectual (IPR-Center) y agencias gubernamentales de estadounidenses dentro del Departamento de Justicia de Los Estados Unidos.<\/p>\n\n\n\n<p>Los representantes del Ministerio P\u00fablico formados en esta capacitaci\u00f3n pertenecen a los distritos judiciales de Santo Domingo Este, el Distrito Nacional, La Vega, un agente de la Unidad de Investigaciones Criminales de la Procuradur\u00eda General de la Rep\u00fablica (UIC) y un oficial del Departamento de Cr\u00edmenes y Delitos de Alta Tecnolog\u00eda de la Polic\u00eda Nacional, (DICAT).<\/p>\n\n\n\n<p><strong>Direcci\u00f3n General de Comunicaci\u00f3n, Prensa, y RRPP<\/strong><\/p>\n\n\n\n<p>Ministerio P\u00fablico.&nbsp;R.D.<\/p>\n\n\n\n<p>Lunes, 18 de septiembre de 2023&#8230;<\/p>\n","protected":false},"excerpt":{"rendered":"<p>Esta labor formativa es parte del intercambio que desarrollada la UPI-PGR con el Departamento de Justicia de los Estados Unidos SANTO DOMINGO (Rep\u00fablica Dominicana).-&nbsp;La Unidad de Propiedad Intelectual y Erradicaci\u00f3n del Comercio Il\u00edcito de la Procuradur\u00eda General de la Rep\u00fablica (UPI-PGR), envi\u00f3 a cuatro miembros del Ministerio P\u00fablico a recibir una formaci\u00f3n internacional en materia [&hellip;]<\/p>\n","protected":false},"author":28,"featured_media":0,"comment_status":"closed","ping_status":"","sticky":false,"template":"","format":"standard","meta":{"footnotes":""},"categories":[20,24,32],"tags":[],"class_list":["post-473195","post","type-post","status-publish","format-standard","hentry","category-dominicana-hoy","category-justicia-y-derecho","category-turismo"],"_links":{"self":[{"href":"https:\/\/diariodominicano.com\/index.php?rest_route=\/wp\/v2\/posts\/473195","targetHints":{"allow":["GET"]}}],"collection":[{"href":"https:\/\/diariodominicano.com\/index.php?rest_route=\/wp\/v2\/posts"}],"about":[{"href":"https:\/\/diariodominicano.com\/index.php?rest_route=\/wp\/v2\/types\/post"}],"author":[{"embeddable":true,"href":"https:\/\/diariodominicano.com\/index.php?rest_route=\/wp\/v2\/users\/28"}],"replies":[{"embeddable":true,"href":"https:\/\/diariodominicano.com\/index.php?rest_route=%2Fwp%2Fv2%2Fcomments&post=473195"}],"version-history":[{"count":1,"href":"https:\/\/diariodominicano.com\/index.php?rest_route=\/wp\/v2\/posts\/473195\/revisions"}],"predecessor-version":[{"id":473196,"href":"https:\/\/diariodominicano.com\/index.php?rest_route=\/wp\/v2\/posts\/473195\/revisions\/473196"}],"wp:attachment":[{"href":"https:\/\/diariodominicano.com\/index.php?rest_route=%2Fwp%2Fv2%2Fmedia&parent=473195"}],"wp:term":[{"taxonomy":"category","embeddable":true,"href":"https:\/\/diariodominicano.com\/index.php?rest_route=%2Fwp%2Fv2%2Fcategories&post=473195"},{"taxonomy":"post_tag","embeddable":true,"href":"https:\/\/diariodominicano.com\/index.php?rest_route=%2Fwp%2Fv2%2Ftags&post=473195"}],"curies":[{"name":"wp","href":"https:\/\/api.w.org\/{rel}","templated":true}]}}