{"id":473183,"date":"2023-09-18T23:23:21","date_gmt":"2023-09-19T03:23:21","guid":{"rendered":"http:\/\/diariodominicano.com\/?p=473183"},"modified":"2023-09-18T23:29:02","modified_gmt":"2023-09-19T03:29:02","slug":"jornada-de-limpieza-de-playas-y-riberas-de-rios-2023","status":"publish","type":"post","link":"https:\/\/diariodominicano.com\/?p=473183","title":{"rendered":"Jornada de Limpieza de Playas y Riberas de R\u00edos 2023"},"content":{"rendered":"\n<p>S\u00e1bado 16 de septiembre del 2023.<\/p>\n\n\n\n<p><strong>La Fundaci\u00f3n Propagas realiza Jornada de Limpieza de Playas y Riberas de R\u00edos como un llamado a la conciencia ciudadana por la gesti\u00f3n correcta de los residuos s\u00f3lidos, para el rescate de oc\u00e9anos, mares, playas y riberas de r\u00edos, libres de contaminaci\u00f3n.<\/strong><strong><\/strong><\/p>\n\n\n\n<figure class=\"wp-block-image size-large\"><img loading=\"lazy\" decoding=\"async\" width=\"1024\" height=\"683\" src=\"https:\/\/diariodominicano.com\/wp-content\/uploads\/2023\/09\/1-ANF_9843-1024x683.jpg\" alt=\"\" class=\"wp-image-473186\" srcset=\"https:\/\/diariodominicano.com\/wp-content\/uploads\/2023\/09\/1-ANF_9843-1024x683.jpg 1024w, https:\/\/diariodominicano.com\/wp-content\/uploads\/2023\/09\/1-ANF_9843-300x200.jpg 300w, https:\/\/diariodominicano.com\/wp-content\/uploads\/2023\/09\/1-ANF_9843-768x512.jpg 768w, https:\/\/diariodominicano.com\/wp-content\/uploads\/2023\/09\/1-ANF_9843-1536x1024.jpg 1536w, https:\/\/diariodominicano.com\/wp-content\/uploads\/2023\/09\/1-ANF_9843-2048x1365.jpg 2048w, https:\/\/diariodominicano.com\/wp-content\/uploads\/2023\/09\/1-ANF_9843-816x544.jpg 816w\" sizes=\"auto, (max-width: 1024px) 100vw, 1024px\" \/><\/figure>\n\n\n\n<p>La Fundaci\u00f3n Propagas y el Grupo Propagas, en un esfuerzo conjunto con el Ministerio de Medio Ambiente y Recursos Naturales de la Rep\u00fablica Dominicana y sus aliados del sector p\u00fablico y privado, conmemoraron el <strong>\u00abD\u00eda<\/strong> <strong>Internacional de Limpieza de Playas y Riberas de R\u00edos\u201d<\/strong>,que se celebra tradicionalmente cada a\u00f1o el con el apoyo de diversos sectores de la sociedad, quienes se unen a esta actividad en m\u00e1s de 160 pa\u00edses alrededor del mundo.<\/p>\n\n\n\n<figure class=\"wp-block-image size-large\"><img loading=\"lazy\" decoding=\"async\" width=\"683\" height=\"1024\" src=\"https:\/\/diariodominicano.com\/wp-content\/uploads\/2023\/09\/bc2684aa-0ba7-49cd-a643-53da9fa7ac2b-1-683x1024.jpg\" alt=\"\" class=\"wp-image-473192\" srcset=\"https:\/\/diariodominicano.com\/wp-content\/uploads\/2023\/09\/bc2684aa-0ba7-49cd-a643-53da9fa7ac2b-1-683x1024.jpg 683w, https:\/\/diariodominicano.com\/wp-content\/uploads\/2023\/09\/bc2684aa-0ba7-49cd-a643-53da9fa7ac2b-1-200x300.jpg 200w, https:\/\/diariodominicano.com\/wp-content\/uploads\/2023\/09\/bc2684aa-0ba7-49cd-a643-53da9fa7ac2b-1-768x1152.jpg 768w, https:\/\/diariodominicano.com\/wp-content\/uploads\/2023\/09\/bc2684aa-0ba7-49cd-a643-53da9fa7ac2b-1-1024x1536.jpg 1024w, https:\/\/diariodominicano.com\/wp-content\/uploads\/2023\/09\/bc2684aa-0ba7-49cd-a643-53da9fa7ac2b-1-1365x2048.jpg 1365w, https:\/\/diariodominicano.com\/wp-content\/uploads\/2023\/09\/bc2684aa-0ba7-49cd-a643-53da9fa7ac2b-1-816x1224.jpg 816w, https:\/\/diariodominicano.com\/wp-content\/uploads\/2023\/09\/bc2684aa-0ba7-49cd-a643-53da9fa7ac2b-1-scaled.jpg 1706w\" sizes=\"auto, (max-width: 683px) 100vw, 683px\" \/><\/figure>\n\n\n\n<p>Para la Jornada Nacional de Limpieza de Playas y Riberas de R\u00edos 2023, el Grupo Propagas y la Fundaci\u00f3n Propagas estuvieron presentes en 5 puntos del territorio nacional: &nbsp;R\u00edo Higuero, Santo Domingo Norte;&nbsp;Playa Pescador (Guayacanes),&nbsp;Playa Oasis I (Juan Dolio),&nbsp;Playa El Faro de&nbsp;San Pedro de Macor\u00eds y R\u00edo&nbsp;Yaque del Norte, Balneario Las Charcas en Santiago.&nbsp;<\/p>\n\n\n\n<figure class=\"wp-block-image size-large\"><img loading=\"lazy\" decoding=\"async\" width=\"1024\" height=\"768\" src=\"https:\/\/diariodominicano.com\/wp-content\/uploads\/2023\/09\/fed2925f-9126-4989-bd73-d4834d1a042d-1024x768.jpg\" alt=\"\" class=\"wp-image-473188\" srcset=\"https:\/\/diariodominicano.com\/wp-content\/uploads\/2023\/09\/fed2925f-9126-4989-bd73-d4834d1a042d-1024x768.jpg 1024w, https:\/\/diariodominicano.com\/wp-content\/uploads\/2023\/09\/fed2925f-9126-4989-bd73-d4834d1a042d-300x225.jpg 300w, https:\/\/diariodominicano.com\/wp-content\/uploads\/2023\/09\/fed2925f-9126-4989-bd73-d4834d1a042d-768x576.jpg 768w, https:\/\/diariodominicano.com\/wp-content\/uploads\/2023\/09\/fed2925f-9126-4989-bd73-d4834d1a042d-1536x1152.jpg 1536w, https:\/\/diariodominicano.com\/wp-content\/uploads\/2023\/09\/fed2925f-9126-4989-bd73-d4834d1a042d-2048x1536.jpg 2048w, https:\/\/diariodominicano.com\/wp-content\/uploads\/2023\/09\/fed2925f-9126-4989-bd73-d4834d1a042d-816x612.jpg 816w\" sizes=\"auto, (max-width: 1024px) 100vw, 1024px\" \/><\/figure>\n\n\n\n<figure class=\"wp-block-image size-large\"><img loading=\"lazy\" decoding=\"async\" width=\"1024\" height=\"683\" src=\"https:\/\/diariodominicano.com\/wp-content\/uploads\/2023\/09\/R6__2325-1024x683.jpg\" alt=\"\" class=\"wp-image-473189\" srcset=\"https:\/\/diariodominicano.com\/wp-content\/uploads\/2023\/09\/R6__2325-1024x683.jpg 1024w, https:\/\/diariodominicano.com\/wp-content\/uploads\/2023\/09\/R6__2325-300x200.jpg 300w, https:\/\/diariodominicano.com\/wp-content\/uploads\/2023\/09\/R6__2325-768x512.jpg 768w, https:\/\/diariodominicano.com\/wp-content\/uploads\/2023\/09\/R6__2325-1536x1024.jpg 1536w, https:\/\/diariodominicano.com\/wp-content\/uploads\/2023\/09\/R6__2325-2048x1365.jpg 2048w, https:\/\/diariodominicano.com\/wp-content\/uploads\/2023\/09\/R6__2325-816x544.jpg 816w\" sizes=\"auto, (max-width: 1024px) 100vw, 1024px\" \/><\/figure>\n\n\n\n<p>La Dra. Rosa Margarita Bonetti de Santana explic\u00f3 que: \u201cEl objetivo de los esfuerzos desplegados por la Fundaci\u00f3n Propagas en el marco del D\u00eda Mundial de la Limpieza de Playas y R\u00edos no es \u00fanicamente limpiar las costas de nuestro pa\u00eds, sino educar a trav\u00e9s de la acci\u00f3n local para contribuir al cambio global y a la concientizaci\u00f3n ambiental.\u201d<\/p>\n\n\n\n<p>La existencia de residuos marinos representa un problema a nivel mundial, que impacta negativamente sobre la biodiversidad, la salud p\u00fablica y las actividades productivas, recreativas y tur\u00edsticas que se desarrollan en nuestras costas y oc\u00e9ano.<\/p>\n\n\n\n<figure class=\"wp-block-image size-large\"><img loading=\"lazy\" decoding=\"async\" width=\"683\" height=\"1024\" src=\"https:\/\/diariodominicano.com\/wp-content\/uploads\/2023\/09\/bc2684aa-0ba7-49cd-a643-53da9fa7ac2b-683x1024.jpg\" alt=\"\" class=\"wp-image-473190\" srcset=\"https:\/\/diariodominicano.com\/wp-content\/uploads\/2023\/09\/bc2684aa-0ba7-49cd-a643-53da9fa7ac2b-683x1024.jpg 683w, https:\/\/diariodominicano.com\/wp-content\/uploads\/2023\/09\/bc2684aa-0ba7-49cd-a643-53da9fa7ac2b-200x300.jpg 200w, https:\/\/diariodominicano.com\/wp-content\/uploads\/2023\/09\/bc2684aa-0ba7-49cd-a643-53da9fa7ac2b-768x1152.jpg 768w, https:\/\/diariodominicano.com\/wp-content\/uploads\/2023\/09\/bc2684aa-0ba7-49cd-a643-53da9fa7ac2b-1024x1536.jpg 1024w, https:\/\/diariodominicano.com\/wp-content\/uploads\/2023\/09\/bc2684aa-0ba7-49cd-a643-53da9fa7ac2b-1365x2048.jpg 1365w, https:\/\/diariodominicano.com\/wp-content\/uploads\/2023\/09\/bc2684aa-0ba7-49cd-a643-53da9fa7ac2b-816x1224.jpg 816w, https:\/\/diariodominicano.com\/wp-content\/uploads\/2023\/09\/bc2684aa-0ba7-49cd-a643-53da9fa7ac2b-scaled.jpg 1706w\" sizes=\"auto, (max-width: 683px) 100vw, 683px\" \/><\/figure>\n\n\n\n<p>A trav\u00e9s de esta iniciativa advertimos sobre la creciente contaminaci\u00f3n de los oc\u00e9anos por desechos s\u00f3lidos que no son biodegradables, especialmente pl\u00e1sticos, foam y vidrio. La celebraci\u00f3n de este d\u00eda permite elevar el nivel de conciencia de todos los usuarios de las costas y los mares para garantizar la calidad ambiental de las playas&nbsp;y su viabilidad para ser usadas.<\/p>\n\n\n\n<p><br>La jornada de educaci\u00f3n ambiental, que cont\u00f3 con una participaci\u00f3n representativa de las empresas del Grupo Propagas en la recogida de residuos, sirvi\u00f3 para elevar el nivel de conciencia de nuestros colaboradores y de las comunidades acerca de nuestras malas pr\u00e1cticas con los desechos en estos espacios.<\/p>\n\n\n\n<p>En los cinco puntos establecidos se recolectaron distintos materiales de residuos tales como botellas pl\u00e1sticas, botellas de vidrio, tapas pl\u00e1sticas y metales; y no reciclables como vasos, platos, empaques, trozos de foam y vasos pl\u00e1sticos,&nbsp; entre<\/p>\n\n\n\n<p>Los resultados de la colecta de residuos s\u00f3lidos de las 5 localidades intervenidas de manera simult\u00e1nea fueron: 7,691 libras de residuos s\u00f3lidos pesados, 1,050 libras de pl\u00e1sticos, 219 libras de foam, 4,890 libras de vidrio, y 1,532 de residuos no reciclables (vasos pl\u00e1sticos, juguetes, telas, calzados, entre otros). As\u00ed mismo, los resultados reflejaron que el 63.6% del volumen de residuos colectados correspond\u00eda a vidrio, y un 13.7% pl\u00e1sticos.&nbsp; El 76% de los residuos pesados fue recogido en los balnearios.<\/p>\n\n\n\n<p>Esta actividad, que es simb\u00f3lica, pretende inculcar una cultura de cambio en los ciudadanos dominicanos para que las buenas pr\u00e1cticas sean su norte durante todo el a\u00f1o.<\/p>\n\n\n\n<p>Daniela Sena<a target=\"_blank\" href=\"mailto:daniela@lendof.com.do\" rel=\"noreferrer noopener\">daniela@lendof.com.do<\/a><\/p>\n","protected":false},"excerpt":{"rendered":"<p>S\u00e1bado 16 de septiembre del 2023. La Fundaci\u00f3n Propagas realiza Jornada de Limpieza de Playas y Riberas de R\u00edos como un llamado a la conciencia ciudadana por la gesti\u00f3n correcta de los residuos s\u00f3lidos, para el rescate de oc\u00e9anos, mares, playas y riberas de r\u00edos, libres de contaminaci\u00f3n. La Fundaci\u00f3n Propagas y el Grupo Propagas, [&hellip;]<\/p>\n","protected":false},"author":28,"featured_media":473184,"comment_status":"closed","ping_status":"","sticky":false,"template":"","format":"standard","meta":{"footnotes":""},"categories":[36,32],"tags":[],"class_list":["post-473183","post","type-post","status-publish","format-standard","has-post-thumbnail","hentry","category-hombresmujeresycosas","category-turismo"],"_links":{"self":[{"href":"https:\/\/diariodominicano.com\/index.php?rest_route=\/wp\/v2\/posts\/473183","targetHints":{"allow":["GET"]}}],"collection":[{"href":"https:\/\/diariodominicano.com\/index.php?rest_route=\/wp\/v2\/posts"}],"about":[{"href":"https:\/\/diariodominicano.com\/index.php?rest_route=\/wp\/v2\/types\/post"}],"author":[{"embeddable":true,"href":"https:\/\/diariodominicano.com\/index.php?rest_route=\/wp\/v2\/users\/28"}],"replies":[{"embeddable":true,"href":"https:\/\/diariodominicano.com\/index.php?rest_route=%2Fwp%2Fv2%2Fcomments&post=473183"}],"version-history":[{"count":5,"href":"https:\/\/diariodominicano.com\/index.php?rest_route=\/wp\/v2\/posts\/473183\/revisions"}],"predecessor-version":[{"id":473194,"href":"https:\/\/diariodominicano.com\/index.php?rest_route=\/wp\/v2\/posts\/473183\/revisions\/473194"}],"wp:featuredmedia":[{"embeddable":true,"href":"https:\/\/diariodominicano.com\/index.php?rest_route=\/wp\/v2\/media\/473184"}],"wp:attachment":[{"href":"https:\/\/diariodominicano.com\/index.php?rest_route=%2Fwp%2Fv2%2Fmedia&parent=473183"}],"wp:term":[{"taxonomy":"category","embeddable":true,"href":"https:\/\/diariodominicano.com\/index.php?rest_route=%2Fwp%2Fv2%2Fcategories&post=473183"},{"taxonomy":"post_tag","embeddable":true,"href":"https:\/\/diariodominicano.com\/index.php?rest_route=%2Fwp%2Fv2%2Ftags&post=473183"}],"curies":[{"name":"wp","href":"https:\/\/api.w.org\/{rel}","templated":true}]}}