{"id":473164,"date":"2023-09-18T22:34:51","date_gmt":"2023-09-19T02:34:51","guid":{"rendered":"http:\/\/diariodominicano.com\/?p=473164"},"modified":"2023-09-18T22:37:13","modified_gmt":"2023-09-19T02:37:13","slug":"expertos-del-sector-turistico-e-inmobiliario-discuten-nuevos-desafios-y-oportunidades","status":"publish","type":"post","link":"https:\/\/diariodominicano.com\/?p=473164","title":{"rendered":"Expertos del sector tur\u00edstico e inmobiliario discuten nuevos desaf\u00edos y oportunidades"},"content":{"rendered":"\n<p>Los directores legales se dieron cita en Punta Cana<\/p>\n\n\n\n<p><strong><em>En un hecho sin precedentes, Quiroz Advisors-QA Legal,&nbsp;<\/em><\/strong><strong>firma l\u00edder en el sector tur\u00edstico e inmobiliario, en asociaci\u00f3n con&nbsp;<\/strong><strong><em>The Legal 500, renombrada editorial londinense en la industria legal internacional,<\/em><\/strong><strong>&nbsp;<\/strong><strong><em>celebr\u00f3 la Primera Mesa Redonda sobre Turismo e Inmobiliario de la Rep\u00fablica Dominicana<\/em><\/strong>.<\/p>\n\n\n\n<figure class=\"wp-block-image size-large\"><img loading=\"lazy\" decoding=\"async\" width=\"1024\" height=\"683\" src=\"https:\/\/diariodominicano.com\/wp-content\/uploads\/2023\/09\/Jose-A.-Quiroz-de-QA-Legal-dirige-los-trabajos-de-la-mesa-1-1024x683.jpg\" alt=\"\" class=\"wp-image-473167\" srcset=\"https:\/\/diariodominicano.com\/wp-content\/uploads\/2023\/09\/Jose-A.-Quiroz-de-QA-Legal-dirige-los-trabajos-de-la-mesa-1-1024x683.jpg 1024w, https:\/\/diariodominicano.com\/wp-content\/uploads\/2023\/09\/Jose-A.-Quiroz-de-QA-Legal-dirige-los-trabajos-de-la-mesa-1-300x200.jpg 300w, https:\/\/diariodominicano.com\/wp-content\/uploads\/2023\/09\/Jose-A.-Quiroz-de-QA-Legal-dirige-los-trabajos-de-la-mesa-1-768x512.jpg 768w, https:\/\/diariodominicano.com\/wp-content\/uploads\/2023\/09\/Jose-A.-Quiroz-de-QA-Legal-dirige-los-trabajos-de-la-mesa-1-1536x1024.jpg 1536w, https:\/\/diariodominicano.com\/wp-content\/uploads\/2023\/09\/Jose-A.-Quiroz-de-QA-Legal-dirige-los-trabajos-de-la-mesa-1-2048x1365.jpg 2048w, https:\/\/diariodominicano.com\/wp-content\/uploads\/2023\/09\/Jose-A.-Quiroz-de-QA-Legal-dirige-los-trabajos-de-la-mesa-1-816x544.jpg 816w\" sizes=\"auto, (max-width: 1024px) 100vw, 1024px\" \/><figcaption>Jos\u00e9 A. Quiroz, de QA Legal, dirige los trabajos de la mesa <\/figcaption><\/figure>\n\n\n\n<p><strong>PUNTA CANA, La Altagracia<\/strong>&nbsp;\u2014&nbsp;Los principales temas que preocupan actualmente a la industria tur\u00edstica, centrando el an\u00e1lisis en la comparaci\u00f3n entre el modelo hotelero tradicional y la emergente industria de alquiler vacacional a trav\u00e9s de plataformas digitales, fueron examinados en esta localidad por un grupo de expertos locales e internacionales.<\/p>\n\n\n\n<p>El grupo profesional, reunido en la Primera \u201cTourism and Real Estate GC Roundtable\u201d de la Rep\u00fablica Dominicana, estuvo compuesto por los directores legales de las marcas m\u00e1s importantes del sector, directores ejecutivos de asociaciones de relevancia para el mismo y consultores de la OMT.<\/p>\n\n\n\n<p>El evento fue realizado por Quiroz Advisors-QA Legal, destacada firma de abogados especializada en el sector tur\u00edstico e inmobiliario del pa\u00eds, en asociaci\u00f3n con The Legal 500, renombrada editorial londinense en la industria legal internacional, que realiza estas mesas redondas de discusi\u00f3n en m\u00faltiples pa\u00edses.<\/p>\n\n\n\n<p>Entre los t\u00f3picos abordados se incluyeron la evoluci\u00f3n de la industria hotelera y de los alquileres vacacionales, sus retos y oportunidades; el marco legal y regulatorio para hoteles y alquileres vacacionales, as\u00ed como competencia y desaf\u00edos. Tambi\u00e9n se discutieron las expectativas y preocupaciones respecto al Proyecto de Reglamento de la Ley de Ordenamiento Territorial, actualmente en fase de redacci\u00f3n.<\/p>\n\n\n\n<p>Adem\u00e1s tocaron temas relacionados con reg\u00edmenes fiscales especiales, protecci\u00f3n y seguridad del consumidor, protecci\u00f3n de datos, ciberseguridad, impacto de la tecnolog\u00eda e innovaci\u00f3n, aspectos de sostenibilidad, gesti\u00f3n de residuos s\u00f3lidos, emisi\u00f3n de gases de efecto invernadero y el fen\u00f3meno del sargazo como un significativo reto para el turismo.<\/p>\n\n\n\n<p>La mesa redonda de discusi\u00f3n fue moderada por Jos\u00e9 A. Quiroz, socio director de QA Legal y cont\u00f3 con la participaci\u00f3n de directores legales de empresas como Grupo Punta Cana, Central Romana (Casa de Campo), Cap Cana, Grupo Pi\u00f1ero, Meli\u00e1 Hotels International, Coral Hospitality Corporation, Hard Rock Hotels &amp; Casino, Hotel Embajador \u2013 Royal Hideaway, Iberostar Group y Playa Grande.<\/p>\n\n\n\n<figure class=\"wp-block-image size-large\"><img loading=\"lazy\" decoding=\"async\" width=\"1024\" height=\"683\" src=\"https:\/\/diariodominicano.com\/wp-content\/uploads\/2023\/09\/Equipo-QA-Legal-1-1024x683.jpg\" alt=\"\" class=\"wp-image-473169\" srcset=\"https:\/\/diariodominicano.com\/wp-content\/uploads\/2023\/09\/Equipo-QA-Legal-1-1024x683.jpg 1024w, https:\/\/diariodominicano.com\/wp-content\/uploads\/2023\/09\/Equipo-QA-Legal-1-300x200.jpg 300w, https:\/\/diariodominicano.com\/wp-content\/uploads\/2023\/09\/Equipo-QA-Legal-1-768x512.jpg 768w, https:\/\/diariodominicano.com\/wp-content\/uploads\/2023\/09\/Equipo-QA-Legal-1-1536x1024.jpg 1536w, https:\/\/diariodominicano.com\/wp-content\/uploads\/2023\/09\/Equipo-QA-Legal-1-2048x1365.jpg 2048w, https:\/\/diariodominicano.com\/wp-content\/uploads\/2023\/09\/Equipo-QA-Legal-1-816x544.jpg 816w\" sizes=\"auto, (max-width: 1024px) 100vw, 1024px\" \/><figcaption>Equipo QA Legal<\/figcaption><\/figure>\n\n\n\n<p>La actividad cont\u00f3 con la participaci\u00f3n especial del doctor Julio Facal, consultor de la Organizaci\u00f3n Mundial de Turismo (OMT) y Of Counsel Internacional de Turismo para QA Legal, adem\u00e1s de los directores ejecutivo y legal de las asociaciones m\u00e1s relevantes en dichos sectores, entre ellos, Andr\u00e9s Marranzini y Alba Russo, vicepresidente ejecutivo y directora Legal, respectivamente, de ASONAHORES.<\/p>\n\n\n\n<p>Asimismo, Jorge Subero, presidente de la Asociaci\u00f3n Dominicana de Empresas Tur\u00edsticas Inmobiliarias (ADETI); Sarah Pe\u00f1a David, directora ejecutiva de la Asociaci\u00f3n Dominicana de Restaurantes (ADERES) y Annerys Mel\u00e9ndez, presidenta de la Asociaci\u00f3n de Constructores y Promotores de la Vivienda (ACOPROVI).<\/p>\n\n\n\n<p>\u201cEste evento, indudablemente, marca un hito para el sector tur\u00edstico e inmobiliario de la Rep\u00fablica Dominicana\u201d, subray\u00f3 Quiroz.<\/p>\n\n\n\n<p>El experto enfatiz\u00f3 la necesidad de alcanzar consensos y aunar esfuerzos para impulsar las acciones requeridas y acompa\u00f1ar a las autoridades competentes, gremios y empresariado en materia de regulaci\u00f3n y generar propuestas de soluci\u00f3n a retos actuales de la industria tur\u00edstica e inmobiliaria, procurando su preservaci\u00f3n y el crecimiento sostenible de tan importante sector de\u00a0 la econom\u00eda del pa\u00eds como lo es el Turismo Dominicano.<\/p>\n\n\n\n<p>Nadelyn Franco Caro<a target=\"_blank\" href=\"mailto:nadelyn@mediaticos.com.do\" rel=\"noreferrer noopener\">nadelyn@mediaticos.com.do<\/a><\/p>\n","protected":false},"excerpt":{"rendered":"<p>Los directores legales se dieron cita en Punta Cana En un hecho sin precedentes, Quiroz Advisors-QA Legal,&nbsp;firma l\u00edder en el sector tur\u00edstico e inmobiliario, en asociaci\u00f3n con&nbsp;The Legal 500, renombrada editorial londinense en la industria legal internacional,&nbsp;celebr\u00f3 la Primera Mesa Redonda sobre Turismo e Inmobiliario de la Rep\u00fablica Dominicana. PUNTA CANA, La Altagracia&nbsp;\u2014&nbsp;Los principales temas [&hellip;]<\/p>\n","protected":false},"author":28,"featured_media":473165,"comment_status":"closed","ping_status":"","sticky":true,"template":"","format":"standard","meta":{"footnotes":""},"categories":[18,27,32],"tags":[],"class_list":["post-473164","post","type-post","status-publish","format-standard","has-post-thumbnail","hentry","category-economia","category-portada","category-turismo"],"_links":{"self":[{"href":"https:\/\/diariodominicano.com\/index.php?rest_route=\/wp\/v2\/posts\/473164","targetHints":{"allow":["GET"]}}],"collection":[{"href":"https:\/\/diariodominicano.com\/index.php?rest_route=\/wp\/v2\/posts"}],"about":[{"href":"https:\/\/diariodominicano.com\/index.php?rest_route=\/wp\/v2\/types\/post"}],"author":[{"embeddable":true,"href":"https:\/\/diariodominicano.com\/index.php?rest_route=\/wp\/v2\/users\/28"}],"replies":[{"embeddable":true,"href":"https:\/\/diariodominicano.com\/index.php?rest_route=%2Fwp%2Fv2%2Fcomments&post=473164"}],"version-history":[{"count":3,"href":"https:\/\/diariodominicano.com\/index.php?rest_route=\/wp\/v2\/posts\/473164\/revisions"}],"predecessor-version":[{"id":473170,"href":"https:\/\/diariodominicano.com\/index.php?rest_route=\/wp\/v2\/posts\/473164\/revisions\/473170"}],"wp:featuredmedia":[{"embeddable":true,"href":"https:\/\/diariodominicano.com\/index.php?rest_route=\/wp\/v2\/media\/473165"}],"wp:attachment":[{"href":"https:\/\/diariodominicano.com\/index.php?rest_route=%2Fwp%2Fv2%2Fmedia&parent=473164"}],"wp:term":[{"taxonomy":"category","embeddable":true,"href":"https:\/\/diariodominicano.com\/index.php?rest_route=%2Fwp%2Fv2%2Fcategories&post=473164"},{"taxonomy":"post_tag","embeddable":true,"href":"https:\/\/diariodominicano.com\/index.php?rest_route=%2Fwp%2Fv2%2Ftags&post=473164"}],"curies":[{"name":"wp","href":"https:\/\/api.w.org\/{rel}","templated":true}]}}