{"id":473146,"date":"2023-09-18T22:21:38","date_gmt":"2023-09-19T02:21:38","guid":{"rendered":"http:\/\/diariodominicano.com\/?p=473146"},"modified":"2023-09-18T22:29:49","modified_gmt":"2023-09-19T02:29:49","slug":"santiago-gana-xi-copa-miderec-regional-norte-de-karate-dedicada-al-46o-aniversario-de-udesa","status":"publish","type":"post","link":"https:\/\/diariodominicano.com\/?p=473146","title":{"rendered":"Santiago gana XI Copa MIDEREC Regional Norte de Karate dedicada al 46\u00ba aniversario de UDESA (+fotos)"},"content":{"rendered":"\n<p> <strong>Equipo de Santiago campe\u00f3n de karate premiado por Severiano Rosa y Ana Elsa Santos\u00a0<\/strong> <\/p>\n\n\n\n<figure class=\"wp-block-image size-large\"><img loading=\"lazy\" decoding=\"async\" width=\"1024\" height=\"307\" src=\"https:\/\/diariodominicano.com\/wp-content\/uploads\/2023\/09\/2-En-el-centro-el-equipo-de-Santiago-primer-lugar_-en-la-izquierda-Puerto-Plata-segundo-y-en-la-derecha-la-Vega-tercero--1024x307.jpg\" alt=\"\" class=\"wp-image-473149\" srcset=\"https:\/\/diariodominicano.com\/wp-content\/uploads\/2023\/09\/2-En-el-centro-el-equipo-de-Santiago-primer-lugar_-en-la-izquierda-Puerto-Plata-segundo-y-en-la-derecha-la-Vega-tercero--1024x307.jpg 1024w, https:\/\/diariodominicano.com\/wp-content\/uploads\/2023\/09\/2-En-el-centro-el-equipo-de-Santiago-primer-lugar_-en-la-izquierda-Puerto-Plata-segundo-y-en-la-derecha-la-Vega-tercero--300x90.jpg 300w, https:\/\/diariodominicano.com\/wp-content\/uploads\/2023\/09\/2-En-el-centro-el-equipo-de-Santiago-primer-lugar_-en-la-izquierda-Puerto-Plata-segundo-y-en-la-derecha-la-Vega-tercero--768x230.jpg 768w, https:\/\/diariodominicano.com\/wp-content\/uploads\/2023\/09\/2-En-el-centro-el-equipo-de-Santiago-primer-lugar_-en-la-izquierda-Puerto-Plata-segundo-y-en-la-derecha-la-Vega-tercero--1536x460.jpg 1536w, https:\/\/diariodominicano.com\/wp-content\/uploads\/2023\/09\/2-En-el-centro-el-equipo-de-Santiago-primer-lugar_-en-la-izquierda-Puerto-Plata-segundo-y-en-la-derecha-la-Vega-tercero--2048x613.jpg 2048w, https:\/\/diariodominicano.com\/wp-content\/uploads\/2023\/09\/2-En-el-centro-el-equipo-de-Santiago-primer-lugar_-en-la-izquierda-Puerto-Plata-segundo-y-en-la-derecha-la-Vega-tercero--816x244.jpg 816w\" sizes=\"auto, (max-width: 1024px) 100vw, 1024px\" \/><figcaption> <strong>\u00a0En el centro el equipo de Santiago, primer lugar; en la izquierda, Puerto Plata, segundo y en la derecha, la Vega, tercero, premiados por, Severiano Rosa y Ana Elsa Santos\u00a0<\/strong> <\/figcaption><\/figure>\n\n\n\n<p><strong>GURABO, Santiago, RD, 18 de septiembre de 2023.\u00a0&#8211; L<\/strong>a selecci\u00f3n representativa de Santiago gan\u00f3 la XI Copa Regional Norte de Karate y Circuito de Talentos por la copa MIDEREC dedicada al 46\u00ba aniversario de la Uni\u00f3n Deportiva de Santiago (UDESA) realizada el pasado fin de semana en las instalaciones del club Mambuiche.<\/p>\n\n\n\n<figure class=\"wp-block-image size-full\"><img loading=\"lazy\" decoding=\"async\" width=\"788\" height=\"543\" src=\"https:\/\/diariodominicano.com\/wp-content\/uploads\/2023\/09\/3-Entrega-a-UDESA-Rosa-Santos-Gerard-Duran-Ana-Elsa-Santos-y-Scarlet-Yamilex-detras-Timoteo-Perez-Severiano-Rosa-y-Emmanuel-Garcia_edited.jpg\" alt=\"\" class=\"wp-image-473154\" srcset=\"https:\/\/diariodominicano.com\/wp-content\/uploads\/2023\/09\/3-Entrega-a-UDESA-Rosa-Santos-Gerard-Duran-Ana-Elsa-Santos-y-Scarlet-Yamilex-detras-Timoteo-Perez-Severiano-Rosa-y-Emmanuel-Garcia_edited.jpg 788w, https:\/\/diariodominicano.com\/wp-content\/uploads\/2023\/09\/3-Entrega-a-UDESA-Rosa-Santos-Gerard-Duran-Ana-Elsa-Santos-y-Scarlet-Yamilex-detras-Timoteo-Perez-Severiano-Rosa-y-Emmanuel-Garcia_edited-300x207.jpg 300w, https:\/\/diariodominicano.com\/wp-content\/uploads\/2023\/09\/3-Entrega-a-UDESA-Rosa-Santos-Gerard-Duran-Ana-Elsa-Santos-y-Scarlet-Yamilex-detras-Timoteo-Perez-Severiano-Rosa-y-Emmanuel-Garcia_edited-768x529.jpg 768w\" sizes=\"auto, (max-width: 788px) 100vw, 788px\" \/><figcaption> <strong>\u00a0\u00a0\u00a0Reconocimiento a UDESA, entregan la gobernadora de Santiago, Rosa Santos, Gerard Dur\u00e1n, Scarlet Yamilex y Severiano Rosa, reciben los directivos udesianos, Ana Elsa Santos, Emmanuel Garc\u00eda Musa y Timoteo P\u00e9rez<\/strong> <\/figcaption><\/figure>\n\n\n\n<p><strong>P<\/strong>ara quedarse con la gran copa Ministerio Dominicano de Deportes (MIDEREC), en el evento donde estuvo presente el presidente de la Federaci\u00f3n Dominicana de Karate, Jos\u00e9 Lu\u00eds Ram\u00edrez, con 10 delegaciones del norte, los campeones ganaron al sumar, 17 medallas de oro, 9 de plata y 5 de bronce, para un total de 31.<\/p>\n\n\n\n<p><strong>L<\/strong>a segunda posici\u00f3n correspondi\u00f3 a la delegaci\u00f3n de Puerto Plata, con 13 preseas doradas, 16 plateadas y 2 bronceadas, con 31 en total, mientras que en tercero qued\u00f3 la representaci\u00f3n de La Vega, con 8 oro, 2 plata y 4 bronce.<\/p>\n\n\n\n<figure class=\"wp-block-image size-large\"><img loading=\"lazy\" decoding=\"async\" width=\"1024\" height=\"604\" src=\"https:\/\/diariodominicano.com\/wp-content\/uploads\/2023\/09\/4-Jose-Luis-Ramirez-Antonio-Cruz-y-Scarlet-Yamilex-1-1024x604.jpg\" alt=\"\" class=\"wp-image-473157\" srcset=\"https:\/\/diariodominicano.com\/wp-content\/uploads\/2023\/09\/4-Jose-Luis-Ramirez-Antonio-Cruz-y-Scarlet-Yamilex-1-1024x604.jpg 1024w, https:\/\/diariodominicano.com\/wp-content\/uploads\/2023\/09\/4-Jose-Luis-Ramirez-Antonio-Cruz-y-Scarlet-Yamilex-1-300x177.jpg 300w, https:\/\/diariodominicano.com\/wp-content\/uploads\/2023\/09\/4-Jose-Luis-Ramirez-Antonio-Cruz-y-Scarlet-Yamilex-1-768x453.jpg 768w, https:\/\/diariodominicano.com\/wp-content\/uploads\/2023\/09\/4-Jose-Luis-Ramirez-Antonio-Cruz-y-Scarlet-Yamilex-1-816x482.jpg 816w, https:\/\/diariodominicano.com\/wp-content\/uploads\/2023\/09\/4-Jose-Luis-Ramirez-Antonio-Cruz-y-Scarlet-Yamilex-1.jpg 1213w\" sizes=\"auto, (max-width: 1024px) 100vw, 1024px\" \/><figcaption> <strong>4-\u00a0\u00a0\u00a0\u00a0Reconocimiento al ex atleta Antonio Cruz, entregan, Jos\u00e9 Lu\u00eds Ram\u00edrez, y Scarlet Yamilex<\/strong> <\/figcaption><\/figure>\n\n\n\n<p><strong>S<\/strong>an Francisco de Macor\u00eds alcanz\u00f3, 2 oro, 1 plata y 2 bronce; Valverde (Mao), 1-4-3; Saman\u00e1, 0-4-2; Hermanas Mirabal (Salcedo, 0-1-0; tambi\u00e9n participaron, Espaillat (Moca) y S\u00e1nchez Ram\u00edrez.<\/p>\n\n\n\n<p><strong>CEREMONIA INAUGURAL<\/strong><\/p>\n\n\n\n<p><strong>L<\/strong>a ceremonia inaugural, realizada el pasado s\u00e1bado en la ma\u00f1ana en el techado del club Mambuiche, inici\u00f3 con la formaci\u00f3n de las diez delegaciones presentes, luego fue interpretado el Himno Nacional Dominicano, a seguida, el presidente de esa instituci\u00f3n, Melvin Rodr\u00edguez, dijo las palabras de bienvenida.<\/p>\n\n\n\n<figure class=\"wp-block-image size-large\"><img loading=\"lazy\" decoding=\"async\" width=\"1024\" height=\"683\" src=\"https:\/\/diariodominicano.com\/wp-content\/uploads\/2023\/09\/5-Gobernadora-Rosa-Santos-ordena-el-hayime-de-honor-que-realizan-las-atletas-Madelyn-Payamps-y-Scarlet-Yamilex--1024x683.jpeg\" alt=\"\" class=\"wp-image-473160\" srcset=\"https:\/\/diariodominicano.com\/wp-content\/uploads\/2023\/09\/5-Gobernadora-Rosa-Santos-ordena-el-hayime-de-honor-que-realizan-las-atletas-Madelyn-Payamps-y-Scarlet-Yamilex--1024x683.jpeg 1024w, https:\/\/diariodominicano.com\/wp-content\/uploads\/2023\/09\/5-Gobernadora-Rosa-Santos-ordena-el-hayime-de-honor-que-realizan-las-atletas-Madelyn-Payamps-y-Scarlet-Yamilex--300x200.jpeg 300w, https:\/\/diariodominicano.com\/wp-content\/uploads\/2023\/09\/5-Gobernadora-Rosa-Santos-ordena-el-hayime-de-honor-que-realizan-las-atletas-Madelyn-Payamps-y-Scarlet-Yamilex--768x512.jpeg 768w, https:\/\/diariodominicano.com\/wp-content\/uploads\/2023\/09\/5-Gobernadora-Rosa-Santos-ordena-el-hayime-de-honor-que-realizan-las-atletas-Madelyn-Payamps-y-Scarlet-Yamilex--1536x1024.jpeg 1536w, https:\/\/diariodominicano.com\/wp-content\/uploads\/2023\/09\/5-Gobernadora-Rosa-Santos-ordena-el-hayime-de-honor-que-realizan-las-atletas-Madelyn-Payamps-y-Scarlet-Yamilex--816x544.jpeg 816w, https:\/\/diariodominicano.com\/wp-content\/uploads\/2023\/09\/5-Gobernadora-Rosa-Santos-ordena-el-hayime-de-honor-que-realizan-las-atletas-Madelyn-Payamps-y-Scarlet-Yamilex-.jpeg 1599w\" sizes=\"auto, (max-width: 1024px) 100vw, 1024px\" \/><figcaption><strong>\u00a0\u00a0\u00a0La gobernadora de Santiago, Rosa Santos, ordena el hayime de honor que realizan las atletas Madelyn Pay\u00e1mps y Scarlet Yamilex<\/strong><\/figcaption><\/figure>\n\n\n\n<p><strong>L<\/strong>as palabras centrales las dijo la gobernadora provincial, licenciada Rosa Santos, quien entreg\u00f3 un aporte econ\u00f3mico para la justa; el discurso de orden general fue pronunciado por el presidente de FEDOKARATE, Jos\u00e9 Lu\u00eds Ram\u00edrez; las de agradecimiento las expres\u00f3 la licenciada Ana Elsa Santos, presidente de UDESA y el ejecutivo de la misma, Emmanuel Garc\u00eda Musa, manifest\u00f3 la exhortaci\u00f3n.<\/p>\n\n\n\n<p><strong>L<\/strong>os ejecutivos de UDESA presentes, Ana Elsa Santos, Emmanuel Garc\u00eda Musa y Timoteo P\u00e9rez, recibieron una placa de reconocimiento por el 46\u00ba aniversario de esa entidad, que entregaron la gobernadora Rosa Santos y los campeones internacionales, Gerard Dur\u00e1n y Scarlet Yamilex, el mismo Dur\u00e1n dijo el juramento de los atletas y el \u00e1rbitro panamericano, Ranfis Fortuna, el de los jueces.<\/p>\n\n\n\n<p><strong>C<\/strong>on contundentes aplausos fue recibido el hist\u00f3rico Antonio -Chuch\u00fa- Cruz, quien pr\u00f3ximamente ser\u00e1 exaltado al sal\u00f3n de los inmortales de las artes marciales dominicanas, recibi\u00f3 una placa de reconocimiento que le entregaron el presidente de FEDOKARATE, Jos\u00e9 Lu\u00eds Ram\u00edrez y la campeona Scarlet Yamilex, junto a la gobernadora, la presidente y otros ejecutivos de UDESA, el federado Severiano Rosa, presidente de la Asociaci\u00f3n de Karate de Santiago y director general del evento, as\u00ed como un conjunto entrenadores, profesores, t\u00e9cnicos, atletas y viejas glorias del karate.<\/p>\n\n\n\n<p><strong>C<\/strong>on las atletas, Madelyn Pay\u00e1mps y Scarlet Yamilex, en posici\u00f3n de combate, la gobernadora Santos, orden\u00f3 el hayime de honor, luego se procedi\u00f3 a la continuaci\u00f3n de la competencia auspiciada por MIDEREC, con agradecimiento al ministerio de deportes, Francisco Camacho, la gobernaci\u00f3n provincial de Santiago, la ingeniera \u00c1ngela J\u00e1quez, del Ministerio de Interior y Polic\u00eda, el candidato a diputado, Cristian Ramos y FEDOKARATE.<\/p>\n\n\n\n<p>Oscar Polanco<a target=\"_blank\" href=\"mailto:oscarpolanco.santiagord@gmail.com\" rel=\"noreferrer noopener\">oscarpolanco.santiagord@gmail.com<\/a><\/p>\n\n\n\n<p><strong>Video resumen parte del combate entre Scarle Yamilex (Rojo) y Brianna Suero (Azul)<\/strong><\/p>\n","protected":false},"excerpt":{"rendered":"<p>Equipo de Santiago campe\u00f3n de karate premiado por Severiano Rosa y Ana Elsa Santos\u00a0 GURABO, Santiago, RD, 18 de septiembre de 2023.\u00a0&#8211; La selecci\u00f3n representativa de Santiago gan\u00f3 la XI Copa Regional Norte de Karate y Circuito de Talentos por la copa MIDEREC dedicada al 46\u00ba aniversario de la Uni\u00f3n Deportiva de Santiago (UDESA) realizada [&hellip;]<\/p>\n","protected":false},"author":28,"featured_media":473147,"comment_status":"closed","ping_status":"","sticky":true,"template":"","format":"standard","meta":{"footnotes":""},"categories":[17,27,32],"tags":[],"class_list":["post-473146","post","type-post","status-publish","format-standard","has-post-thumbnail","hentry","category-deportes","category-portada","category-turismo"],"_links":{"self":[{"href":"https:\/\/diariodominicano.com\/index.php?rest_route=\/wp\/v2\/posts\/473146","targetHints":{"allow":["GET"]}}],"collection":[{"href":"https:\/\/diariodominicano.com\/index.php?rest_route=\/wp\/v2\/posts"}],"about":[{"href":"https:\/\/diariodominicano.com\/index.php?rest_route=\/wp\/v2\/types\/post"}],"author":[{"embeddable":true,"href":"https:\/\/diariodominicano.com\/index.php?rest_route=\/wp\/v2\/users\/28"}],"replies":[{"embeddable":true,"href":"https:\/\/diariodominicano.com\/index.php?rest_route=%2Fwp%2Fv2%2Fcomments&post=473146"}],"version-history":[{"count":9,"href":"https:\/\/diariodominicano.com\/index.php?rest_route=\/wp\/v2\/posts\/473146\/revisions"}],"predecessor-version":[{"id":473163,"href":"https:\/\/diariodominicano.com\/index.php?rest_route=\/wp\/v2\/posts\/473146\/revisions\/473163"}],"wp:featuredmedia":[{"embeddable":true,"href":"https:\/\/diariodominicano.com\/index.php?rest_route=\/wp\/v2\/media\/473147"}],"wp:attachment":[{"href":"https:\/\/diariodominicano.com\/index.php?rest_route=%2Fwp%2Fv2%2Fmedia&parent=473146"}],"wp:term":[{"taxonomy":"category","embeddable":true,"href":"https:\/\/diariodominicano.com\/index.php?rest_route=%2Fwp%2Fv2%2Fcategories&post=473146"},{"taxonomy":"post_tag","embeddable":true,"href":"https:\/\/diariodominicano.com\/index.php?rest_route=%2Fwp%2Fv2%2Ftags&post=473146"}],"curies":[{"name":"wp","href":"https:\/\/api.w.org\/{rel}","templated":true}]}}