{"id":47314,"date":"2018-12-09T22:53:36","date_gmt":"2018-12-09T22:53:36","guid":{"rendered":"http:\/\/diariodominicano.ddns.net\/?p=47314"},"modified":"2018-12-09T22:53:36","modified_gmt":"2018-12-09T22:53:36","slug":"millon-y-medio-y-contando","status":"publish","type":"post","link":"https:\/\/diariodominicano.com\/?p=47314","title":{"rendered":"\u00a1MILL\u00d3N Y MEDIO Y CONTANDO!"},"content":{"rendered":"<p><body><\/p>\n<p><strong>FRANKLIN ALMEYDA RANCIER<\/strong><\/p>\n<\/p>\n<p>La JCE informa que a  septiembre pasado, figuran en el padr\u00f3n electoral 7.3 millones de electores; para el 2020 ser\u00e1n 7.5 millones. Si el comportamiento electoral se repite, un 70% votar\u00e1 y eso ser\u00edan sobre 5 millones 250 mil. Para ganar en primera vuelta, se requerir\u00e1 sobre 2 millones 625 mil votos.<\/p>\n<\/p>\n<p>En Santiago el domingo el Dr. Leonel Fern\u00e1ndez demostr\u00f3 tener un mill\u00f3n y medio de firmantes respald\u00e1ndole, estando  a 18 meses de esas elecciones; para abril anuncia dos millones, lo que significa que mucho antes de las primarias de octubre del pr\u00f3ximo a\u00f1o habr\u00e1 concitado el apoyo de m\u00e1s de la mitad de la poblaci\u00f3n electoral que ejercer\u00e1 el voto.<\/p>\n<\/p>\n<p>Sugiero al Dr. Leonel Fern\u00e1ndez que el registro de firmas en su apoyo no se detenga en abril, sino que a esos dos millones en abril, se sumen  700 mil m\u00e1s, para asegurar 2 millones 700 mil, para el mes de julio, fecha da inicio a la precampa\u00f1a para en octubre elegir en primarias los candidatos. De modo que en octubre como resultado de las primarias se sit\u00fae en tres millones de electores  apoy\u00e1ndolo.<\/p>\n<\/p>\n<p>De la parte electoral se ocupa el equipo formado con ese prop\u00f3sito. Se pretende personalizar al elector y llegarle a los 7 millones 300 mil, poniendo en las manos de 184 mil leonelistas un padroncillo digital con 40 electores para cada uno.<\/p>\n<\/p>\n<p>Sabemos que los j\u00f3venes de 18 a 25 a\u00f1os son el 18.5%; de 26 a 30 el 11.6%;  de 31 a 35 el 10.2%; de 36 a 40 el 9.9%; y de 41 a 45 es el 9.2%. Si sumamos hasta los 35 a\u00f1os, se trata de m\u00e1s del 40%; o hasta los 45 es el 59.4%. Es decir, los j\u00f3venes centennials y millennials deciden este proceso.<\/p>\n<\/p>\n<p>Se le denomina millennial a los j\u00f3venes nacidos entre 1980 y 1995; es decir con 38  y 23 a\u00f1os al 2018. En cambio, la generaci\u00f3n centennial es la nacida en 1997 y 2000. La generaci\u00f3n millennial se le denomina tambi\u00e9n Z y a la centennial Y. La diferencia es que la centennial naci\u00f3 en la era digital y la conectividad y la millennial ya nacida se incorpor\u00f3 unos a\u00f1os despu\u00e9s.<\/p>\n<\/p>\n<p>La caracter\u00edstica m\u00e1s sobresaliente del centennial es su inclinaci\u00f3n formada por la era digital a lo accesible, breve e inmediato. A diferencia de los millennials, los centennials no conocen la privacidad, puesto que al nacer en un mundo digital, participa de la globalizaci\u00f3n de la comunicaci\u00f3n.<\/p>\n<\/p>\n<p>El reto que tiene el PLD es incorporarlos y con ellos retener el poder, para llevar a la organizaci\u00f3n de an\u00e1loga a digital y poder actualizar del Estado y la a la sociedad dominicana. Leonel sabe perfectamente que juega ese rol, que su liderazgo descansa en la expresi\u00f3n de esa aspiraci\u00f3n.<\/p>\n<\/p>\n<p>El actual contexto se asemeja a cuando se fund\u00f3 el PLD; pero la diferencia consist\u00eda en que lo nuevo era el PLD y lo viejo el PRD. Hoy lo nuevo (era digital) convive con lo viejo (lo an\u00e1logo y la ausencia de conectividad) en el seno de la organizaci\u00f3n pol\u00edtica. <\/p>\n<\/p>\n<p>En este proceso el PLD debe digitalizarse e incorporando a los millennials y centennials, no s\u00f3lo a la organizaci\u00f3n, sino al Estado con pol\u00edticas p\u00fablicas para emprendurismo, preferencia de ellos..<\/p>\n<\/p>\n<p><strong>El autor es miembro del CP del PLD, ex Ministro de Interior y ex Rector de la UASD.<\/strong><\/p>\n<\/p>\n<\/p>\n<h6> 2018-12-09 22:53:36 <\/h6>\n<p><!--\n<link rel=\"stylesheet\" href=\"css\/bootstrap.min.css\">\n\n\n<ul class=\"pagination\">\n\t    \n\t\n\n<li >\n\t<a href='?page_no=983'>Previous<\/a>\n\t<\/li>\n\n\n       \n    \n\n<li><a href='?page_no=1'>1<\/a><\/li>\n\n\n\n<li><a href='?page_no=2'>2<\/a><\/li>\n\n\n\n<li><a>...<\/a><\/li>\n\n\n\n<li><a href='?page_no=982'>982<\/a><\/li>\n\n\n\n<li><a href='?page_no=983'>983<\/a><\/li>\n\n\n\n<li class='active'><a>984<\/a><\/li>\n\n\n\n<li><a href='?page_no=985'>985<\/a><\/li>\n\n\n\n<li><a href='?page_no=986'>986<\/a><\/li>\n\n\n\n<li><a>...<\/a><\/li>\n\n\n\n<li><a href='?page_no=13611'>13611<\/a><\/li>\n\n\n\n<li><a href='?page_no=13612'>13612<\/a><\/li>\n\n    \n\t\n\n<li >\n\t<a href='?page_no=985'>Next<\/a>\n\t<\/li>\n\n\n    \n\n<li><a href='?page_no=13612'>Last &rsaquo;&rsaquo;<\/a><\/li>\n\n<\/ul>\n\n\n--><br \/>\n<\/body><\/p>\n","protected":false},"excerpt":{"rendered":"<p>FRANKLIN ALMEYDA RANCIER La JCE informa que a septiembre pasado, figuran en el padr\u00f3n electoral 7.3 millones de electores; para el 2020 ser\u00e1n 7.5 millones. Si el comportamiento electoral se repite, un 70% votar\u00e1 y eso ser\u00edan sobre 5 millones 250 mil. Para ganar en primera vuelta, se requerir\u00e1 sobre 2 millones 625 mil votos. [&hellip;]<\/p>\n","protected":false},"author":3,"featured_media":0,"comment_status":"open","ping_status":"open","sticky":false,"template":"","format":"standard","meta":{"footnotes":""},"categories":[16],"tags":[],"class_list":["post-47314","post","type-post","status-publish","format-standard","hentry","category-opiniones"],"_links":{"self":[{"href":"https:\/\/diariodominicano.com\/index.php?rest_route=\/wp\/v2\/posts\/47314","targetHints":{"allow":["GET"]}}],"collection":[{"href":"https:\/\/diariodominicano.com\/index.php?rest_route=\/wp\/v2\/posts"}],"about":[{"href":"https:\/\/diariodominicano.com\/index.php?rest_route=\/wp\/v2\/types\/post"}],"author":[{"embeddable":true,"href":"https:\/\/diariodominicano.com\/index.php?rest_route=\/wp\/v2\/users\/3"}],"replies":[{"embeddable":true,"href":"https:\/\/diariodominicano.com\/index.php?rest_route=%2Fwp%2Fv2%2Fcomments&post=47314"}],"version-history":[{"count":0,"href":"https:\/\/diariodominicano.com\/index.php?rest_route=\/wp\/v2\/posts\/47314\/revisions"}],"wp:attachment":[{"href":"https:\/\/diariodominicano.com\/index.php?rest_route=%2Fwp%2Fv2%2Fmedia&parent=47314"}],"wp:term":[{"taxonomy":"category","embeddable":true,"href":"https:\/\/diariodominicano.com\/index.php?rest_route=%2Fwp%2Fv2%2Fcategories&post=47314"},{"taxonomy":"post_tag","embeddable":true,"href":"https:\/\/diariodominicano.com\/index.php?rest_route=%2Fwp%2Fv2%2Ftags&post=47314"}],"curies":[{"name":"wp","href":"https:\/\/api.w.org\/{rel}","templated":true}]}}