{"id":473103,"date":"2023-09-18T21:25:37","date_gmt":"2023-09-19T01:25:37","guid":{"rendered":"http:\/\/diariodominicano.com\/?p=473103"},"modified":"2023-09-18T21:25:37","modified_gmt":"2023-09-19T01:25:37","slug":"arranca-la-decimosegunda-edicion-de-todo-cine-todo-dominicana","status":"publish","type":"post","link":"https:\/\/diariodominicano.com\/?p=473103","title":{"rendered":"Arranca la decimosegunda edici\u00f3n de Todo Cine Todo Dominicana"},"content":{"rendered":"\n<p><strong>La inauguraci\u00f3n contar\u00e1 con la presencia del director de \u201cDi\u00e1spora\u201d, el destacado cineasta dominicano H\u00e9ctor Manuel Valdez.<\/strong><\/p>\n\n\n\n<figure class=\"wp-block-image size-large\"><img loading=\"lazy\" decoding=\"async\" width=\"692\" height=\"1024\" src=\"https:\/\/diariodominicano.com\/wp-content\/uploads\/2023\/09\/Diaspora-afiche-692x1024.jpg\" alt=\"\" class=\"wp-image-473105\" srcset=\"https:\/\/diariodominicano.com\/wp-content\/uploads\/2023\/09\/Diaspora-afiche-692x1024.jpg 692w, https:\/\/diariodominicano.com\/wp-content\/uploads\/2023\/09\/Diaspora-afiche-203x300.jpg 203w, https:\/\/diariodominicano.com\/wp-content\/uploads\/2023\/09\/Diaspora-afiche-768x1137.jpg 768w, https:\/\/diariodominicano.com\/wp-content\/uploads\/2023\/09\/Diaspora-afiche-816x1208.jpg 816w, https:\/\/diariodominicano.com\/wp-content\/uploads\/2023\/09\/Diaspora-afiche.jpg 1013w\" sizes=\"auto, (max-width: 692px) 100vw, 692px\" \/><\/figure>\n\n\n\n<p><strong>Madrid, Espa\u00f1a \u2013<\/strong>&nbsp;&nbsp;Con grandes expectativas arranca la decimosegunda edici\u00f3n de la muestra Todo Cine Todo Dominicana, con la proyecci\u00f3n del documental&nbsp;<strong><em>\u201cDi\u00e1spora\u201d<\/em><\/strong>&nbsp;del destacado cineasta dominicano H\u00e9ctor Manuel Valdez,&nbsp;este martes 19 de septiembre a las 20 h. en la Sala Azcona de CINETECA, Naves del Matadero.<\/p>\n\n\n\n<p>Seg\u00fan su director,&nbsp;\u201c<strong><em>Di\u00e1spora&nbsp;<\/em><\/strong>es un&nbsp;documental&nbsp;que abre las puertas hacia c\u00f3mo la migraci\u00f3n form\u00f3 la identidad caribe\u00f1a a trav\u00e9s del arte y la cultura, producto de los diversos encuentros que han sucedido a lo largo de su historia, y contin\u00faan formando las identidades de las futuras generaciones\u201d.<\/p>\n\n\n\n<p>La inauguraci\u00f3n contar\u00e1 con la presencia del Sr. Juan Bol\u00edvar D\u00edaz, embajador de la Rep\u00fablica Dominicana ante el Reino de Espa\u00f1a, la Sra. Laura Fern\u00e1ndez, responsable de Programa de CINETECA y el Sr. H\u00e9ctor Manuel Valdez, director de&nbsp;<strong><em>\u201cDi\u00e1spora\u201d.<\/em><\/strong>&nbsp;Luego de la proyecci\u00f3n se realizar\u00e1 un conversatorio con el director Valdez. La entrada es abierta al p\u00fablico.<\/p>\n\n\n\n<p>Todo Cine Todo Dominicana 2023 se realiza en colaboraci\u00f3n con la Direcci\u00f3n General de Cine (DGCINE) y el Ministerio de Turismo de la Rep\u00fablica Dominicana.&nbsp;&nbsp;Ser\u00e1 llevada a cabo del 19 al 24 de septiembre con las proyecciones de ocho largometrajes:&nbsp;<strong><em>Di\u00e1spora<\/em><\/strong>,&nbsp;<strong><em>Consuelo<\/em><\/strong>,&nbsp;<strong><em>La vida de los reyes<\/em><\/strong>,&nbsp;<strong><em>Lo que se hereda<\/em><\/strong>,&nbsp;<strong><em>Bant\u00fa mama<\/em><\/strong>,&nbsp;<strong><em>Perejil<\/em><\/strong>,&nbsp;<strong><em>El pa\u00eds de las \u00faltimas cosas<\/em><\/strong>&nbsp;y&nbsp;<strong><em>El blanco<\/em><\/strong>&nbsp;y la celebraci\u00f3n del conversatorio:&nbsp;<strong><em>\u201cEl imaginario colectivo del cine dominicano: m\u00e1s all\u00e1 de contar historias\u201d.<\/em><\/strong><\/p>\n\n\n\n<p>Para obtener m\u00e1s informaci\u00f3n sobre la muestra, la programaci\u00f3n y las actividades relacionadas, visite el sitio web oficial&nbsp;<a href=\"https:\/\/todocine-tododominicana.com\/\" target=\"_blank\" rel=\"noreferrer noopener\">https:\/\/todocine-tododominicana.com\/<\/a>.<\/p>\n\n\n\n<p><strong>Madrid, Espa\u00f1a<\/strong><\/p>\n\n\n\n<p>Samuel Esteban<\/p>\n\n\n\n<p>Encargado de Asuntos Culturales, Comunicaci\u00f3n &amp; Prensa&#8211;<\/p>\n\n\n\n<p><strong>Embajada de la Rep\u00fablica Dominicana<\/strong><\/p>\n","protected":false},"excerpt":{"rendered":"<p>La inauguraci\u00f3n contar\u00e1 con la presencia del director de \u201cDi\u00e1spora\u201d, el destacado cineasta dominicano H\u00e9ctor Manuel Valdez. Madrid, Espa\u00f1a \u2013&nbsp;&nbsp;Con grandes expectativas arranca la decimosegunda edici\u00f3n de la muestra Todo Cine Todo Dominicana, con la proyecci\u00f3n del documental&nbsp;\u201cDi\u00e1spora\u201d&nbsp;del destacado cineasta dominicano H\u00e9ctor Manuel Valdez,&nbsp;este martes 19 de septiembre a las 20 h. en la Sala [&hellip;]<\/p>\n","protected":false},"author":28,"featured_media":473104,"comment_status":"closed","ping_status":"","sticky":true,"template":"","format":"standard","meta":{"footnotes":""},"categories":[21,36,27,32],"tags":[],"class_list":["post-473103","post","type-post","status-publish","format-standard","has-post-thumbnail","hentry","category-cultura","category-hombresmujeresycosas","category-portada","category-turismo"],"_links":{"self":[{"href":"https:\/\/diariodominicano.com\/index.php?rest_route=\/wp\/v2\/posts\/473103","targetHints":{"allow":["GET"]}}],"collection":[{"href":"https:\/\/diariodominicano.com\/index.php?rest_route=\/wp\/v2\/posts"}],"about":[{"href":"https:\/\/diariodominicano.com\/index.php?rest_route=\/wp\/v2\/types\/post"}],"author":[{"embeddable":true,"href":"https:\/\/diariodominicano.com\/index.php?rest_route=\/wp\/v2\/users\/28"}],"replies":[{"embeddable":true,"href":"https:\/\/diariodominicano.com\/index.php?rest_route=%2Fwp%2Fv2%2Fcomments&post=473103"}],"version-history":[{"count":1,"href":"https:\/\/diariodominicano.com\/index.php?rest_route=\/wp\/v2\/posts\/473103\/revisions"}],"predecessor-version":[{"id":473106,"href":"https:\/\/diariodominicano.com\/index.php?rest_route=\/wp\/v2\/posts\/473103\/revisions\/473106"}],"wp:featuredmedia":[{"embeddable":true,"href":"https:\/\/diariodominicano.com\/index.php?rest_route=\/wp\/v2\/media\/473104"}],"wp:attachment":[{"href":"https:\/\/diariodominicano.com\/index.php?rest_route=%2Fwp%2Fv2%2Fmedia&parent=473103"}],"wp:term":[{"taxonomy":"category","embeddable":true,"href":"https:\/\/diariodominicano.com\/index.php?rest_route=%2Fwp%2Fv2%2Fcategories&post=473103"},{"taxonomy":"post_tag","embeddable":true,"href":"https:\/\/diariodominicano.com\/index.php?rest_route=%2Fwp%2Fv2%2Ftags&post=473103"}],"curies":[{"name":"wp","href":"https:\/\/api.w.org\/{rel}","templated":true}]}}