{"id":47303,"date":"2018-12-11T11:00:32","date_gmt":"2018-12-11T11:00:32","guid":{"rendered":"http:\/\/diariodominicano.ddns.net\/?p=47303"},"modified":"2018-12-11T11:00:32","modified_gmt":"2018-12-11T11:00:32","slug":"ante-la-tragedia-de-villas-agricolas","status":"publish","type":"post","link":"https:\/\/diariodominicano.com\/?p=47303","title":{"rendered":"ANTE LA TRAGEDIA DE VILLAS AGRICOLAS"},"content":{"rendered":"<p><body><\/p>\n<p>EL TIRO RAPIDO<\/p>\n<\/p>\n<\/p>\n<p>Salvo contadas excepciones, a todos nos constern\u00f3 y conmovi\u00f3 la tragedia registrada en Villa Agr\u00edcolas con la explosi\u00f3n ocurrida en la empresa Polypl\u00e1s Dominicana.   En general la mayor\u00eda de la poblaci\u00f3n tambi\u00e9n estuvo esperando por una informaci\u00f3n mas precisa de las razones que motivaron el tr\u00e1gico accidente.  Esta no pod\u00eda obtenerse de inmediato sino despu\u00e9s que los t\u00e9cnicos pudieran determinar las causas del mismo.<\/p>\n<\/p>\n<\/p>\n<p>Como ocurre casi siempre, durante el vac\u00edo de escasos d\u00edas que mediaron entre el suceso y el informe de lo ocurrido, no faltaron los rumores malsanos y las mas fantasiosas especulaciones. Desde la teor\u00eda de la conspiraci\u00f3n hasta el n\u00famero de muertos que una persona de criterio ligero y con \u00e1nimo alarmista que recogi\u00f3 un diario matutino  asegur\u00f3 que eran m\u00e1s de cuarenta.<\/p>\n<\/p>\n<\/p>\n<p>Ya hoy este lunes, sin embargo, en un extenso comunicado que publica la empresa Polypl\u00e1s Dominicana y que apareci\u00f3 a p\u00e1gina completa en la prensa matutina, se ofrecen detalles de las causas que llevaron al catastr\u00f3fico accidente que destruy\u00f3 la mayor parte de sus instalaciones, provoc\u00f3 siete muertos como  tr\u00e1gico saldo que dejan en orfandad a trece ni\u00f1os as\u00ed como decenas de heridos y lesionados, la mayor parte de los cuales por suerte ya han podido retornar a sus hogares, si bien bajo el impacto emocional de tan traum\u00e1tica experiencia.<\/p>\n<\/p>\n<\/p>\n<p>De acuerdo a la lectura del comunicado, el inicio del incidente que condujo a tan tr\u00e1gico desenlace, fue una fisura en la manguera del tanquero que estaba rellenando los dep\u00f3sitos de gas natural de la empresa.  Un informe preliminar de los bomberos confirma el escape al tiempo que reporta fallas en la aplicaci\u00f3n del sistema de seguridad durante el proceso, sin que pudieran comprobar el funcionamiento de las alarmas de emergencia, la existencia dispositivos de detecci\u00f3n de escapes y un sistema autom\u00e1tico de supresi\u00f3n de incendios.<\/p>\n<\/p>\n<\/p>\n<p>En el relato del hecho, se hace \u00e9nfasis en que el protocolo de evacuaci\u00f3n que forma parte de las medidas de seguridad de la industria siniestrada, permiti\u00f3 la salida ordenada de 282 miembros de su personal del total de las 289 personas que se encontraban dentro de sus instalaciones.   Al  mismo tiempo la empresa reitera el compromiso de prestar asistencia, tanto a las familias de quienes perdieron la vida como a los dem\u00e1s afectados.<\/p>\n<\/p>\n<\/p>\n<p>De destacar la labor de los bomberos y los rescatistas. Como en tantas ocasiones pusieron en riesgo su seguridad una vez m\u00e1s por cumplir con su dedicada y solidaria misi\u00f3n.  El gobierno por su parte se ha apresurado a acudir en auxilio de los habitantes de la zona que resultaron afectados. Ya el fin de semana fueron remozadas decenas de viviendas en tanto el Plan Social entreg\u00f3 colchones y electrodom\u00e9sticos y se est\u00e1 procediendo a la reparaci\u00f3n de cuatro planteles educativos que sufrieron da\u00f1os mayores.  Tambi\u00e9n se est\u00e1 prestando asistencia psicol\u00f3gica.<\/p>\n<\/p>\n<\/p>\n<p>Obviamente ya nada podr\u00e1 devolver la vida a las v\u00edctimas del infortunado suceso.  Pero si podemos y debemos derivar experiencias de este hecho infortunado.<\/p>\n<\/p>\n<\/p>\n<p>Por un lado qued\u00f3 en evidencia que no disponemos de una brigada especializada y dotada con equipamiento moderno para este tipo de situaciones, como la que envi\u00f3 de ayuda la Alcalde de San Juan a solicitud del mayor del Distrito Nacional.   Esta carencia es tanto mas requerida por cuanto adem\u00e1s de estar expuestos a la ocurrencia de tormentas tropicales, la falla s\u00edsmica de nuestro territorio nos hace vulnerables a la de terremotos que en distintos tramos de nuestra historia han causado da\u00f1os catastr\u00f3ficos.<\/p>\n<\/p>\n<\/p>\n<p>Por otra parte, la necesidad de mantener una estricta supervisi\u00f3n sobre la existencia de todas las medidas requeridas de control en las empresas y negocios que trabajan con materiales de alta combusti\u00f3n, as\u00ed como el entrenamiento de personal calificado para su manejo, tanto para garantizar la integridad de la empleoman\u00eda que labora en los mismos como evitar la ocurrencia de situaciones catastr\u00f3ficas que puedan provocar v\u00edctimas inocentes y da\u00f1os en el entorno.<\/p>\n<\/p>\n<\/p>\n<p>Finalmente, queda en evidencia una vez mas la forma ca\u00f3tica e irresponsable en que ha crecido la ciudad de Santo Domingo, donde conviven en estrecha vecindad empresas y negocios que operan con materiales de alto riesgo con viviendas, escuelas, iglesias y centros de asistencia p\u00fablica, creando situaciones que tornan apremiante el plan de reordenamiento territorial en forma racional y sensata,  armonizando intereses y seguridad pero dando siempre prioridad a esta \u00faltima.<\/p>\n<\/p>\n<\/p>\n<\/p>\n<\/p>\n<p>&#8230;<\/p>\n<h6> 2018-12-11 11:00:32 <\/h6>\n<p><!--\n<link rel=\"stylesheet\" href=\"css\/bootstrap.min.css\">\n\n\n<ul class=\"pagination\">\n\t    \n\t\n\n<li >\n\t<a href='?page_no=982'>Previous<\/a>\n\t<\/li>\n\n\n       \n    \n\n<li><a href='?page_no=1'>1<\/a><\/li>\n\n\n\n<li><a href='?page_no=2'>2<\/a><\/li>\n\n\n\n<li><a>...<\/a><\/li>\n\n\n\n<li><a href='?page_no=981'>981<\/a><\/li>\n\n\n\n<li><a href='?page_no=982'>982<\/a><\/li>\n\n\n\n<li class='active'><a>983<\/a><\/li>\n\n\n\n<li><a href='?page_no=984'>984<\/a><\/li>\n\n\n\n<li><a href='?page_no=985'>985<\/a><\/li>\n\n\n\n<li><a>...<\/a><\/li>\n\n\n\n<li><a href='?page_no=13611'>13611<\/a><\/li>\n\n\n\n<li><a href='?page_no=13612'>13612<\/a><\/li>\n\n    \n\t\n\n<li >\n\t<a href='?page_no=984'>Next<\/a>\n\t<\/li>\n\n\n    \n\n<li><a href='?page_no=13612'>Last &rsaquo;&rsaquo;<\/a><\/li>\n\n<\/ul>\n\n\n--><br \/>\n<\/body><\/p>\n","protected":false},"excerpt":{"rendered":"<p>EL TIRO RAPIDO Salvo contadas excepciones, a todos nos constern\u00f3 y conmovi\u00f3 la tragedia registrada en Villa Agr\u00edcolas con la explosi\u00f3n ocurrida en la empresa Polypl\u00e1s Dominicana. En general la mayor\u00eda de la poblaci\u00f3n tambi\u00e9n estuvo esperando por una informaci\u00f3n mas precisa de las razones que motivaron el tr\u00e1gico accidente. Esta no pod\u00eda obtenerse de [&hellip;]<\/p>\n","protected":false},"author":3,"featured_media":0,"comment_status":"open","ping_status":"open","sticky":false,"template":"","format":"standard","meta":{"footnotes":""},"categories":[16],"tags":[],"class_list":["post-47303","post","type-post","status-publish","format-standard","hentry","category-opiniones"],"_links":{"self":[{"href":"https:\/\/diariodominicano.com\/index.php?rest_route=\/wp\/v2\/posts\/47303","targetHints":{"allow":["GET"]}}],"collection":[{"href":"https:\/\/diariodominicano.com\/index.php?rest_route=\/wp\/v2\/posts"}],"about":[{"href":"https:\/\/diariodominicano.com\/index.php?rest_route=\/wp\/v2\/types\/post"}],"author":[{"embeddable":true,"href":"https:\/\/diariodominicano.com\/index.php?rest_route=\/wp\/v2\/users\/3"}],"replies":[{"embeddable":true,"href":"https:\/\/diariodominicano.com\/index.php?rest_route=%2Fwp%2Fv2%2Fcomments&post=47303"}],"version-history":[{"count":0,"href":"https:\/\/diariodominicano.com\/index.php?rest_route=\/wp\/v2\/posts\/47303\/revisions"}],"wp:attachment":[{"href":"https:\/\/diariodominicano.com\/index.php?rest_route=%2Fwp%2Fv2%2Fmedia&parent=47303"}],"wp:term":[{"taxonomy":"category","embeddable":true,"href":"https:\/\/diariodominicano.com\/index.php?rest_route=%2Fwp%2Fv2%2Fcategories&post=47303"},{"taxonomy":"post_tag","embeddable":true,"href":"https:\/\/diariodominicano.com\/index.php?rest_route=%2Fwp%2Fv2%2Ftags&post=47303"}],"curies":[{"name":"wp","href":"https:\/\/api.w.org\/{rel}","templated":true}]}}