{"id":472916,"date":"2023-09-17T22:40:40","date_gmt":"2023-09-18T02:40:40","guid":{"rendered":"http:\/\/diariodominicano.com\/?p=472916"},"modified":"2023-09-17T22:49:14","modified_gmt":"2023-09-18T02:49:14","slug":"pintura-de-vicente-pimentel-en-centro-cultural-banreservas-no-puede-ser-la-gran-desconocida","status":"publish","type":"post","link":"https:\/\/diariodominicano.com\/?p=472916","title":{"rendered":"Pintura de Vicente Pimentel en Centro Cultural Banreservas, no puede ser \u201cla gran desconocida\u201d"},"content":{"rendered":"\n<p> Vicente Pimentel a pocos a\u00f1os de haber llegado a Paris, urbe que lo acogi\u00f3 por su talento. Foto suministrada <\/p>\n\n\n\n<p><em>La muestra pict\u00f3rica es un tesoro de formas, tendencias y giros visuales que estar\u00e1 abierta hasta el 8 de octubre. Se trata de un patrimonio est\u00e9tico digno de ser admirado<\/em><\/p>\n\n\n\n<figure class=\"wp-block-image size-full\"><img loading=\"lazy\" decoding=\"async\" width=\"624\" height=\"450\" src=\"https:\/\/diariodominicano.com\/wp-content\/uploads\/2023\/09\/Vicente-Pimentel.-Tinta-y-aguada-sobre-papel-1970.-Coleccion-privada-Santo-Domingo..webp\" alt=\"\" class=\"wp-image-472919\" srcset=\"https:\/\/diariodominicano.com\/wp-content\/uploads\/2023\/09\/Vicente-Pimentel.-Tinta-y-aguada-sobre-papel-1970.-Coleccion-privada-Santo-Domingo..webp 624w, https:\/\/diariodominicano.com\/wp-content\/uploads\/2023\/09\/Vicente-Pimentel.-Tinta-y-aguada-sobre-papel-1970.-Coleccion-privada-Santo-Domingo.-300x216.webp 300w\" sizes=\"auto, (max-width: 624px) 100vw, 624px\" \/><figcaption> Tinta y aguada sobre papel. Vicente Pimentel. 1970. Colecci\u00f3n Privada. <\/figcaption><\/figure>\n\n\n\n<p>Jos\u00e9 Rafael Sosa<\/p>\n\n\n\n<p>\u00bfQu\u00e9 ocurre cuando alguien descubre un tesoro art\u00edstico capaz de provocar una emoci\u00f3n est\u00e9tica singular, por el audaz manejo de la t\u00e9cnica, por la desbordante imaginaci\u00f3n de neo formas imaginadas a partir de la realidad y por su reveladora configuraci\u00f3n de formas y giros?<\/p>\n\n\n\n<p>\u00bfQu\u00e9 pasa cuando quien descubre eso, advierte que es mucha la gente que no lo sabe y, por tanto, no ha de sentir nada frente a una obra particular,&nbsp;singular, reveladora de un talento del cual no se ten\u00eda noticias?<\/p>\n\n\n\n<p>Es lo que acontece con una exposici\u00f3n con obras de Vicente Pimentel, declarado Maestro el Maestro de la pintura dominicana 2020, por el Ministerio de Cultura), gracias a la exposici\u00f3n de las obras suyas, aportadas por la familia Van Der Horts.<\/p>\n\n\n\n<p>Esas obras son expresi\u00f3n de una gran historia, la cr\u00f3nica que&nbsp;atesora informaci\u00f3n, giros sorprendentes, dram\u00e1ticos cambios, transformaciones a punta de voluntad, exigencia de disciplina y renuncias, muchas renuncias, todo en funci\u00f3n de lograr su consagraci\u00f3n art\u00edstica.<\/p>\n\n\n\n<figure class=\"wp-block-image size-large\"><img loading=\"lazy\" decoding=\"async\" width=\"1024\" height=\"683\" src=\"https:\/\/diariodominicano.com\/wp-content\/uploads\/2023\/09\/Vicente-Pimentel-homenajeado-en-Paris-por-Unesco-y-Embajada-Dominicana-1-1024x683.webp\" alt=\"\" class=\"wp-image-472923\" srcset=\"https:\/\/diariodominicano.com\/wp-content\/uploads\/2023\/09\/Vicente-Pimentel-homenajeado-en-Paris-por-Unesco-y-Embajada-Dominicana-1-1024x683.webp 1024w, https:\/\/diariodominicano.com\/wp-content\/uploads\/2023\/09\/Vicente-Pimentel-homenajeado-en-Paris-por-Unesco-y-Embajada-Dominicana-1-300x200.webp 300w, https:\/\/diariodominicano.com\/wp-content\/uploads\/2023\/09\/Vicente-Pimentel-homenajeado-en-Paris-por-Unesco-y-Embajada-Dominicana-1-768x512.webp 768w, https:\/\/diariodominicano.com\/wp-content\/uploads\/2023\/09\/Vicente-Pimentel-homenajeado-en-Paris-por-Unesco-y-Embajada-Dominicana-1-816x544.webp 816w, https:\/\/diariodominicano.com\/wp-content\/uploads\/2023\/09\/Vicente-Pimentel-homenajeado-en-Paris-por-Unesco-y-Embajada-Dominicana-1.webp 1200w\" sizes=\"auto, (max-width: 1024px) 100vw, 1024px\" \/><figcaption> El homenaje del Senado de Francia, encabezado por presidente de la C\u00e1mara, G\u00e9rard Larcher, con la presencia de la embajadora dominicana en Francia, su excelencia Rosa Hern\u00e1ndez de Grull\u00f3n. <\/figcaption><\/figure>\n\n\n\n<p>Vicente Pimentel, un gran pintor al que le import\u00f3 poco figurar en las portadas de las p\u00e1ginas sociales de los diarios de su pa\u00eds, inaugurando muestras o exhibi\u00e9ndose en colectivas.<\/p>\n\n\n\n<p>Era un sacerdote silencioso de su arte, de su capacidad de expresarse, del estudio y dominio de las t\u00e9cnicas visuales. Nacido en el Caribe, morena la piel, sin&nbsp;l\u00edmites en sus aspiraciones de perfeccionar su talento, de fortalecer su quehacer con el impulso creativo de las corrientes pict\u00f3ricas universales, se decidi\u00f3 \u2013 tras sus estudios formales en la Escuela Nacional de Bellas Artes (en los que destac\u00f3 como un docente con responsabilidad y tenacidad en sus tareas), tom\u00f3 rumbo en 1976 a la Gran Europa. All\u00ed deb\u00eda perfeccionar sus t\u00e9cnicas y elevar al m\u00e1ximo sus inquietudes expresivas.<\/p>\n\n\n\n<p>Francia lo recibe como becado con el fin de profundizar y explotar su talento, lo cual logra con m\u00e9ritos y reconocimiento de la cr\u00edtica francesa y del resto del mundo. No tuvo, ni sinti\u00f3, necesidad de regresar a vivir el aire de Quisqueya, sin ser despreciativo de su origen.<\/p>\n\n\n\n<p>Segu\u00eda sintiendo el ser nacional por sus venas, solo que, en otro ambiente, ese que consideraba era el que mejores condiciones ofrec\u00eda para canalizar su necesidad de realizaci\u00f3n\u2026 Y perfecci\u00f3n art\u00edstica, requerido como estaba de tantas experiencias que incid\u00edan directamente en su crecimiento est\u00e9tico y personal.<\/p>\n\n\n\n<figure class=\"wp-block-image size-full\"><img loading=\"lazy\" decoding=\"async\" width=\"681\" height=\"400\" src=\"https:\/\/diariodominicano.com\/wp-content\/uploads\/2023\/09\/3-1.jpg\" alt=\"\" class=\"wp-image-472925\" srcset=\"https:\/\/diariodominicano.com\/wp-content\/uploads\/2023\/09\/3-1.jpg 681w, https:\/\/diariodominicano.com\/wp-content\/uploads\/2023\/09\/3-1-300x176.jpg 300w\" sizes=\"auto, (max-width: 681px) 100vw, 681px\" \/><figcaption> Una de las obras expuestas de Vicente Pimentel en Centro Cultural Banreservas, admirada por el p\u00fablico. <\/figcaption><\/figure>\n\n\n\n<p>Ahora&nbsp;se tiene la oportunidad de disfrutar de una muestra de su obra pict\u00f3rica de gran formato, gracias a la muestra abierta hasta el 8 de octubre en Centro Cultural Banreservas y su sala Ada&nbsp;Balc\u00e1cer, inaugurada la pasada semana, en colaboraci\u00f3n con la Familia Van Der Linder, lo m\u00ednimo que corresponde hacer es acudir a constatar porque la pintura de este creador dominicano, cuyo nombre no es tan conocido, es tan trascendente.<\/p>\n\n\n\n<p>\u201cHemos creado una modesta fundaci\u00f3n, que tiene un solo objetivo: promover a Vicente Pimentel con la idea de hacer un acto en cada provincia del pa\u00eds, lo que estamos es llev\u00e1ndolo a estudiantes de bellas artes en las provincias para hablar de su vida y legado\u201d, anunci\u00f3 Andr\u00e9s Van der&nbsp;Horst.<\/p>\n\n\n\n<p>Las palabras inaugurales estuvieron a cargo de Mijail Peralta, gerente de Cultura y director del Centro Cultural Banreservas, en las que indico que era un honor acoger las obras de Pimentel de parte de la Familia Van Der Horts, reconocida como una de las mas fieles coleccionistas de esas piezas.<\/p>\n\n\n\n<p>La muestra ofrece la oportunidad de admirar una obra pict\u00f3rica formidable, de giros creativos en los cuales la forma y el color se ponen a disposici\u00f3n de la gran experiencia visual, esa que ubica al espectador ante una obra sutil y compleja, expresiva y seductora.<\/p>\n\n\n\n<p>El ojo de la cr\u00edtica<\/p>\n\n\n\n<p>Galer\u00eda de Arte Dominicana que en la \u201cpintura de Pimentel predominan las formas abstractas flotando en el espacio, con alusiones&nbsp;neofigurativas, en presencia perdurable y fugacidad irreflexiva. Visualiza un futuro cargado de interrogantes, saturado por la tecnolog\u00eda y la descomposici\u00f3n f\u00edsica y espiritual\u201d (1)<\/p>\n\n\n\n<p>C\u00e1ndido&nbsp;Ger\u00f3n, narrador y cr\u00edtico visual, sostiene que \u00abPimentel fue el pintor del Caribe que se dej\u00f3 seducir por el aliento pl\u00e1stico franc\u00e9s, ambiente art\u00edstico que prefiri\u00f3 incluso por encima del atractivo de los museos y el arte de Estados Unidos. Con su obra, contundente, de talante internacional-neo humanista, social y cr\u00edtica &#8211; nos ha dejado un gran legado para las artes y la cultura dominicanas\u00bb.<\/p>\n\n\n\n<p>En Memoria de la Pintura Dominicana, el artista e historiador del arte Danilo de los Santos (1942-2018), se\u00f1ala que \u201cVicente Pimentel es un artista que produce una obra repleta de referentes subjetivos y po\u00e9ticos, que establece una b\u00fasqueda constante en la relaci\u00f3n figura-signo en sus dibujos.<\/p>\n\n\n\n<p>Ubicado en Francia, donde&nbsp;recodifica su pulso expresionista, paulatinamente llega a un notable discurso en el cual la abstracci\u00f3n no excluye el fuerte vigor de un movimiento diestro, conduci\u00e9ndose hacia el estado de la interioridad\u201d.<\/p>\n\n\n\n<p>De los Santos agrega en la citada obra:<\/p>\n\n\n\n<p>&nbsp;\u201cVicente Pimentel conceptualiza, desde sus figuras suspendidas y flotantes, un mundo percibido a su manera como complejo, pero de gran dominio de sus formas, colores, y estructuras que lo hicieron ganarse el coraz\u00f3n del p\u00fablico franc\u00e9s y las galer\u00edas que le abrieron sus puertas, como de coleccionistas relevantes\u201d.<\/p>\n\n\n\n<p>Jean-Luc Chalumeau (1939), reconocido historiador y cr\u00edtico del arte franc\u00e9s advierte:&nbsp;&nbsp;<\/p>\n\n\n\n<p>\u201c<em>Rompi\u00f3 barreras desde el momento que decide estudiar <\/em><em>arte, viniendo de una familia humilde y pobre, de un barrio popular, en una sociedad en donde en los a\u00f1os sesenta del pasado siglo la movilidad social era casi nula y el arte a\u00fan no era visto como un medio para ganarse la vida, como dicen muchos de los padres de hijos de familias pobres cuando escogen profesiones poco esperanzadoras para ellos\u201d.<\/em><\/p>\n\n\n\n<p>Amable&nbsp;L\u00f3pez, curador de esta exposici\u00f3n, que, desde su primera etapa creativa: <em>\u201cVicente Pimentel enfatiza sobre el dibujo, llevando esta categor\u00eda pl\u00e1stica al grado de la excelencia. Los espacios y atm\u00f3sferas de la monocrom\u00eda, las l\u00edneas febriles y sinuosas y los juegos de manchas y sombras vol\u00e1tiles, ser\u00e1n algunas de las principales caracter\u00edsticas de su dicci\u00f3n pl\u00e1stica inicial\u201d<\/em>. (2)<\/p>\n\n\n\n<p>Carlos And\u00fajar&nbsp;Persinal, actual director nacional de museos, ha escrito en Acento: <em>\u201cDe arte abstracto, su obra y dibujos bien <\/em><em>siluetados, Vicente Pimentel conceptualiza, desde sus figuras suspendidas y flotantes, un mundo percibido a su manera como complejo, pero de gran dominio de sus formas, colores, y estructuras que lo hicieron ganarse el coraz\u00f3n del p\u00fablico franc\u00e9s y las galer\u00edas que le abrieron sus puertas, como de coleccionistas importantes\u201d. <\/em><em>(3)<\/em>&nbsp;<\/p>\n\n\n\n<p>Su vida<\/p>\n\n\n\n<p>Vicente Pimentel nace en Santo Domingo, el 19 de julio de 1947. Entre 1963 y 1968 se forma en la Escuela Nacional de Bellas Artes, donde ser\u00eda profesor de dibujo desde 1969 hasta 1971. Muere el 28 de mayo de 2023, producto de complicaciones de condiciones de salud.<\/p>\n\n\n\n<p>Mucho antes de establecerse definitivamente en Europa, Vicente Pimentel ya hab\u00eda obtenido \u00e9xito y reconocimientos notables en su propio pa\u00eds, gracias a sus cualidades excepcionales como dibujante.<\/p>\n\n\n\n<p>Tan temprano como 1966, su dibujo a la tinta sobre papel titulado \u201cLa fuga\u201d, gana segundo Premio de Dibujo del II Concurso de Arte Eduardo Le\u00f3n Jimenes, su primer galard\u00f3n de arte.<\/p>\n\n\n\n<p>En 1971, el Ministerio de Asuntos Extranjeros de Francia le otorga una beca de estudios y en 1972 se diploma en la Escuela de Arte y Arquitectura de Marsella, secci\u00f3n Pintura. En 1973, presenta su primera exposici\u00f3n individual en el Museo del Hombre Dominicano.<\/p>\n\n\n\n<p>En 1974, retoma su labor en la Escuela Nacional de Bellas Artes (en la que fue profesor durante tres a\u00f1os), en la Escuela de Artes Pl\u00e1sticas de la Universidad Aut\u00f3noma de Santo Domingo y el Centro de Arte C\u00e1ndido Bid\u00f3.<\/p>\n\n\n\n<p>En 1976, retorna a Francia y se radica definitivamente en Par\u00eds. Entre 1976 y 1979, obtiene el Diploma Nacional Superior de Expresi\u00f3n Pl\u00e1stica-Menci\u00f3n Arte y Arquitectura de Marsella- en la Escuela de Bellas Artes de Par\u00eds. Entre 1978 y 1982, estudia Museolog\u00eda en la Escuela del Louvre y la UNESCO con Sr. Georges Henri Riviere.<\/p>\n\n\n\n<p>En 1979, expone individualmente en los espacios de la \u201cCit\u00e9&nbsp;internationale des Arts\u201d, Par\u00eds, Francia. En 1988, realiza estudios de Animaci\u00f3n Museogr\u00e1fica en el Centro Georges Pompidou.<\/p>\n\n\n\n<p>A principios de la d\u00e9cada de 1980, Vicente Pimental, en&nbsp;un viaje a los Estados Unidos y permanece durante una breve temporada en la ciudad de Nueva York, donde conoce y estrecha amistad con el superdotado artista Jean-Michel Basquiat (1960-1988) y el galerista Leo Castelli (1907-1999), quien le invitar\u00eda a radicarse en la Gran Manzana y formar parte de sus artistas representados. Esto no fue posible, ya que Vicente Pimentel se hab\u00eda encari\u00f1ado y compenetrado la cultura francesa.<\/p>\n\n\n\n<p>En Par\u00eds, el primer gran apoyo que recibi\u00f3 Vicente Pimentel fue de parte de la se\u00f1ora Claude Jacqueline&nbsp;Cahour (1912-2007), tambi\u00e9n conocida como Madame Claude Pompidou, primera dama de Francia entre 1969 y 1974) y viuda del expresidente Georges Jean Raymond Pompidou (1911-1974). Fil\u00e1ntropa, mecenas cultural y patrocinadora del arte y los artistas, Claude Pompidou se caracterizaba por su gran sensibilidad social, su elegancia personal y su amplia cultura human\u00edstica.<\/p>\n\n\n\n<p>Como pintor, fue uno de los iniciadores de recibir a los ni\u00f1os con l\u00e1pices de colores en los museos, para acercarlos a la actividad art\u00edstica. Esta primera apertura de un museo al trabajo pr\u00e1ctico de los ni\u00f1os no es una cuesti\u00f3n de \u00abcopia\u00bb tuvo lugar en el Museo de Monumentos Franceses, Palacio del Trocadero, en los a\u00f1os 80 en beneficio de los alumnos de una peque\u00f1a escuela primaria de un pueblecito de Loz\u00e8re, el de Chabrits. Y esta aventura ha continuado.<\/p>\n\n\n\n<p>Vicente Pimentel siempre quiso mostrar y compartir su obra, una obra tan po\u00e9tica y lo hac\u00eda con humildad, y su gran dominio del arte pict\u00f3rico. Coordin\u00f3 con las universidades de Par\u00eds I \u2013 Panth\u00e9on Sorbonne, UFR de Historia, y la Universidad de Versalles Saint Quentin, en Yvelines (UVSQ), en el marco de las salidas de campo con el tema del patrimonio y la memoria, los alumnos del M\u00e1ster fueron acogidos en la colmena art\u00edstica que es el antiguo Frigos, pero tambi\u00e9n un encuentro, en este mismo lugar, del artista en su estudio.<\/p>\n\n\n\n<p>Los alumnos franceses descubrieron el real sentido de sus las obras, pero a\u00fan m\u00e1s, acercarse a la creaci\u00f3n art\u00edstica de un gran artista que les permiti\u00f3 descubrir y cuestionar una obra en curso. Los animados intercambios permitieron a los estudiantes vivir una experiencia \u00fanica, la de vislumbrar la creaci\u00f3n art\u00edstica.<\/p>\n\n\n\n<p>En su opini\u00f3n, divulgada en varios medios de comunicaci\u00f3n, Pimentel, estos encuentros e intercambios le permitieron abrir su obra a un gran n\u00famero de j\u00f3venes, para transmitir su enfoque existencial y art\u00edstico.<\/p>\n\n\n\n<p>Pimentel acogi\u00f3 muchos grupos en su estudio y demostrar as\u00ed la necesidad del arte, lo que se le agradece cari\u00f1osamente. Estos \u00faltimos estudiantes estaban form\u00e1ndose en Mediaci\u00f3n Cultural.<\/p>\n\n\n\n<p>En 1982, Pimentel recibi\u00f3 el premio Ville de Vitry en Francia. En 2001, recibi\u00f3 el premio del Sal\u00f3n de Sanoi y la medalla del Consejo General de Oise (Francia).<\/p>\n\n\n\n<p>En 2020, el Ministerio de Cultura de su pais, le reconoci\u00f3 a otorg\u00e1ndole el Premio Nacional de Artes Pl\u00e1sticas, el m\u00e1ximo galard\u00f3n de las artes pl\u00e1sticas y visuales en la Rep\u00fablica Dominicana.<\/p>\n\n\n\n<figure class=\"wp-block-table\"><table><tbody><tr><td><\/td><\/tr><\/tbody><\/table><\/figure>\n\n\n\n<p>Enlaces relacionados:<\/p>\n\n\n\n<p>(1)&nbsp;<a href=\"https:\/\/www.galeriadeartedominicana.com\/cat.php?id=17005#:~:text=Estudi%C3%B3%20en%20la%20Escuela%20Nacional,obtenido%20en%201982%20en%20Francia\">https:\/\/www.galeriadeartedominicana.com\/cat.php?id=17005#:~:text=Estudi%C3%B3%20en%20la%20Escuela%20Nacional,obtenido%20en%201982%20en%20Francia<\/a>.<\/p>\n\n\n\n<p>(2)&nbsp;<a href=\"https:\/\/hoy.com.do\/vicente-pimentel-huellas-cifras-y-fugas-de-la-memoria\/\">https:\/\/hoy.com.do\/vicente-pimentel-huellas-cifras-y-fugas-de-la-memoria\/<\/a><\/p>\n\n\n\n<p>(3)<a href=\"https:\/\/acento.com.do\/cultura\/vicente-pimentel-venciendo-barreras-9219975.html\">https:\/\/acento.com.do\/cultura\/vicente-pimentel-venciendo-barreras-9219975.html<\/a><\/p>\n","protected":false},"excerpt":{"rendered":"<p>Vicente Pimentel a pocos a\u00f1os de haber llegado a Paris, urbe que lo acogi\u00f3 por su talento. Foto suministrada La muestra pict\u00f3rica es un tesoro de formas, tendencias y giros visuales que estar\u00e1 abierta hasta el 8 de octubre. Se trata de un patrimonio est\u00e9tico digno de ser admirado Jos\u00e9 Rafael Sosa \u00bfQu\u00e9 ocurre cuando [&hellip;]<\/p>\n","protected":false},"author":28,"featured_media":472921,"comment_status":"closed","ping_status":"","sticky":true,"template":"","format":"standard","meta":{"footnotes":""},"categories":[21,36,20,27,32],"tags":[],"class_list":["post-472916","post","type-post","status-publish","format-standard","has-post-thumbnail","hentry","category-cultura","category-hombresmujeresycosas","category-dominicana-hoy","category-portada","category-turismo"],"_links":{"self":[{"href":"https:\/\/diariodominicano.com\/index.php?rest_route=\/wp\/v2\/posts\/472916","targetHints":{"allow":["GET"]}}],"collection":[{"href":"https:\/\/diariodominicano.com\/index.php?rest_route=\/wp\/v2\/posts"}],"about":[{"href":"https:\/\/diariodominicano.com\/index.php?rest_route=\/wp\/v2\/types\/post"}],"author":[{"embeddable":true,"href":"https:\/\/diariodominicano.com\/index.php?rest_route=\/wp\/v2\/users\/28"}],"replies":[{"embeddable":true,"href":"https:\/\/diariodominicano.com\/index.php?rest_route=%2Fwp%2Fv2%2Fcomments&post=472916"}],"version-history":[{"count":6,"href":"https:\/\/diariodominicano.com\/index.php?rest_route=\/wp\/v2\/posts\/472916\/revisions"}],"predecessor-version":[{"id":472927,"href":"https:\/\/diariodominicano.com\/index.php?rest_route=\/wp\/v2\/posts\/472916\/revisions\/472927"}],"wp:featuredmedia":[{"embeddable":true,"href":"https:\/\/diariodominicano.com\/index.php?rest_route=\/wp\/v2\/media\/472921"}],"wp:attachment":[{"href":"https:\/\/diariodominicano.com\/index.php?rest_route=%2Fwp%2Fv2%2Fmedia&parent=472916"}],"wp:term":[{"taxonomy":"category","embeddable":true,"href":"https:\/\/diariodominicano.com\/index.php?rest_route=%2Fwp%2Fv2%2Fcategories&post=472916"},{"taxonomy":"post_tag","embeddable":true,"href":"https:\/\/diariodominicano.com\/index.php?rest_route=%2Fwp%2Fv2%2Ftags&post=472916"}],"curies":[{"name":"wp","href":"https:\/\/api.w.org\/{rel}","templated":true}]}}