{"id":472798,"date":"2023-09-17T12:28:21","date_gmt":"2023-09-17T16:28:21","guid":{"rendered":"http:\/\/diariodominicano.com\/?p=472798"},"modified":"2023-09-17T22:11:22","modified_gmt":"2023-09-18T02:11:22","slug":"fundacion-eduardo-leon-jimenes-y-fundacion-sinfonia-celebran-la-gala-de-ganadores-van-cliburn-2023","status":"publish","type":"post","link":"https:\/\/diariodominicano.com\/?p=472798","title":{"rendered":"Fundaci\u00f3n Eduardo Le\u00f3n Jimenes y Fundaci\u00f3n Sinfon\u00eda celebran la Gala de Ganadores Van Cliburn 2023"},"content":{"rendered":"\n<p>Marcos Jos\u00e9 Jorge, Mar\u00eda Elena Aguayo, Mar\u00eda Amalia Le\u00f3n, Raquel Pe\u00f1a, Carlos Veitia, Margarita Miranda y Mariso Rodr\u00edguez Copello y Jorge Aguayo.<\/p>\n\n\n\n<p><em>Los tres ganadores de esta prestigiosa competencia internacional de piano se presentaron a casa llena en la Sala Carlos Piantini del Teatro Nacional.<\/em><\/p>\n\n\n\n<figure class=\"wp-block-image size-large\"><img loading=\"lazy\" decoding=\"async\" width=\"1024\" height=\"683\" src=\"https:\/\/diariodominicano.com\/wp-content\/uploads\/2023\/09\/Maria-Elena-Aguayo-Maria-Amalia-Leon-Raquel-Pena-Carlos-Veitia-Margarita-Miranda-y-Mariso-Rodriguez-Copello.-1-1024x683.jpg\" alt=\"\" class=\"wp-image-472813\" srcset=\"https:\/\/diariodominicano.com\/wp-content\/uploads\/2023\/09\/Maria-Elena-Aguayo-Maria-Amalia-Leon-Raquel-Pena-Carlos-Veitia-Margarita-Miranda-y-Mariso-Rodriguez-Copello.-1-1024x683.jpg 1024w, https:\/\/diariodominicano.com\/wp-content\/uploads\/2023\/09\/Maria-Elena-Aguayo-Maria-Amalia-Leon-Raquel-Pena-Carlos-Veitia-Margarita-Miranda-y-Mariso-Rodriguez-Copello.-1-300x200.jpg 300w, https:\/\/diariodominicano.com\/wp-content\/uploads\/2023\/09\/Maria-Elena-Aguayo-Maria-Amalia-Leon-Raquel-Pena-Carlos-Veitia-Margarita-Miranda-y-Mariso-Rodriguez-Copello.-1-768x512.jpg 768w, https:\/\/diariodominicano.com\/wp-content\/uploads\/2023\/09\/Maria-Elena-Aguayo-Maria-Amalia-Leon-Raquel-Pena-Carlos-Veitia-Margarita-Miranda-y-Mariso-Rodriguez-Copello.-1-1536x1024.jpg 1536w, https:\/\/diariodominicano.com\/wp-content\/uploads\/2023\/09\/Maria-Elena-Aguayo-Maria-Amalia-Leon-Raquel-Pena-Carlos-Veitia-Margarita-Miranda-y-Mariso-Rodriguez-Copello.-1-2048x1365.jpg 2048w, https:\/\/diariodominicano.com\/wp-content\/uploads\/2023\/09\/Maria-Elena-Aguayo-Maria-Amalia-Leon-Raquel-Pena-Carlos-Veitia-Margarita-Miranda-y-Mariso-Rodriguez-Copello.-1-816x544.jpg 816w\" sizes=\"auto, (max-width: 1024px) 100vw, 1024px\" \/><figcaption>Mar\u00eda Elena Aguayo, Mar\u00eda Amalia Le\u00f3n, Raquel Pe\u00f1a, Carlos Veitia, Margarita Miranda y Mariso Rodr\u00edguez Copello.<\/figcaption><\/figure>\n\n\n\n<h1 class=\"wp-block-heading\">La Fundaci\u00f3n Eduardo Le\u00f3n Jimenes y la Fundaci\u00f3n Sinfon\u00eda celebraron la noche de este mi\u00e9rcoles 13 de septiembre la octava edici\u00f3n de la Gala de Ganadores del Concurso Internacional de Piano Van Cliburn, una ocasi\u00f3n que sirvi\u00f3 adem\u00e1s para conmemorar los 30 a\u00f1os de esta iniciativa que vio la luz por vez primera en 1993, en el marco del 90 aniversario de E. Le\u00f3n Jimenes.<\/h1>\n\n\n\n<h1 class=\"wp-block-heading\">&nbsp;<\/h1>\n\n\n\n<figure class=\"wp-block-image size-large\"><img loading=\"lazy\" decoding=\"async\" width=\"1024\" height=\"683\" src=\"https:\/\/diariodominicano.com\/wp-content\/uploads\/2023\/09\/Alberto-Alonzo-Guillermo-Amore-Jorge-Aguayo-Ana-Dutra-Nicolas-Bahamon-Yakaira-Perez-Marcos-Jose-Jorge-y-Fernando-Nido-1024x683.jpg\" alt=\"\" class=\"wp-image-472824\" srcset=\"https:\/\/diariodominicano.com\/wp-content\/uploads\/2023\/09\/Alberto-Alonzo-Guillermo-Amore-Jorge-Aguayo-Ana-Dutra-Nicolas-Bahamon-Yakaira-Perez-Marcos-Jose-Jorge-y-Fernando-Nido-1024x683.jpg 1024w, https:\/\/diariodominicano.com\/wp-content\/uploads\/2023\/09\/Alberto-Alonzo-Guillermo-Amore-Jorge-Aguayo-Ana-Dutra-Nicolas-Bahamon-Yakaira-Perez-Marcos-Jose-Jorge-y-Fernando-Nido-300x200.jpg 300w, https:\/\/diariodominicano.com\/wp-content\/uploads\/2023\/09\/Alberto-Alonzo-Guillermo-Amore-Jorge-Aguayo-Ana-Dutra-Nicolas-Bahamon-Yakaira-Perez-Marcos-Jose-Jorge-y-Fernando-Nido-768x512.jpg 768w, https:\/\/diariodominicano.com\/wp-content\/uploads\/2023\/09\/Alberto-Alonzo-Guillermo-Amore-Jorge-Aguayo-Ana-Dutra-Nicolas-Bahamon-Yakaira-Perez-Marcos-Jose-Jorge-y-Fernando-Nido-1536x1024.jpg 1536w, https:\/\/diariodominicano.com\/wp-content\/uploads\/2023\/09\/Alberto-Alonzo-Guillermo-Amore-Jorge-Aguayo-Ana-Dutra-Nicolas-Bahamon-Yakaira-Perez-Marcos-Jose-Jorge-y-Fernando-Nido-2048x1365.jpg 2048w, https:\/\/diariodominicano.com\/wp-content\/uploads\/2023\/09\/Alberto-Alonzo-Guillermo-Amore-Jorge-Aguayo-Ana-Dutra-Nicolas-Bahamon-Yakaira-Perez-Marcos-Jose-Jorge-y-Fernando-Nido-816x544.jpg 816w\" sizes=\"auto, (max-width: 1024px) 100vw, 1024px\" \/><figcaption>Alberto Alonzo, Guillermo Amore, Jorge Aguayo, Ana Dutra, Nicol\u00e1s Baham\u00f3n, Yakaira P\u00e9rez, Marcos Jos\u00e9 Jorge y Fernando Nido<\/figcaption><\/figure>\n\n\n\n<h1 class=\"wp-block-heading\">La Sala Carlos Piantini del Teatro Nacional Eduardo Brito fue el escenario de este esperado concierto que reuni\u00f3 una vez m\u00e1s a los ganadores del prestigioso concurso, siendo la Rep\u00fablica Dominicana el \u00fanico pa\u00eds del mundo que suma esfuerzos para que este encuentro sea posible.<\/h1>\n\n\n\n<figure class=\"wp-block-image size-large\"><img loading=\"lazy\" decoding=\"async\" width=\"1024\" height=\"683\" src=\"https:\/\/diariodominicano.com\/wp-content\/uploads\/2023\/09\/Alejandro-Fernandez-Stella-Leon-Jorge-Aguayo-Manuel-Jose-Tarrazo-y-Pilar-Granados-de-Aguayo-1-1024x683.jpg\" alt=\"\" class=\"wp-image-472835\" srcset=\"https:\/\/diariodominicano.com\/wp-content\/uploads\/2023\/09\/Alejandro-Fernandez-Stella-Leon-Jorge-Aguayo-Manuel-Jose-Tarrazo-y-Pilar-Granados-de-Aguayo-1-1024x683.jpg 1024w, https:\/\/diariodominicano.com\/wp-content\/uploads\/2023\/09\/Alejandro-Fernandez-Stella-Leon-Jorge-Aguayo-Manuel-Jose-Tarrazo-y-Pilar-Granados-de-Aguayo-1-300x200.jpg 300w, https:\/\/diariodominicano.com\/wp-content\/uploads\/2023\/09\/Alejandro-Fernandez-Stella-Leon-Jorge-Aguayo-Manuel-Jose-Tarrazo-y-Pilar-Granados-de-Aguayo-1-768x512.jpg 768w, https:\/\/diariodominicano.com\/wp-content\/uploads\/2023\/09\/Alejandro-Fernandez-Stella-Leon-Jorge-Aguayo-Manuel-Jose-Tarrazo-y-Pilar-Granados-de-Aguayo-1-1536x1024.jpg 1536w, https:\/\/diariodominicano.com\/wp-content\/uploads\/2023\/09\/Alejandro-Fernandez-Stella-Leon-Jorge-Aguayo-Manuel-Jose-Tarrazo-y-Pilar-Granados-de-Aguayo-1-2048x1365.jpg 2048w, https:\/\/diariodominicano.com\/wp-content\/uploads\/2023\/09\/Alejandro-Fernandez-Stella-Leon-Jorge-Aguayo-Manuel-Jose-Tarrazo-y-Pilar-Granados-de-Aguayo-1-816x544.jpg 816w\" sizes=\"auto, (max-width: 1024px) 100vw, 1024px\" \/><figcaption>Alejandro Fernandez, Stella Le\u00f3n, Jorge Aguayo, Manuel Jos\u00e9 Tarrazo y Pilar Granados de Aguayo<\/figcaption><\/figure>\n\n\n\n<h1 class=\"wp-block-heading\">&nbsp;<\/h1>\n\n\n\n<h1 class=\"wp-block-heading\">En esta oportunidad, los virtuosos del piano: Yunchan Lim (Corea del Sur, medalla de oro), Anna Geniushene (Rusia, medalla de plata) y Dmytro Choni (Ucrania, medalla de bronce), protagonizaron una noche inolvidable, colmada de m\u00fasica que eleva el esp\u00edritu, acompa\u00f1ados por la Orquesta Sinf\u00f3nica Nacional, bajo la direcci\u00f3n del maestro Jos\u00e9 Antonio Molina, quien logr\u00f3 generar una qu\u00edmica \u00fanica y colaborativa entre el conjunto musical y los solistas invitados.<\/h1>\n\n\n\n<figure class=\"wp-block-image size-large\"><img loading=\"lazy\" decoding=\"async\" width=\"1024\" height=\"683\" src=\"https:\/\/diariodominicano.com\/wp-content\/uploads\/2023\/09\/Carmen-Rita-Malagon-Fidel-Lopez-Maridalia-Hernandez-y-Roger-Zayas.-1-1024x683.jpg\" alt=\"\" class=\"wp-image-472901\" srcset=\"https:\/\/diariodominicano.com\/wp-content\/uploads\/2023\/09\/Carmen-Rita-Malagon-Fidel-Lopez-Maridalia-Hernandez-y-Roger-Zayas.-1-1024x683.jpg 1024w, https:\/\/diariodominicano.com\/wp-content\/uploads\/2023\/09\/Carmen-Rita-Malagon-Fidel-Lopez-Maridalia-Hernandez-y-Roger-Zayas.-1-300x200.jpg 300w, https:\/\/diariodominicano.com\/wp-content\/uploads\/2023\/09\/Carmen-Rita-Malagon-Fidel-Lopez-Maridalia-Hernandez-y-Roger-Zayas.-1-768x512.jpg 768w, https:\/\/diariodominicano.com\/wp-content\/uploads\/2023\/09\/Carmen-Rita-Malagon-Fidel-Lopez-Maridalia-Hernandez-y-Roger-Zayas.-1-1536x1024.jpg 1536w, https:\/\/diariodominicano.com\/wp-content\/uploads\/2023\/09\/Carmen-Rita-Malagon-Fidel-Lopez-Maridalia-Hernandez-y-Roger-Zayas.-1-2048x1365.jpg 2048w, https:\/\/diariodominicano.com\/wp-content\/uploads\/2023\/09\/Carmen-Rita-Malagon-Fidel-Lopez-Maridalia-Hernandez-y-Roger-Zayas.-1-816x544.jpg 816w\" sizes=\"auto, (max-width: 1024px) 100vw, 1024px\" \/><figcaption>Carmen Rita Malag\u00f3n, Fidel L\u00f3pez, Maridalia Hern\u00e1ndez y Roger Zayas. <\/figcaption><\/figure>\n\n\n\n<figure class=\"wp-block-image size-large\"><img loading=\"lazy\" decoding=\"async\" width=\"1024\" height=\"683\" src=\"https:\/\/diariodominicano.com\/wp-content\/uploads\/2023\/09\/Ana-Prota-de-Vidal-Carla-Vidal-y-Beatriz-Badia-Thomen.-1-1024x683.jpg\" alt=\"\" class=\"wp-image-472899\" srcset=\"https:\/\/diariodominicano.com\/wp-content\/uploads\/2023\/09\/Ana-Prota-de-Vidal-Carla-Vidal-y-Beatriz-Badia-Thomen.-1-1024x683.jpg 1024w, https:\/\/diariodominicano.com\/wp-content\/uploads\/2023\/09\/Ana-Prota-de-Vidal-Carla-Vidal-y-Beatriz-Badia-Thomen.-1-300x200.jpg 300w, https:\/\/diariodominicano.com\/wp-content\/uploads\/2023\/09\/Ana-Prota-de-Vidal-Carla-Vidal-y-Beatriz-Badia-Thomen.-1-768x512.jpg 768w, https:\/\/diariodominicano.com\/wp-content\/uploads\/2023\/09\/Ana-Prota-de-Vidal-Carla-Vidal-y-Beatriz-Badia-Thomen.-1-1536x1024.jpg 1536w, https:\/\/diariodominicano.com\/wp-content\/uploads\/2023\/09\/Ana-Prota-de-Vidal-Carla-Vidal-y-Beatriz-Badia-Thomen.-1-816x544.jpg 816w, https:\/\/diariodominicano.com\/wp-content\/uploads\/2023\/09\/Ana-Prota-de-Vidal-Carla-Vidal-y-Beatriz-Badia-Thomen.-1.jpg 1623w\" sizes=\"auto, (max-width: 1024px) 100vw, 1024px\" \/><figcaption>Ana Prota de Vidal, Carla Vidal y Beatriz Bad\u00eda Thom\u00e9n. <\/figcaption><\/figure>\n\n\n\n<h1 class=\"wp-block-heading\">&nbsp;<\/h1>\n\n\n\n<figure class=\"wp-block-image size-large\"><img loading=\"lazy\" decoding=\"async\" width=\"1024\" height=\"683\" src=\"https:\/\/diariodominicano.com\/wp-content\/uploads\/2023\/09\/Charla-pre-concierto-conducido-por-Margarita-Miranda-y-Eduardo-Villanueva.-1024x683.jpg\" alt=\"\" class=\"wp-image-472903\" srcset=\"https:\/\/diariodominicano.com\/wp-content\/uploads\/2023\/09\/Charla-pre-concierto-conducido-por-Margarita-Miranda-y-Eduardo-Villanueva.-1024x683.jpg 1024w, https:\/\/diariodominicano.com\/wp-content\/uploads\/2023\/09\/Charla-pre-concierto-conducido-por-Margarita-Miranda-y-Eduardo-Villanueva.-300x200.jpg 300w, https:\/\/diariodominicano.com\/wp-content\/uploads\/2023\/09\/Charla-pre-concierto-conducido-por-Margarita-Miranda-y-Eduardo-Villanueva.-768x512.jpg 768w, https:\/\/diariodominicano.com\/wp-content\/uploads\/2023\/09\/Charla-pre-concierto-conducido-por-Margarita-Miranda-y-Eduardo-Villanueva.-1536x1024.jpg 1536w, https:\/\/diariodominicano.com\/wp-content\/uploads\/2023\/09\/Charla-pre-concierto-conducido-por-Margarita-Miranda-y-Eduardo-Villanueva.-2048x1366.jpg 2048w, https:\/\/diariodominicano.com\/wp-content\/uploads\/2023\/09\/Charla-pre-concierto-conducido-por-Margarita-Miranda-y-Eduardo-Villanueva.-816x544.jpg 816w\" sizes=\"auto, (max-width: 1024px) 100vw, 1024px\" \/><figcaption>Charla pre-concierto conducido por Margarita Miranda y Eduardo Villanueva.<\/figcaption><\/figure>\n\n\n\n<p>A casa llena, los mel\u00f3manos esperaron con ansias el banquete musical, que inici\u00f3 en manos del ucraniano Dmytro Choni, ganador de la medalla de bronce, con el Concierto No. 3 del genio alem\u00e1n Ludwig van Beethoven. Dmytro se destac\u00f3 por su musicalidad elegante y convincente, aunada a una presencia en el escenario, genuina y cautivadora.<\/p>\n\n\n\n<figure class=\"wp-block-image size-large\"><img loading=\"lazy\" decoding=\"async\" width=\"1024\" height=\"683\" src=\"https:\/\/diariodominicano.com\/wp-content\/uploads\/2023\/09\/Familia-Leon-Jimenes.-1024x683.jpg\" alt=\"\" class=\"wp-image-472906\" srcset=\"https:\/\/diariodominicano.com\/wp-content\/uploads\/2023\/09\/Familia-Leon-Jimenes.-1024x683.jpg 1024w, https:\/\/diariodominicano.com\/wp-content\/uploads\/2023\/09\/Familia-Leon-Jimenes.-300x200.jpg 300w, https:\/\/diariodominicano.com\/wp-content\/uploads\/2023\/09\/Familia-Leon-Jimenes.-768x512.jpg 768w, https:\/\/diariodominicano.com\/wp-content\/uploads\/2023\/09\/Familia-Leon-Jimenes.-1536x1024.jpg 1536w, https:\/\/diariodominicano.com\/wp-content\/uploads\/2023\/09\/Familia-Leon-Jimenes.-2048x1365.jpg 2048w, https:\/\/diariodominicano.com\/wp-content\/uploads\/2023\/09\/Familia-Leon-Jimenes.-816x544.jpg 816w\" sizes=\"auto, (max-width: 1024px) 100vw, 1024px\" \/><figcaption>Familia Le\u00f3n Jimenes.<\/figcaption><\/figure>\n\n\n\n<p>A seguidas, la aclamada Anna Geniushene (medalla de plata) deleit\u00f3 a los presentes con el Concierto No. 1 en Si bemol menor de su compatriota, el ruso Piotr I. Chaikovski, uno de los&nbsp;conciertos m\u00e1s famosos del repertorio cl\u00e1sico universal. Con su colorida ejecuci\u00f3n y personalidad musical contundente, Anna dio c\u00e1tedra de virtuosismo a todos los presentes.&nbsp;<\/p>\n\n\n\n<p>Para cerrar la velada, el m\u00e1s joven en obtener la medalla de oro en toda la historia del concurso, Yunchan Lim, de Corea del Sur, interpret\u00f3 el rom\u00e1ntico Concierto en La menor, de Robert Schumann, con el que demostr\u00f3 una vez m\u00e1s las razones que le hicieron merecedor del primer lugar. Su habilidad <em>quasi<\/em> m\u00e1gica y t\u00e9cnica prodigiosa despertaron el asombr\u00f3 de un p\u00fablico que naveg\u00f3 entre las luces y sombras de la partitura ejecutada. Durante su participaci\u00f3n, Lim logr\u00f3 una conexi\u00f3n m\u00e1gica con la orquesta y su director, creando una atm\u00f3sfera de exaltaci\u00f3n musical que cautiv\u00f3 a la audiencia de principio a fin.<\/p>\n\n\n\n<figure class=\"wp-block-image size-large\"><img loading=\"lazy\" decoding=\"async\" width=\"1024\" height=\"683\" src=\"https:\/\/diariodominicano.com\/wp-content\/uploads\/2023\/09\/El-concierto-contaba-con-la-Orquesta-Sinfonica-Nacional-1024x683.jpg\" alt=\"\" class=\"wp-image-472908\" srcset=\"https:\/\/diariodominicano.com\/wp-content\/uploads\/2023\/09\/El-concierto-contaba-con-la-Orquesta-Sinfonica-Nacional-1024x683.jpg 1024w, https:\/\/diariodominicano.com\/wp-content\/uploads\/2023\/09\/El-concierto-contaba-con-la-Orquesta-Sinfonica-Nacional-300x200.jpg 300w, https:\/\/diariodominicano.com\/wp-content\/uploads\/2023\/09\/El-concierto-contaba-con-la-Orquesta-Sinfonica-Nacional-768x512.jpg 768w, https:\/\/diariodominicano.com\/wp-content\/uploads\/2023\/09\/El-concierto-contaba-con-la-Orquesta-Sinfonica-Nacional-1536x1024.jpg 1536w, https:\/\/diariodominicano.com\/wp-content\/uploads\/2023\/09\/El-concierto-contaba-con-la-Orquesta-Sinfonica-Nacional-816x544.jpg 816w, https:\/\/diariodominicano.com\/wp-content\/uploads\/2023\/09\/El-concierto-contaba-con-la-Orquesta-Sinfonica-Nacional.jpg 1623w\" sizes=\"auto, (max-width: 1024px) 100vw, 1024px\" \/><figcaption>El concierto contaba con la Orquesta Sinf\u00f3nica Nacional<\/figcaption><\/figure>\n\n\n\n<h1 class=\"wp-block-heading\">Los tres ganadores interpretaron el programa de la noche en el nuevo piano donado por E. Le\u00f3n Jimenes al Teatro Nacional. Se trata de un gran piano de concierto modelo D de la casa Steinway &amp; Sons, que representa el est\u00e1ndar internacional de las principales salas del mundo por su alta calidad, incomparable sonido y proceso de fabricaci\u00f3n artesanal. Su selecci\u00f3n estuvo a cargo del aclamado pianista ruso Daniil Trifonov, quien viaj\u00f3 de manera exclusiva a la f\u00e1brica ubicada en Astoria, Nueva York, y eligi\u00f3 especialmente para la Rep\u00fablica Dominicana este modelo, adquirido por un monto superior a los 200 mil d\u00f3lares. &nbsp;<\/h1>\n\n\n\n<h1 class=\"wp-block-heading\">&nbsp;<\/h1>\n\n\n\n<h1 class=\"wp-block-heading\">Durante la gala, los asistentes disfrutaron de un audiovisual preparado especialmente para la ocasi\u00f3n, que cuenta el origen de esta donaci\u00f3n, as\u00ed como el proceso de elecci\u00f3n y adquisici\u00f3n del instrumento.<\/h1>\n\n\n\n<h1 class=\"wp-block-heading\">&nbsp;<\/h1>\n\n\n\n<p>Este a\u00f1o, como un regalo a la ciudad de Santiago de los Caballeros, el concierto fue transmitido en vivo en el auditorio del Centro Le\u00f3n, totalmente gratis. Adem\u00e1s, como una forma de acercar a la poblaci\u00f3n estudiantil a m\u00fasicos de esta categor\u00eda, el ensayo general del concierto cont\u00f3 con la presencia de m\u00e1s de 300 estudiantes pertenecientes a escuelas y agrupaciones musicales del sector p\u00fablico y privado, quienes se trasladaron desde distintos puntos del pa\u00eds para vivir la experiencia.<\/p>\n\n\n\n<p>Con la celebraci\u00f3n de este evento, uno de los acontecimientos art\u00edsticos cl\u00e1sicos de mayor relevancia en el pa\u00eds, la Fundaci\u00f3n Eduardo Le\u00f3n Jimenes y la Fundaci\u00f3n Sinfon\u00eda reafirman nueva vez su compromiso con el desarrollo de las artes y la cultura en la Rep\u00fablica Dominicana.<\/p>\n\n\n\n<p>La gala cont\u00f3 con los auspicios de E. Le\u00f3n Jimenes, Cervecer\u00eda Nacional Dominicana, Banco Popular Dominicano, Grupo Propagas, Banco BHD, Citi Private Bank, Ernst &amp; Young, Grupo SID, Hotel El Embajador, Banco BDI, Banco L\u00f3pez de Haro y Grupo Viamar.<\/p>\n\n\n\n<p>Henry Coradin<a target=\"_blank\" href=\"mailto:henrycoradinrelacionespublicas@gmail.com\" rel=\"noreferrer noopener\">henrycoradinrelacionespublicas<\/a><\/p>\n","protected":false},"excerpt":{"rendered":"<p>Marcos Jos\u00e9 Jorge, Mar\u00eda Elena Aguayo, Mar\u00eda Amalia Le\u00f3n, Raquel Pe\u00f1a, Carlos Veitia, Margarita Miranda y Mariso Rodr\u00edguez Copello y Jorge Aguayo. Los tres ganadores de esta prestigiosa competencia internacional de piano se presentaron a casa llena en la Sala Carlos Piantini del Teatro Nacional. La Fundaci\u00f3n Eduardo Le\u00f3n Jimenes y la Fundaci\u00f3n Sinfon\u00eda celebraron [&hellip;]<\/p>\n","protected":false},"author":28,"featured_media":472799,"comment_status":"closed","ping_status":"","sticky":true,"template":"","format":"standard","meta":{"footnotes":""},"categories":[21,36,25,32],"tags":[],"class_list":["post-472798","post","type-post","status-publish","format-standard","has-post-thumbnail","hentry","category-cultura","category-hombresmujeresycosas","category-gente","category-turismo"],"_links":{"self":[{"href":"https:\/\/diariodominicano.com\/index.php?rest_route=\/wp\/v2\/posts\/472798","targetHints":{"allow":["GET"]}}],"collection":[{"href":"https:\/\/diariodominicano.com\/index.php?rest_route=\/wp\/v2\/posts"}],"about":[{"href":"https:\/\/diariodominicano.com\/index.php?rest_route=\/wp\/v2\/types\/post"}],"author":[{"embeddable":true,"href":"https:\/\/diariodominicano.com\/index.php?rest_route=\/wp\/v2\/users\/28"}],"replies":[{"embeddable":true,"href":"https:\/\/diariodominicano.com\/index.php?rest_route=%2Fwp%2Fv2%2Fcomments&post=472798"}],"version-history":[{"count":16,"href":"https:\/\/diariodominicano.com\/index.php?rest_route=\/wp\/v2\/posts\/472798\/revisions"}],"predecessor-version":[{"id":472909,"href":"https:\/\/diariodominicano.com\/index.php?rest_route=\/wp\/v2\/posts\/472798\/revisions\/472909"}],"wp:featuredmedia":[{"embeddable":true,"href":"https:\/\/diariodominicano.com\/index.php?rest_route=\/wp\/v2\/media\/472799"}],"wp:attachment":[{"href":"https:\/\/diariodominicano.com\/index.php?rest_route=%2Fwp%2Fv2%2Fmedia&parent=472798"}],"wp:term":[{"taxonomy":"category","embeddable":true,"href":"https:\/\/diariodominicano.com\/index.php?rest_route=%2Fwp%2Fv2%2Fcategories&post=472798"},{"taxonomy":"post_tag","embeddable":true,"href":"https:\/\/diariodominicano.com\/index.php?rest_route=%2Fwp%2Fv2%2Ftags&post=472798"}],"curies":[{"name":"wp","href":"https:\/\/api.w.org\/{rel}","templated":true}]}}