{"id":472776,"date":"2023-09-17T09:44:32","date_gmt":"2023-09-17T13:44:32","guid":{"rendered":"http:\/\/diariodominicano.com\/?p=472776"},"modified":"2023-09-17T09:44:50","modified_gmt":"2023-09-17T13:44:50","slug":"promueven-en-italia-culto-a-san-genaro-como-patrimonio-de-la-unesco-foto","status":"publish","type":"post","link":"https:\/\/diariodominicano.com\/?p=472776","title":{"rendered":"Promueven en Italia culto a San Genaro como Patrimonio de la Unesco (+Foto)"},"content":{"rendered":"\n<p>N\u00e1poles, 17 sep (Prensa Latina) El culto a San Genaro, patr\u00f3n de N\u00e1poles y Campania, se promueve hoy en esta sure\u00f1a ciudad como Patrimonio Inmaterial de la Organizaci\u00f3n de Naciones Unidas para la Educaci\u00f3n, la Ciencia y la Cultura (Unesco).&nbsp;&nbsp;&nbsp;&nbsp;<\/p>\n\n\n\n<ul class=\"wp-block-list\"><li>septiembre 17, 2023<\/li><li>CDT07:51 (GMT) -0400<\/li><\/ul>\n\n\n\n<p>El s\u00e1bado 16 de septiembre se inici\u00f3 en esta urbe un amplio programa de actividades, con una procesi\u00f3n hist\u00f3rica, organizada por el Comit\u00e9 Organizador de la candidatura para la inclusi\u00f3n en la lista de la Unesco, del culto y la devoci\u00f3n popular a San Genaro en el mundo.<\/p>\n\n\n\n<figure class=\"wp-block-image\"><img decoding=\"async\" src=\"https:\/\/www.prensa-latina.cu\/wp-content\/uploads\/2023\/09\/SanGenaro2.jpg\" alt=\"\" class=\"wp-image-555173\"\/><\/figure>\n\n\n\n<p>El evento cont\u00f3 con la participaci\u00f3n de m\u00e1s de 200 recreadores hist\u00f3ricos, pertenecientes a diversas asociaciones, entre ellas la agrupaci\u00f3n Fantas\u00eda de \u00c9poca, Pistonieri de Santa Mar\u00eda del Rovo, Procesi\u00f3n de Carlos V del Instituto Luigi Einaudi, la compa\u00f1\u00eda La Rosa y la Espada y los Caballeros del Rollo Blanco de Cava de\u2019 Tirreni.<\/p>\n\n\n\n<p>La comitiva parti\u00f3 a las 16:30 hora local de la Bas\u00edlica de Santa Mar\u00eda del Carmine Maggiore y atraves\u00f3 el centro hist\u00f3rico de la ciudad hasta llegar a la Catedral de N\u00e1poles, o Duomo, donde desde las 17:30 se llev\u00f3 a cabo una escenificaci\u00f3n cultural y religiosa, impresionante por su majestuosidad.<\/p>\n\n\n\n<p>La procesi\u00f3n se traslad\u00f3 luego a Plaza del Mercado, donde se instal\u00f3 una exposici\u00f3n educativa sobre artesan\u00edas organizada por la Asociaci\u00f3n Vita Antiqua, y se present\u00f3 el espect\u00e1culo ecuestre de la Giostra del Carusiello, en memoria de las ceremonias en honor a San Genaro que se realizaban en el siglo XV, en tiempos del Reino de N\u00e1poles.<\/p>\n\n\n\n<p>En esta ciudad y muchas partes del mundo se rinde culto a este obispo del siglo III, ejecutado durante las persecuciones a los cristianos ordenadas por el emperador romano Diocleciano, y la tradici\u00f3n religiosa refiere que una mujer recogi\u00f3 su sangre en un frasco, que desde entonces se conserva con celo en la catedral napolitana.<\/p>\n\n\n\n<p>Millones de fieles de todo el mundo siguen con atenci\u00f3n tres veces al a\u00f1o, el conocido milagro de la sangre de San Genaro, cuando el arzobispo de esa urbe remueve el recipiente que contiene esa sangre solidificada, que recobra su forma l\u00edquida, algo que de no ocurrir es visto como un mal presagio.<\/p>\n\n\n\n<p>Ese tradicional culto se inicia cada s\u00e1bado previo al primer domingo del mes de mayo, para continuar con un acto similar el d\u00eda 19 de septiembre, durante la Fiesta Patronal de San Genaro, y concluir con una tercera ceremonia el 16 de diciembre.<\/p>\n\n\n\n<p>Las celebraciones de este a\u00f1o, iniciadas este fin de semana, continuar\u00e1n el 18 y 19 de septiembre, y a las 09:45 hora local de ese \u00faltimo d\u00eda se prev\u00e9 que el arzobispo Domenico Battaglia abra la caja fuerte donde se guardan las ampollas con la sangre de San Genaro.<\/p>\n\n\n\n<p>A las 10:00 hora local comenzar\u00e1 la Solemne Celebraci\u00f3n Eucar\u00edstica durante la cual, de producirse el acontecimiento prodigioso de la Licuefacci\u00f3n de la Sangre, se har\u00e1 el anuncio a los presentes.<\/p>\n\n\n\n<p>oda\/ort<\/p>\n","protected":false},"excerpt":{"rendered":"<p>N\u00e1poles, 17 sep (Prensa Latina) El culto a San Genaro, patr\u00f3n de N\u00e1poles y Campania, se promueve hoy en esta sure\u00f1a ciudad como Patrimonio Inmaterial de la Organizaci\u00f3n de Naciones Unidas para la Educaci\u00f3n, la Ciencia y la Cultura (Unesco).&nbsp;&nbsp;&nbsp;&nbsp; septiembre 17, 2023 CDT07:51 (GMT) -0400 El s\u00e1bado 16 de septiembre se inici\u00f3 en esta [&hellip;]<\/p>\n","protected":false},"author":28,"featured_media":472777,"comment_status":"closed","ping_status":"","sticky":true,"template":"","format":"standard","meta":{"footnotes":""},"categories":[21,36,25,23,27,32],"tags":[],"class_list":["post-472776","post","type-post","status-publish","format-standard","has-post-thumbnail","hentry","category-cultura","category-hombresmujeresycosas","category-gente","category-internacional","category-portada","category-turismo"],"_links":{"self":[{"href":"https:\/\/diariodominicano.com\/index.php?rest_route=\/wp\/v2\/posts\/472776","targetHints":{"allow":["GET"]}}],"collection":[{"href":"https:\/\/diariodominicano.com\/index.php?rest_route=\/wp\/v2\/posts"}],"about":[{"href":"https:\/\/diariodominicano.com\/index.php?rest_route=\/wp\/v2\/types\/post"}],"author":[{"embeddable":true,"href":"https:\/\/diariodominicano.com\/index.php?rest_route=\/wp\/v2\/users\/28"}],"replies":[{"embeddable":true,"href":"https:\/\/diariodominicano.com\/index.php?rest_route=%2Fwp%2Fv2%2Fcomments&post=472776"}],"version-history":[{"count":1,"href":"https:\/\/diariodominicano.com\/index.php?rest_route=\/wp\/v2\/posts\/472776\/revisions"}],"predecessor-version":[{"id":472778,"href":"https:\/\/diariodominicano.com\/index.php?rest_route=\/wp\/v2\/posts\/472776\/revisions\/472778"}],"wp:featuredmedia":[{"embeddable":true,"href":"https:\/\/diariodominicano.com\/index.php?rest_route=\/wp\/v2\/media\/472777"}],"wp:attachment":[{"href":"https:\/\/diariodominicano.com\/index.php?rest_route=%2Fwp%2Fv2%2Fmedia&parent=472776"}],"wp:term":[{"taxonomy":"category","embeddable":true,"href":"https:\/\/diariodominicano.com\/index.php?rest_route=%2Fwp%2Fv2%2Fcategories&post=472776"},{"taxonomy":"post_tag","embeddable":true,"href":"https:\/\/diariodominicano.com\/index.php?rest_route=%2Fwp%2Fv2%2Ftags&post=472776"}],"curies":[{"name":"wp","href":"https:\/\/api.w.org\/{rel}","templated":true}]}}