{"id":47270,"date":"2018-12-12T07:05:34","date_gmt":"2018-12-12T07:05:34","guid":{"rendered":"http:\/\/diariodominicano.ddns.net\/?p=47270"},"modified":"2018-12-12T07:05:34","modified_gmt":"2018-12-12T07:05:34","slug":"el-antes-del-meridiano-de-hoy","status":"publish","type":"post","link":"https:\/\/diariodominicano.com\/?p=47270","title":{"rendered":"EL ANTES DEL MERIDIANO DE HOY&#13;"},"content":{"rendered":"<p><body><\/p>\n<p>EL TIRO RAPIDO<\/p>\n<\/p>\n<\/p>\n<\/p>\n<p>Por su certero contenido cedemos nuestro espacio al Antes del Meridiano, la le\u00edda columna que diariamente publica en su p\u00e1gina 2 el Diario Libre, hoy bajo la firma de su subdirectora la aguda analista  In\u00e9s Aizp\u00fan, bajo el t\u00edtulo \u00abCuando el pasado ideol\u00f3gico se enquista\u00bb.  Sin quitarle ni a\u00f1adirle, va el texto a continuaci\u00f3n.<\/p>\n<\/p>\n<\/p>\n<p>\u00abLa inflaci\u00f3n en Venezuela subi\u00f3 un 144.2 por ciento en noviembre pasado, con lo cual el \u00edndice anualizado se situ\u00f3 en 1,299.724 por ciento, seg\u00fan un informe difundido este lunes por el Parlamento de mayor\u00eda opositora.  De acuerdo con la c\u00e1mara, el costo de la vida ha escalado el 702.521 por ciento desde el pasado primero de enero, en una espiral que seg\u00fan el FMI llevar\u00e1 la inflaci\u00f3n a 1,350,000% este a\u00f1o y a 10,000,000 en 2019Es una informaci\u00f3n de agencia sobre la crisis de Venezuela.<\/p>\n<\/p>\n<\/p>\n<p>\u00abSi a esto se le a\u00f1aden unas elecciones municipales con mas del 70 por ciento de abstenci\u00f3n (victoria chavista) la receta del desastre est\u00e1 m\u00e1s que servida.<\/p>\n<\/p>\n<\/p>\n<p>\u00abIncomprensiblemente&#8230; el r\u00e9gimen de Maduro todav\u00eda encuentra defensores.  Incluso aqu\u00ed, que podemos escuchar de primera mano las historias de la vida diaria en un pa\u00eds roto social, productiva y pol\u00edticamente.<\/p>\n<\/p>\n<\/p>\n<p>\u00ab\u00bfCu\u00e1l es el sesgo intelectual que lleva a defender el desastre probado de un r\u00e9gimen pol\u00edtico ineficiente en todos los aspectos en los que incide? \u00bfCu\u00e1l es la responsabilidad hacia el pueblo venezolano de los intelectuales, periodistas, acad\u00e9micos (americanos y europeos) que todav\u00eda defienden el chavismo o el castrismo, sabiendo perfectamente que han tra\u00eddo la ruina de las sociedades que han tenido la desgracia de sufrirlos?  Y si no hay bloqueo&#8230;\u00bfqui\u00e9n tiene la culpa?  Nicaragua, Cuba, Venezuela&#8230;viven anclados en unos reg\u00edmenes ideol\u00f3gicos congelados en el pasado, pero las fortunas de sus dirigentes est\u00e1n bien revalorizadas.  Curiosamente los que los defienden se definen a s\u00ed mismos como \u00abprogresistas\u00bb.<\/p>\n<\/p>\n<\/p>\n<p>\u00abEn este siglo 21 ya debieron haber desaparecido.  El mundo va r\u00e1pido y en otra direcci\u00f3n\u00bb<\/p>\n<\/p>\n<\/p>\n<p>Hasta aqu\u00ed el Antes del Meridiano de este d\u00eda de  In\u00e9s Aizp\u00fan que no tiene desperdicio, cuyo contenido compartimos y con el cual nos solidarizamos en su totalidad.<\/p>\n<\/p>\n<h6> 2018-12-12 07:05:34 <\/h6>\n<p><!--\n<link rel=\"stylesheet\" href=\"css\/bootstrap.min.css\">\n\n\n<ul class=\"pagination\">\n\t    \n\t\n\n<li >\n\t<a href='?page_no=979'>Previous<\/a>\n\t<\/li>\n\n\n       \n    \n\n<li><a href='?page_no=1'>1<\/a><\/li>\n\n\n\n<li><a href='?page_no=2'>2<\/a><\/li>\n\n\n\n<li><a>...<\/a><\/li>\n\n\n\n<li><a href='?page_no=978'>978<\/a><\/li>\n\n\n\n<li><a href='?page_no=979'>979<\/a><\/li>\n\n\n\n<li class='active'><a>980<\/a><\/li>\n\n\n\n<li><a href='?page_no=981'>981<\/a><\/li>\n\n\n\n<li><a href='?page_no=982'>982<\/a><\/li>\n\n\n\n<li><a>...<\/a><\/li>\n\n\n\n<li><a href='?page_no=13611'>13611<\/a><\/li>\n\n\n\n<li><a href='?page_no=13612'>13612<\/a><\/li>\n\n    \n\t\n\n<li >\n\t<a href='?page_no=981'>Next<\/a>\n\t<\/li>\n\n\n    \n\n<li><a href='?page_no=13612'>Last &rsaquo;&rsaquo;<\/a><\/li>\n\n<\/ul>\n\n\n--><br \/>\n<\/body><\/p>\n","protected":false},"excerpt":{"rendered":"<p>EL TIRO RAPIDO Por su certero contenido cedemos nuestro espacio al Antes del Meridiano, la le\u00edda columna que diariamente publica en su p\u00e1gina 2 el Diario Libre, hoy bajo la firma de su subdirectora la aguda analista In\u00e9s Aizp\u00fan, bajo el t\u00edtulo \u00abCuando el pasado ideol\u00f3gico se enquista\u00bb. Sin quitarle ni a\u00f1adirle, va el texto [&hellip;]<\/p>\n","protected":false},"author":3,"featured_media":0,"comment_status":"open","ping_status":"open","sticky":false,"template":"","format":"standard","meta":{"footnotes":""},"categories":[16],"tags":[],"class_list":["post-47270","post","type-post","status-publish","format-standard","hentry","category-opiniones"],"_links":{"self":[{"href":"https:\/\/diariodominicano.com\/index.php?rest_route=\/wp\/v2\/posts\/47270","targetHints":{"allow":["GET"]}}],"collection":[{"href":"https:\/\/diariodominicano.com\/index.php?rest_route=\/wp\/v2\/posts"}],"about":[{"href":"https:\/\/diariodominicano.com\/index.php?rest_route=\/wp\/v2\/types\/post"}],"author":[{"embeddable":true,"href":"https:\/\/diariodominicano.com\/index.php?rest_route=\/wp\/v2\/users\/3"}],"replies":[{"embeddable":true,"href":"https:\/\/diariodominicano.com\/index.php?rest_route=%2Fwp%2Fv2%2Fcomments&post=47270"}],"version-history":[{"count":0,"href":"https:\/\/diariodominicano.com\/index.php?rest_route=\/wp\/v2\/posts\/47270\/revisions"}],"wp:attachment":[{"href":"https:\/\/diariodominicano.com\/index.php?rest_route=%2Fwp%2Fv2%2Fmedia&parent=47270"}],"wp:term":[{"taxonomy":"category","embeddable":true,"href":"https:\/\/diariodominicano.com\/index.php?rest_route=%2Fwp%2Fv2%2Fcategories&post=47270"},{"taxonomy":"post_tag","embeddable":true,"href":"https:\/\/diariodominicano.com\/index.php?rest_route=%2Fwp%2Fv2%2Ftags&post=47270"}],"curies":[{"name":"wp","href":"https:\/\/api.w.org\/{rel}","templated":true}]}}