{"id":47269,"date":"2020-08-26T07:15:41","date_gmt":"2020-08-26T07:15:41","guid":{"rendered":"http:\/\/diariodominicano.ddns.net\/?p=47269"},"modified":"2020-08-26T07:15:41","modified_gmt":"2020-08-26T07:15:41","slug":"los-abortos","status":"publish","type":"post","link":"https:\/\/diariodominicano.com\/?p=47269","title":{"rendered":"Los abortos"},"content":{"rendered":"<p><body><\/p>\n<\/p>\n<p>A Pleno Sol<\/p>\n<\/p>\n<p>Los abortos<\/p>\n<\/p>\n<p>Por Manuel Hern\u00e1ndez Villeta<\/p>\n<\/p>\n<\/p>\n<p>El derecho a la vida es sacrosanto e inviolable. El tema del aborto pone en peligro la existencia de la vida en sus primeras manifestaciones. No importan los causales,  es inaceptable cualquier violaci\u00f3n al desarrollo de la existencia humana.<\/p>\n<\/p>\n<p>El aborto por a\u00f1os fue un tema de aposento. Se interrump\u00eda el embarazo  en la complicidad y silencio familiar. Muchas cl\u00ednicas  vend\u00edan a la libre las acciones  para tronchar los nacimientos. Nunca se les persigui\u00f3 a pesar de que todo el mundo sab\u00eda de sus trabajos.<\/p>\n<\/p>\n<p>Desde hace a\u00f1os hay una corriente internacional de favorecer el aborto para tronchar el embarazo. Esos vientos han llegado a la Rep\u00fablica Dominicana impulsados por las feministas y corrientes de la llamada sociedad civil.<\/p>\n<\/p>\n<p>Caen en la prepotencia al tratar de explicar sus argumentos. Pueden ser v\u00e1lidos o no. Pero ninguna justificaci\u00f3n filos\u00f3fica, humanista o de nuevas corrientes puede estar por encima de la vida. Nos oponemos, si  el aborto es cercenar la vida humana en sus primeras manifestaciones.<\/p>\n<\/p>\n<p>En la otra cara de la moneda se encuentran los religiosos, que en ocasiones pecan de tremendistas, oponi\u00e9ndose hasta al control de la natalidad. Tienen que ir a una discusi\u00f3n franca y sincera sobre los abortos, sin prejuicios ni temores.<\/p>\n<\/p>\n<p>El aborto tiene que ser consensuado entre todos los sectores nacionales. Hay que refundir los criterios y buscar las mejores salidas. En todos los sectores se peca de prepotentes y altaneros, cuando se trata el tema. Se olvida que lo m\u00e1s importante es la vida, aunque sea en etapa embrionaria.<\/p>\n<\/p>\n<p>El tema central es bajo qu\u00e9 condiciones se puede hacer factible un aborto. Nunca debe ser el capricho unilateral de una mujer o de su familia, sino que tiene que ser decidido por una junta m\u00e9dica, sobre  par\u00e1metros que en su momento habr\u00e1 que fijar.<\/p>\n<\/p>\n<p>El control de la natalidad entre las adolescentes y adultas puede evitar embarazos indeseados, as\u00ed como edificar sobre  los peligros del sexo entre adolescentes. Con el desenfreno de la vida social, es casi imposible poder controlar estos  excesos.<\/p>\n<\/p>\n<p>Hay que instruir a la familia sobre la importancia de  que las adolescentes no salgan embarazadas, de evitar la creciente promiscuidad social y de ampliar los rasgos de responsabilidad c\u00edvica.<\/p>\n<\/p>\n<p>La salida no puede ser sencillamente el aborto, este debe ser el \u00faltimo paso cuando lo recomiende una junta m\u00e9dica. El aborto no es un problema individual, sino una decisi\u00f3n social y colectiva. Concertaci\u00f3n y dialogo es necesario. \u00a1Ay!, se me acab\u00f3 la tinta.<\/p>\n<\/p>\n<h6> 2020-08-26 07:15:41 <\/h6>\n<p><!--\n<link rel=\"stylesheet\" href=\"css\/bootstrap.min.css\">\n\n\n<ul class=\"pagination\">\n\t    \n\t\n\n<li >\n\t<a href='?page_no=97'>Previous<\/a>\n\t<\/li>\n\n\n       \n    \n\n<li><a href='?page_no=1'>1<\/a><\/li>\n\n\n\n<li><a href='?page_no=2'>2<\/a><\/li>\n\n\n\n<li><a>...<\/a><\/li>\n\n\n\n<li><a href='?page_no=96'>96<\/a><\/li>\n\n\n\n<li><a href='?page_no=97'>97<\/a><\/li>\n\n\n\n<li class='active'><a>98<\/a><\/li>\n\n\n\n<li><a href='?page_no=99'>99<\/a><\/li>\n\n\n\n<li><a href='?page_no=100'>100<\/a><\/li>\n\n\n\n<li><a>...<\/a><\/li>\n\n\n\n<li><a href='?page_no=13611'>13611<\/a><\/li>\n\n\n\n<li><a href='?page_no=13612'>13612<\/a><\/li>\n\n    \n\t\n\n<li >\n\t<a href='?page_no=99'>Next<\/a>\n\t<\/li>\n\n\n    \n\n<li><a href='?page_no=13612'>Last &rsaquo;&rsaquo;<\/a><\/li>\n\n<\/ul>\n\n\n--><br \/>\n<\/body><\/p>\n","protected":false},"excerpt":{"rendered":"<p>A Pleno Sol Los abortos Por Manuel Hern\u00e1ndez Villeta El derecho a la vida es sacrosanto e inviolable. El tema del aborto pone en peligro la existencia de la vida en sus primeras manifestaciones. No importan los causales, es inaceptable cualquier violaci\u00f3n al desarrollo de la existencia humana. El aborto por a\u00f1os fue un tema [&hellip;]<\/p>\n","protected":false},"author":3,"featured_media":0,"comment_status":"open","ping_status":"open","sticky":false,"template":"","format":"standard","meta":{"footnotes":""},"categories":[16],"tags":[],"class_list":["post-47269","post","type-post","status-publish","format-standard","hentry","category-opiniones"],"_links":{"self":[{"href":"https:\/\/diariodominicano.com\/index.php?rest_route=\/wp\/v2\/posts\/47269","targetHints":{"allow":["GET"]}}],"collection":[{"href":"https:\/\/diariodominicano.com\/index.php?rest_route=\/wp\/v2\/posts"}],"about":[{"href":"https:\/\/diariodominicano.com\/index.php?rest_route=\/wp\/v2\/types\/post"}],"author":[{"embeddable":true,"href":"https:\/\/diariodominicano.com\/index.php?rest_route=\/wp\/v2\/users\/3"}],"replies":[{"embeddable":true,"href":"https:\/\/diariodominicano.com\/index.php?rest_route=%2Fwp%2Fv2%2Fcomments&post=47269"}],"version-history":[{"count":0,"href":"https:\/\/diariodominicano.com\/index.php?rest_route=\/wp\/v2\/posts\/47269\/revisions"}],"wp:attachment":[{"href":"https:\/\/diariodominicano.com\/index.php?rest_route=%2Fwp%2Fv2%2Fmedia&parent=47269"}],"wp:term":[{"taxonomy":"category","embeddable":true,"href":"https:\/\/diariodominicano.com\/index.php?rest_route=%2Fwp%2Fv2%2Fcategories&post=47269"},{"taxonomy":"post_tag","embeddable":true,"href":"https:\/\/diariodominicano.com\/index.php?rest_route=%2Fwp%2Fv2%2Ftags&post=47269"}],"curies":[{"name":"wp","href":"https:\/\/api.w.org\/{rel}","templated":true}]}}