{"id":472652,"date":"2023-09-16T19:36:01","date_gmt":"2023-09-16T23:36:01","guid":{"rendered":"http:\/\/diariodominicano.com\/?p=472652"},"modified":"2023-09-16T19:45:08","modified_gmt":"2023-09-16T23:45:08","slug":"gran-calidad-de-cine-con-xii-edicion-de-todo-cine-todo-dominicana-en-madrid-desde-este-martes-19","status":"publish","type":"post","link":"https:\/\/diariodominicano.com\/?p=472652","title":{"rendered":"Gran calidad de cine con XII Edici\u00f3n de Todo Cine-Todo Dominicana, en Madrid desde este martes 19"},"content":{"rendered":"\n<p> Las pel\u00edculas dominicanas que conforman la cartelera de la XII Edici\u00f3n del Ciclo de Cine Todo Cine-Todo Dominicano, incluyen piezas f\u00edlmicas de alto valor. (Tomado del cartel de la actividad editado por la Embajada Dominicana en Reino de Espa\u00f1a). <\/p>\n\n\n\n<p> Las pel\u00edculas dominicanas que conforman la cartelera de la XII Edici\u00f3n del Ciclo de Cine Todo Cine-Todo Dominicano, incluyen piezas f\u00edlmicas de alto valor. (Tomado del cartel de la actividad editado por la Embajada Dominicana en Reino de Espa\u00f1a). <\/p>\n\n\n\n<figure class=\"wp-block-image size-full\"><img loading=\"lazy\" decoding=\"async\" width=\"896\" height=\"363\" src=\"https:\/\/diariodominicano.com\/wp-content\/uploads\/2023\/09\/Todo-cine-dominicano-del-21-al-21.png\" alt=\"\" class=\"wp-image-472664\" srcset=\"https:\/\/diariodominicano.com\/wp-content\/uploads\/2023\/09\/Todo-cine-dominicano-del-21-al-21.png 896w, https:\/\/diariodominicano.com\/wp-content\/uploads\/2023\/09\/Todo-cine-dominicano-del-21-al-21-300x122.png 300w, https:\/\/diariodominicano.com\/wp-content\/uploads\/2023\/09\/Todo-cine-dominicano-del-21-al-21-768x311.png 768w, https:\/\/diariodominicano.com\/wp-content\/uploads\/2023\/09\/Todo-cine-dominicano-del-21-al-21-816x331.png 816w\" sizes=\"auto, (max-width: 896px) 100vw, 896px\" \/><figcaption> Otras de las pel\u00edculas programadas en la XII Edici\u00f3n del Ciclo de Cine Todo Cine-Todo Dominicano. <\/figcaption><\/figure>\n\n\n\n<p>\u00bfQu\u00e9 tal es la calidad de las producciones f\u00edlmicas (tres documentales y tres de ficci\u00f3n) de la nueva edici\u00f3n del evento cinematogr\u00e1fico nacional en la capital espa\u00f1ola esta semana que inicia? He aqu\u00ed una gu\u00eda cr\u00edtica m\u00ednima<\/p>\n\n\n\n<p>Jos\u00e9 Rafael Sosa<\/p>\n\n\n\n<p>Desde este martes 19 hasta el domingo 24, Madrid, tiene la oportunidad de conocer la calidad del reciente cine dominicano joven, gracias a la cartelera de la XII Edici\u00f3n del Ciclo Todo Cine-Todo Dominicana, que organizan la embajada dominicana ante el Reino de Espa\u00f1a, Direcci\u00f3n General de Cine (DGCINE) y el Ministerio de Turismo (MITUR).<\/p>\n\n\n\n<p>La cartelera se ha seleccionado con precisi\u00f3n y esmero, sobre todo por la asesor\u00eda de DGCINE, ofrece: Di\u00e1spora, (documental de H\u00e9ctor Manuel Valdez), La vida de los Reyes (Frank Perozo), Consuelo (Gabriel Valencia y Fernando Diaz), Lo que se hereda (documental de Victoria Linares Villegas), Bant\u00fa Mama (Iv\u00e1n Herrera) y Perejil (Jos\u00e9 Mar\u00eda Cabral).<\/p>\n\n\n\n<p>Tambi\u00e9n integran la cartelera: El pa\u00eds de las \u00faltimas cosas (Alejandro Chomski y Paul Auster) y El Banco (Alejandro And\u00fajar).<\/p>\n\n\n\n<p>El embajador Juan Bol\u00edvar D\u00edaz explica que el evento es una tradici\u00f3n cultural dominicana en la capital espa\u00f1ola que ha facilitado una exposici\u00f3n anual de lo mejor que hace el cine nuestro.<\/p>\n\n\n\n<p>Las sedes del acontecimiento son: CINETECA, el Centro Cultural Jos\u00e9 de Espronceda y la Casa de Am\u00e9rica. Las boletas est\u00e1n disponibles en la p\u00e1gina web del evento. https:\/\/todocine-tododominicana.com\/ con los detalles de las obras (Fichas t\u00e9cnicas y sinopsis).<\/p>\n\n\n\n<p>Las pel\u00edculas<\/p>\n\n\n\n<figure class=\"wp-block-image size-full\"><img loading=\"lazy\" decoding=\"async\" width=\"815\" height=\"369\" src=\"https:\/\/diariodominicano.com\/wp-content\/uploads\/2023\/09\/Peliculas-del-19-1l-21-septiembre-TODO-CINE-DOMINICANO.png\" alt=\"\" class=\"wp-image-472666\" srcset=\"https:\/\/diariodominicano.com\/wp-content\/uploads\/2023\/09\/Peliculas-del-19-1l-21-septiembre-TODO-CINE-DOMINICANO.png 815w, https:\/\/diariodominicano.com\/wp-content\/uploads\/2023\/09\/Peliculas-del-19-1l-21-septiembre-TODO-CINE-DOMINICANO-300x136.png 300w, https:\/\/diariodominicano.com\/wp-content\/uploads\/2023\/09\/Peliculas-del-19-1l-21-septiembre-TODO-CINE-DOMINICANO-768x348.png 768w\" sizes=\"auto, (max-width: 815px) 100vw, 815px\" \/><\/figure>\n\n\n\n<p><strong>Martes 19<\/strong><\/p>\n\n\n\n<p><strong> (Cineteca, sala Ascona) Di\u00e1spora,<\/strong> <strong>H\u00e9ctor Manuel Valdez,<\/strong> ratifica con este documental su visi\u00f3n como descubridor de los interiores de sucesos sociales. Ya antes hab\u00eda entregado La Rep\u00fablica del Color (2015) que enfoca la influencia de la luz del Caribe en la pintura de los principales pintores nacionales.<\/p>\n\n\n\n<p>Di\u00e1spora es un trabajo hermoso y exhaustivo que recorre diversos puntos del mundo en procura de diseccionar el movimiento migratorio en torno, desde y hacia el pa\u00eds. Es un viaje visual y sonoro que aporta conceptos importantes. El director acaba de presentar en Santo Domingo el libro de arte hom\u00f3nimo, inspirado en su trabajo audiovisual, aun cuando no es una copia del guion.<\/p>\n\n\n\n<p><strong>Mi\u00e9rcoles 20<\/strong><\/p>\n\n\n\n<p>(<strong>Centro Cultural Jos\u00e9 de Espronceda) La vida de los reyes (Frank Perozo<\/strong>) comedia de gran formato que opera como biograf\u00eda imaginada (casi real) de la trayectoria de dos de los humoristas dominicanos m\u00e1s populares (Raymond Pozo y Miguel C\u00e9spedes) venidos desde sectores humildes y que, con gracia, creatividad y mucho esfuerzo, han logrado escalar los m\u00e1s altos puestos en la popularidad.<\/p>\n\n\n\n<p>La visi\u00f3n de Perozo otorga un giro \u00e9pico (sin endiosarlos) con notas emotivas y desde luego\u2026 Mucho humor, apart\u00e1ndose del facilismo f\u00edlmico que en principio de la industria caracteriz\u00f3 el g\u00e9nero.<\/p>\n\n\n\n<p>Ese mismo d\u00eda y en ese espacio, se estrena el documental <strong>Consuelo (Fernando Santos y Gabriel Valencia)<\/strong> que ofrece el ejemplo de las monjas que llegaron a ofrecer sus servicios educativos y espirituales en el Ingenio Consuelo, que recorre la labor y origen del asentamiento de las Hermanas canadienses de la Inmaculada Concepci\u00f3n en el municipio de Consuelo de San Pedro de Macor\u00eds. Fernando Santos hab\u00eda sido el productor de cintas de gran prestigio como <strong>Cocote y Liborio.<\/strong><\/p>\n\n\n\n<p><strong>Jueves 21.<\/strong><\/p>\n\n\n\n<p><strong> (Casa de Am\u00e9rica) Lo que se hereda (documental Victoria Linares Villegas).<\/strong> Una sorprendente producci\u00f3n de baj\u00edsimo costo, al estilo del cine guerrillero, aun cuando teniendo un estudio que como L\u00e1ntica, tiene perfil alto industrial, en la cual se siguen los pasos del cineasta dominicano Oscar Torres, desarrollado en Cuba.<\/p>\n\n\n\n<p>Ese mismo d\u00eda se proyecta <strong>Bant\u00fa Mam\u00e1 (Iv\u00e1n Herrera) (en Cineteca, Sala Azcona), <\/strong>un drama inusual, realizado con gran perspectiva internacional, a partir de un hecho individual y familiar menor, que va creciendo en su perspectiva emotiva para configurar un expositivo humano, que le convierte en una pieza de cine memorable. Herrera se inici\u00f3 como codirector, con Te\u00f3dulo Blanchard, del documental La Montana (2013).<\/p>\n\n\n\n<figure class=\"wp-block-image size-full\"><img loading=\"lazy\" decoding=\"async\" width=\"950\" height=\"465\" src=\"https:\/\/diariodominicano.com\/wp-content\/uploads\/2023\/09\/Perejil.jpeg\" alt=\"\" class=\"wp-image-472659\" srcset=\"https:\/\/diariodominicano.com\/wp-content\/uploads\/2023\/09\/Perejil.jpeg 950w, https:\/\/diariodominicano.com\/wp-content\/uploads\/2023\/09\/Perejil-300x147.jpeg 300w, https:\/\/diariodominicano.com\/wp-content\/uploads\/2023\/09\/Perejil-768x376.jpeg 768w, https:\/\/diariodominicano.com\/wp-content\/uploads\/2023\/09\/Perejil-816x399.jpeg 816w\" sizes=\"auto, (max-width: 950px) 100vw, 950px\" \/><figcaption> <strong>Perejil (Jos\u00e9 Mar\u00eda Cabral)<\/strong> <\/figcaption><\/figure>\n\n\n\n<p><strong>Viernes 22 (Cineteca, Sala Azcona) Perejil (Jos\u00e9 Mar\u00eda Cabral),<\/strong> \u00e9pico drama hist\u00f3rico que presenta, en una crudeza est\u00e9ticamente administrada, la matanza que orden\u00f3 en 1937 el dictador Rafael Trujillo, tema que ha sido objeto de varias producciones, pero que encuentra ahora en la creatividad de Cabral, uno de los directores j\u00f3venes de mayor criterio est\u00e9tico y social, la m\u00e1s alta expresi\u00f3n del hecho hist\u00f3rico.<\/p>\n\n\n\n<p>Ese d\u00eda, en<strong> Cineteca (Sala Borau) El pa\u00eds de las \u00faltimas cosas (Alejandro Chomski), <\/strong>que no hemos visto.<\/p>\n\n\n\n<p>Las proyecciones terminan el domingo 23, con el acto de clausura oficial, al proyectar una de las joyas del cine dominicano reciente: <strong>Blanco (Alejandro And\u00fajar),<\/strong> un director que establece sus criterios desde que exhibi\u00f3 El hombre que cuida (2017), que recibi\u00f3 aclamaci\u00f3n cr\u00edtica y de una parte del p\u00fablico dominicano que sab\u00eda d\u00f3nde estaba la calidad y el concepto del nuevo cine local.<\/p>\n\n\n\n<p><strong>El blanco<\/strong> ofrece actuaciones desgargantes e inolvidables, juega con la ficci\u00f3n imaginativa. Es toda una experiencia f\u00edlmica de esas que siempre se recuerdan.<\/p>\n\n\n\n<p>Jose Rafael Paula Sosa<a target=\"_blank\" href=\"mailto:joserafael.sosa@gmail.com\" rel=\"noreferrer noopener\">joserafael.sosa@gmail.com<\/a><\/p>\n","protected":false},"excerpt":{"rendered":"<p>Las pel\u00edculas dominicanas que conforman la cartelera de la XII Edici\u00f3n del Ciclo de Cine Todo Cine-Todo Dominicano, incluyen piezas f\u00edlmicas de alto valor. (Tomado del cartel de la actividad editado por la Embajada Dominicana en Reino de Espa\u00f1a). Las pel\u00edculas dominicanas que conforman la cartelera de la XII Edici\u00f3n del Ciclo de Cine Todo [&hellip;]<\/p>\n","protected":false},"author":28,"featured_media":472656,"comment_status":"closed","ping_status":"","sticky":true,"template":"","format":"standard","meta":{"footnotes":""},"categories":[21,36,25,27,32],"tags":[],"class_list":["post-472652","post","type-post","status-publish","format-standard","has-post-thumbnail","hentry","category-cultura","category-hombresmujeresycosas","category-gente","category-portada","category-turismo"],"_links":{"self":[{"href":"https:\/\/diariodominicano.com\/index.php?rest_route=\/wp\/v2\/posts\/472652","targetHints":{"allow":["GET"]}}],"collection":[{"href":"https:\/\/diariodominicano.com\/index.php?rest_route=\/wp\/v2\/posts"}],"about":[{"href":"https:\/\/diariodominicano.com\/index.php?rest_route=\/wp\/v2\/types\/post"}],"author":[{"embeddable":true,"href":"https:\/\/diariodominicano.com\/index.php?rest_route=\/wp\/v2\/users\/28"}],"replies":[{"embeddable":true,"href":"https:\/\/diariodominicano.com\/index.php?rest_route=%2Fwp%2Fv2%2Fcomments&post=472652"}],"version-history":[{"count":6,"href":"https:\/\/diariodominicano.com\/index.php?rest_route=\/wp\/v2\/posts\/472652\/revisions"}],"predecessor-version":[{"id":472668,"href":"https:\/\/diariodominicano.com\/index.php?rest_route=\/wp\/v2\/posts\/472652\/revisions\/472668"}],"wp:featuredmedia":[{"embeddable":true,"href":"https:\/\/diariodominicano.com\/index.php?rest_route=\/wp\/v2\/media\/472656"}],"wp:attachment":[{"href":"https:\/\/diariodominicano.com\/index.php?rest_route=%2Fwp%2Fv2%2Fmedia&parent=472652"}],"wp:term":[{"taxonomy":"category","embeddable":true,"href":"https:\/\/diariodominicano.com\/index.php?rest_route=%2Fwp%2Fv2%2Fcategories&post=472652"},{"taxonomy":"post_tag","embeddable":true,"href":"https:\/\/diariodominicano.com\/index.php?rest_route=%2Fwp%2Fv2%2Ftags&post=472652"}],"curies":[{"name":"wp","href":"https:\/\/api.w.org\/{rel}","templated":true}]}}