{"id":472642,"date":"2023-09-16T19:26:09","date_gmt":"2023-09-16T23:26:09","guid":{"rendered":"http:\/\/diariodominicano.com\/?p=472642"},"modified":"2023-09-16T19:30:04","modified_gmt":"2023-09-16T23:30:04","slug":"jarabacoa-celebrara-su-fundacion-con-semana-cultural-del-21-al-27-de-septiembre","status":"publish","type":"post","link":"https:\/\/diariodominicano.com\/?p=472642","title":{"rendered":"Jarabacoa celebrar\u00e1 su fundaci\u00f3n con Semana Cultural del 21 al 27 de septiembre"},"content":{"rendered":"\n<p> Imagen hist\u00f3rica de Jarabacoa, tomada de la p\u00e1gina de la alcald\u00eda local. El ambiente monta\u00f1oso de Jarabacoa es uno de los destinos tur\u00edsticos m\u00e1s paradisiacos. <\/p>\n\n\n\n<p>Habr\u00e1 conferencias, paneles, exposiciones de libros de autores locales. Jarabacoa ha aportado figuras fundamentales que en las letras nacionales<\/p>\n\n\n\n<p>Servicios de prensa<\/p>\n\n\n\n<p>El Foro Cultural de Jarabacoa anunci\u00f3 que la celebraci\u00f3n de la Semana aniversario por la fundaci\u00f3n de la comunidad, del 21 al 27 de este mes, de con un programa que incluye encuentros, conferencias, paneles y exposiciones de libros de autores locales.<\/p>\n\n\n\n<p>La licenciada Luz Mar\u00eda Abreu Lantigua, soci\u00f3loga y gestora cultural, dijo que para el programa de una semana de eventos ha tenido el respaldo la Universidad Fernando Arturo de Merino (UAFAM), el Distrito locales del Ministerio de Educaci\u00f3n y otros organismos locales. \u201cLa celebraci\u00f3n de esta Semana Cultural por la Fundaci\u00f3n de Jarabacoa, persigue promover el esp\u00edritu creativo en la literatura, llamar a los j\u00f3venes a la lectura, involucrar a los organismos locales identificados con estas metas y atraer a otros estamentos que a\u00fan no se han unido en este prop\u00f3sito de avance cultural para nuestra localidad\u201d dijo Abreu Lantigua.<\/p>\n\n\n\n<p>Las actividades se inician el jueves 21 a las diez de la manana con la conferencia Historia de Jarabacoa, a cargo del historiador local Rafael Vinicio Herrera, en la Escuela de Buena Vista.<\/p>\n\n\n\n<figure class=\"wp-block-image size-full\"><img loading=\"lazy\" decoding=\"async\" width=\"789\" height=\"524\" src=\"https:\/\/diariodominicano.com\/wp-content\/uploads\/2023\/09\/La-confluencia-magnifico-ambiente-rivereno-en-Jarabacoa.png\" alt=\"\" class=\"wp-image-472645\" srcset=\"https:\/\/diariodominicano.com\/wp-content\/uploads\/2023\/09\/La-confluencia-magnifico-ambiente-rivereno-en-Jarabacoa.png 789w, https:\/\/diariodominicano.com\/wp-content\/uploads\/2023\/09\/La-confluencia-magnifico-ambiente-rivereno-en-Jarabacoa-300x199.png 300w, https:\/\/diariodominicano.com\/wp-content\/uploads\/2023\/09\/La-confluencia-magnifico-ambiente-rivereno-en-Jarabacoa-768x510.png 768w\" sizes=\"auto, (max-width: 789px) 100vw, 789px\" \/><figcaption> Jarabacoa es un estuche de belleza paisaj\u00edstica que adem\u00e1s tiene una gran actividad cultural. <\/figcaption><\/figure>\n\n\n\n<p>El programa sigue el viernes 22 con el cierre del Concurso Literario de Jarabacoa, en el Colegio Altagracia, a las 10 de la manana, con respaldo del Distrito Escolar 06-03 de Jarabacoa. Ese mismo d\u00eda se abre la exposici\u00f3n de libros de autores de Jarabacoa en el mismo plantel educativo.<\/p>\n\n\n\n<p>Las actividades del viernes 22 concluyen con el panel sobre la historia, poblaci\u00f3n y desarrollo de la comunidad a desarrollarse en el sal\u00f3n conferencias de la Universidad UAFAM. A las cuatro de la tarde se tendr\u00e1 exhibici\u00f3n de libros de autores locales en ese campus universitario, en la avenida V\u00edctor M\u00e9ndez Capell\u00e1n # 800.<\/p>\n\n\n\n<p>El s\u00e1bado 23 se desarrolla a las seis de la tarde la tertulia Literaria en el Cuerpo de Bomberos y se mantiene durante el fin de semana la exposici\u00f3n de libros de autores.<\/p>\n\n\n\n<p>Informa del Foro Cultural que el lunes 25, martes 26 y mi\u00e9rcoles 27 se presenta de nuevo la conferencia sobre la historia de la comunidad, tambi\u00e9n a cargo del historiador local Rafael Vinicio Herrera en diversos locales comunitarios, entre los que est\u00e1n el Centro Juvenil Don Bosco, el Colegio Altagracia, de las Hermanas Salesianas y el liceo Luis Ernesto G\u00f3mez Uribe.<\/p>\n\n\n\n<p>Jarabacoa: Origen y trascendencia<\/p>\n\n\n\n<p>El municipio de Jarabacoa es uno de los tesoros monta\u00f1osos, ecotur\u00edsticos m\u00e1s hermosos y de una enorme biodiversidad Su fundaci\u00f3n se produjo el 9 de marzo de 1858 La localidad est\u00e1 emplazada en el centro de la Cordillera Central, en una altiplanicie de 529 metros sobre el nivel del mar.<\/p>\n\n\n\n<p>Su lema se ha hecho una frase que marca su orgullo: \u201cEl lugar de la eterna primavera\u201d.<\/p>\n\n\n\n<p>Su nombre proviene de la uni\u00f3n de las voces ind\u00edgenas: Jaraba y Coa que significa Tierra entre los r\u00edos (Jimenoa y Yaque del Norte). Hist\u00f3ricamente, Jarabacoa es cuna de una serie de personajes interesantes, refiere el historiador local Pedro Di\u00f3genes Espinal: General Jos\u00e9 Dur\u00e1n, Norberto Tiburcio, Daniel Batista Rodr\u00edguez y el guerrillero Mario Nelson Gal\u00e1n, (acompa\u00f1ante del coronel Francisco Alberto Den\u00f3 en Playa Caracoles). (elpregonero.com: (<a href=\"https:\/\/elpregonerord.com\/de-donde-nace-el-nombre-de-jarabacoa-y-cuantos-generales-han-nacido-en-esa-tierra\/\">https:\/\/elpregonerord.com\/de-donde-nace-el-nombre-de-jarabacoa-y-cuantos-generales-han-nacido-en-esa-tierra\/<\/a>).<\/p>\n\n\n\n<p>En las letras<\/p>\n\n\n\n<p>Jarabacoa es localidad que ha aportado al pais, figuras importantes en la creaci\u00f3n literaria, entre cuentistas, novelistas, poetas, ensayistas y expositores en otros g\u00e9neros: Angela Hern\u00e1ndez N\u00fa\u00f1ez (Premio Nacional de Literatura 2016), Tom\u00e1s Abreu, Eduardo Dom\u00ednguez, Pastora Hern\u00e1ndez, V\u00edctor Escarram\u00e1n, Tanya Bad\u00eda, Luz Mar\u00eda Abreu Yongelis Ram\u00edrez, Daniel Ortiz, Jazm\u00edn Rosario y Taty Hern\u00e1ndez. Se leer\u00e1n poemas de Mon Collado.<\/p>\n\n\n\n<p>Se destaca la labor de sus gestores culturales, en la persona de Tati Hernandez Dur\u00e1n, creadora del ya afamado Festival de Literatura de Montana, (<a href=\"http:\/\/www.festivaldepoesiaenlamontana.blogspot.com\">www.festivaldepoesiaenlamontana.blogspot.com<\/a>).<\/p>\n\n\n\n<p>El evento fue fundado hace 21 a\u00f1os, un evento anual que ha logrado una trascendencia, al convocar a Jarabacoa a figuras fundamentales de nuestra actividad creativa en las letras.<\/p>\n\n\n\n<p>Jose Rafael Paula Sosa<a target=\"_blank\" href=\"mailto:joserafael.sosa@gmail.com\" rel=\"noreferrer noopener\">joserafael.sosa@gmail.com<\/a><\/p>\n","protected":false},"excerpt":{"rendered":"<p>Imagen hist\u00f3rica de Jarabacoa, tomada de la p\u00e1gina de la alcald\u00eda local. El ambiente monta\u00f1oso de Jarabacoa es uno de los destinos tur\u00edsticos m\u00e1s paradisiacos. Habr\u00e1 conferencias, paneles, exposiciones de libros de autores locales. Jarabacoa ha aportado figuras fundamentales que en las letras nacionales Servicios de prensa El Foro Cultural de Jarabacoa anunci\u00f3 que la [&hellip;]<\/p>\n","protected":false},"author":28,"featured_media":472643,"comment_status":"closed","ping_status":"","sticky":true,"template":"","format":"standard","meta":{"footnotes":""},"categories":[36,20,26,27,32],"tags":[],"class_list":["post-472642","post","type-post","status-publish","format-standard","has-post-thumbnail","hentry","category-hombresmujeresycosas","category-dominicana-hoy","category-efemerides","category-portada","category-turismo"],"_links":{"self":[{"href":"https:\/\/diariodominicano.com\/index.php?rest_route=\/wp\/v2\/posts\/472642","targetHints":{"allow":["GET"]}}],"collection":[{"href":"https:\/\/diariodominicano.com\/index.php?rest_route=\/wp\/v2\/posts"}],"about":[{"href":"https:\/\/diariodominicano.com\/index.php?rest_route=\/wp\/v2\/types\/post"}],"author":[{"embeddable":true,"href":"https:\/\/diariodominicano.com\/index.php?rest_route=\/wp\/v2\/users\/28"}],"replies":[{"embeddable":true,"href":"https:\/\/diariodominicano.com\/index.php?rest_route=%2Fwp%2Fv2%2Fcomments&post=472642"}],"version-history":[{"count":3,"href":"https:\/\/diariodominicano.com\/index.php?rest_route=\/wp\/v2\/posts\/472642\/revisions"}],"predecessor-version":[{"id":472651,"href":"https:\/\/diariodominicano.com\/index.php?rest_route=\/wp\/v2\/posts\/472642\/revisions\/472651"}],"wp:featuredmedia":[{"embeddable":true,"href":"https:\/\/diariodominicano.com\/index.php?rest_route=\/wp\/v2\/media\/472643"}],"wp:attachment":[{"href":"https:\/\/diariodominicano.com\/index.php?rest_route=%2Fwp%2Fv2%2Fmedia&parent=472642"}],"wp:term":[{"taxonomy":"category","embeddable":true,"href":"https:\/\/diariodominicano.com\/index.php?rest_route=%2Fwp%2Fv2%2Fcategories&post=472642"},{"taxonomy":"post_tag","embeddable":true,"href":"https:\/\/diariodominicano.com\/index.php?rest_route=%2Fwp%2Fv2%2Ftags&post=472642"}],"curies":[{"name":"wp","href":"https:\/\/api.w.org\/{rel}","templated":true}]}}