{"id":472563,"date":"2023-09-16T09:56:28","date_gmt":"2023-09-16T13:56:28","guid":{"rendered":"http:\/\/diariodominicano.com\/?p=472563"},"modified":"2023-09-16T10:06:51","modified_gmt":"2023-09-16T14:06:51","slug":"banco-bdi-sa-inauguro-sucursal-en-el-centro-comercial-blue-mall-santo-domingo","status":"publish","type":"post","link":"https:\/\/diariodominicano.com\/?p=472563","title":{"rendered":"Banco BDI, SA inaugur\u00f3 sucursal en el  Centro Comercial Blue Mall Santo Domingo"},"content":{"rendered":"\n<p> Luis Alfonso Paniagua, Juan Carlos Rodr\u00edguez Copello, Marisol Rodr\u00edguez Copello y Juan Carlos Rodr\u00edguez Gonz\u00e1lez <\/p>\n\n\n\n<p> Rafael Reyes Bison\u00f3<\/p>\n\n\n\n<p>Santo Domingo D.N jueves 14 de septiembre del 2023. El Banco BDI, S. A. inaugur\u00f3, su m\u00e1s reciente sucursal en el prestigioso centro comercial Blue Mall Santo Domingo, abriendo sus puertas a clientes actuales y potenciales en un centro de alto tr\u00e1fico en la ciudad.<\/p>\n\n\n\n<figure class=\"wp-block-image size-large\"><img loading=\"lazy\" decoding=\"async\" width=\"920\" height=\"1024\" src=\"https:\/\/diariodominicano.com\/wp-content\/uploads\/2023\/09\/Foto-1-Fachada-Sucursal-del-Banco-BDI-en-Centro-Comercial-Blue-Mall-920x1024.jpg\" alt=\"\" class=\"wp-image-472567\" srcset=\"https:\/\/diariodominicano.com\/wp-content\/uploads\/2023\/09\/Foto-1-Fachada-Sucursal-del-Banco-BDI-en-Centro-Comercial-Blue-Mall-920x1024.jpg 920w, https:\/\/diariodominicano.com\/wp-content\/uploads\/2023\/09\/Foto-1-Fachada-Sucursal-del-Banco-BDI-en-Centro-Comercial-Blue-Mall-270x300.jpg 270w, https:\/\/diariodominicano.com\/wp-content\/uploads\/2023\/09\/Foto-1-Fachada-Sucursal-del-Banco-BDI-en-Centro-Comercial-Blue-Mall-768x855.jpg 768w, https:\/\/diariodominicano.com\/wp-content\/uploads\/2023\/09\/Foto-1-Fachada-Sucursal-del-Banco-BDI-en-Centro-Comercial-Blue-Mall-1380x1536.jpg 1380w, https:\/\/diariodominicano.com\/wp-content\/uploads\/2023\/09\/Foto-1-Fachada-Sucursal-del-Banco-BDI-en-Centro-Comercial-Blue-Mall-816x908.jpg 816w, https:\/\/diariodominicano.com\/wp-content\/uploads\/2023\/09\/Foto-1-Fachada-Sucursal-del-Banco-BDI-en-Centro-Comercial-Blue-Mall.jpg 1500w\" sizes=\"auto, (max-width: 920px) 100vw, 920px\" \/><figcaption> Fachada Sucursal del Banco BDI en Centro Comercial Blue Mall <\/figcaption><\/figure>\n\n\n\n<p>La actividad fue encabezada por el Vicepresidente Senior de Negocios del Banco BDI, Sr. Juan Carlos Rodr\u00edguez Gonz\u00e1lez, quien ofreci\u00f3 las palabras de bienvenida y agradecimientos.<\/p>\n\n\n\n<figure class=\"wp-block-image size-large\"><img loading=\"lazy\" decoding=\"async\" width=\"1024\" height=\"840\" src=\"https:\/\/diariodominicano.com\/wp-content\/uploads\/2023\/09\/Foto-3-Juan-Carlos-Rodriguez-Copello-y-Luis-Emilio-Velutini-conversan-animadamente-1024x840.jpg\" alt=\"\" class=\"wp-image-472569\" srcset=\"https:\/\/diariodominicano.com\/wp-content\/uploads\/2023\/09\/Foto-3-Juan-Carlos-Rodriguez-Copello-y-Luis-Emilio-Velutini-conversan-animadamente-1024x840.jpg 1024w, https:\/\/diariodominicano.com\/wp-content\/uploads\/2023\/09\/Foto-3-Juan-Carlos-Rodriguez-Copello-y-Luis-Emilio-Velutini-conversan-animadamente-300x246.jpg 300w, https:\/\/diariodominicano.com\/wp-content\/uploads\/2023\/09\/Foto-3-Juan-Carlos-Rodriguez-Copello-y-Luis-Emilio-Velutini-conversan-animadamente-768x630.jpg 768w, https:\/\/diariodominicano.com\/wp-content\/uploads\/2023\/09\/Foto-3-Juan-Carlos-Rodriguez-Copello-y-Luis-Emilio-Velutini-conversan-animadamente-816x669.jpg 816w, https:\/\/diariodominicano.com\/wp-content\/uploads\/2023\/09\/Foto-3-Juan-Carlos-Rodriguez-Copello-y-Luis-Emilio-Velutini-conversan-animadamente.jpg 1086w\" sizes=\"auto, (max-width: 1024px) 100vw, 1024px\" \/><figcaption>Juan Carlos Rodr\u00edguez Copello y Luis Emilio Velutini, conversan animadamente<\/figcaption><\/figure>\n\n\n\n<p>Asimismo, el Sr. Luis Alfonso Paniagua, Vicepresidente de Sucursales, expres\u00f3 que \u201cEstamos muy contentos con esta apertura en Blue Mall, queremos que la visita de nuestros clientes a nuestras nuevas instalaciones se convierta en una experiencia de valor, con el servicio personalizado que caracteriza al Banco BDI. Esta oficina tiene todo el potencial de ser una gran generadora de negocios\u201d.<\/p>\n\n\n\n<p>Presente tambi\u00e9n estaba el Padre Jorge William Hern\u00e1ndez, de la Parroquia Sant\u00edsima Trinidad, qui\u00e9n ofreci\u00f3 la bendici\u00f3n del nuevo local.<\/p>\n\n\n\n<figure class=\"wp-block-image size-large\"><img loading=\"lazy\" decoding=\"async\" width=\"1024\" height=\"776\" src=\"https:\/\/diariodominicano.com\/wp-content\/uploads\/2023\/09\/Foto-4-Luis-Alfonso-Paniagua-Vicepresidente-de-Sucursales-acompanado-con-el-equipo-humano-sucursal-Banco-BDI-Blue-Mall-1024x776.jpg\" alt=\"\" class=\"wp-image-472571\" srcset=\"https:\/\/diariodominicano.com\/wp-content\/uploads\/2023\/09\/Foto-4-Luis-Alfonso-Paniagua-Vicepresidente-de-Sucursales-acompanado-con-el-equipo-humano-sucursal-Banco-BDI-Blue-Mall-1024x776.jpg 1024w, https:\/\/diariodominicano.com\/wp-content\/uploads\/2023\/09\/Foto-4-Luis-Alfonso-Paniagua-Vicepresidente-de-Sucursales-acompanado-con-el-equipo-humano-sucursal-Banco-BDI-Blue-Mall-300x227.jpg 300w, https:\/\/diariodominicano.com\/wp-content\/uploads\/2023\/09\/Foto-4-Luis-Alfonso-Paniagua-Vicepresidente-de-Sucursales-acompanado-con-el-equipo-humano-sucursal-Banco-BDI-Blue-Mall-768x582.jpg 768w, https:\/\/diariodominicano.com\/wp-content\/uploads\/2023\/09\/Foto-4-Luis-Alfonso-Paniagua-Vicepresidente-de-Sucursales-acompanado-con-el-equipo-humano-sucursal-Banco-BDI-Blue-Mall-816x619.jpg 816w, https:\/\/diariodominicano.com\/wp-content\/uploads\/2023\/09\/Foto-4-Luis-Alfonso-Paniagua-Vicepresidente-de-Sucursales-acompanado-con-el-equipo-humano-sucursal-Banco-BDI-Blue-Mall.jpg 1500w\" sizes=\"auto, (max-width: 1024px) 100vw, 1024px\" \/><figcaption>&nbsp;Luis Alfonso Paniagua, Vicepresidente de Sucursales, acompa\u00f1ado con el equipo humano y profesional sucursal Banco BDI Blue Mall<\/figcaption><\/figure>\n\n\n\n<p>Con la apertura de este nuevo centro de negocios, el Banco BDI estar\u00e1 unificando sus anteriores sucursales \u00c1gora Mall y Multicentro Sirena Churchill.<\/p>\n\n\n\n<p>Esta unificaci\u00f3n le permitir\u00e1 al Banco BDI obtener una mayor eficiencia operativa, seguir creciendo y captando nuevos y mejores negocios. Adem\u00e1s, har\u00e1 que el Banco siga mejorando su servicio al cliente, por el cual son tan reconocidos.<\/p>\n\n\n\n<p>Con un total de 10 oficinas de servicios, el Banco BDI cuenta con 9 sucursales m\u00e1s la Oficina Principal, distribuidas de la siguiente manera: 2 en la regi\u00f3n Este del pa\u00eds, 1 en la Zona Oriental de la ciudad y 7 en el Pol\u00edgono Central.<\/p>\n\n\n\n<p>La nueva sucursal del Banco BDI en Blue Mall Santo Domingo, est\u00e1 ubicada en el Piso 3 y operar\u00e1 de lunes a viernes en horarios de 10:00 A.M. a 7:00 P.M y los s\u00e1bados de 10:00 A.M. a 3:00 P.M.<\/p>\n\n\n\n<p> Rafael Reyes Bison\u00f3. <\/p>\n\n\n\n<p>E-mail: rafaelreyesbisono@hotmail.com, <\/p>\n","protected":false},"excerpt":{"rendered":"<p>Luis Alfonso Paniagua, Juan Carlos Rodr\u00edguez Copello, Marisol Rodr\u00edguez Copello y Juan Carlos Rodr\u00edguez Gonz\u00e1lez Rafael Reyes Bison\u00f3 Santo Domingo D.N jueves 14 de septiembre del 2023. El Banco BDI, S. A. inaugur\u00f3, su m\u00e1s reciente sucursal en el prestigioso centro comercial Blue Mall Santo Domingo, abriendo sus puertas a clientes actuales y potenciales en [&hellip;]<\/p>\n","protected":false},"author":28,"featured_media":472566,"comment_status":"closed","ping_status":"","sticky":true,"template":"","format":"standard","meta":{"footnotes":""},"categories":[36,20,18,27,32],"tags":[],"class_list":["post-472563","post","type-post","status-publish","format-standard","has-post-thumbnail","hentry","category-hombresmujeresycosas","category-dominicana-hoy","category-economia","category-portada","category-turismo"],"_links":{"self":[{"href":"https:\/\/diariodominicano.com\/index.php?rest_route=\/wp\/v2\/posts\/472563","targetHints":{"allow":["GET"]}}],"collection":[{"href":"https:\/\/diariodominicano.com\/index.php?rest_route=\/wp\/v2\/posts"}],"about":[{"href":"https:\/\/diariodominicano.com\/index.php?rest_route=\/wp\/v2\/types\/post"}],"author":[{"embeddable":true,"href":"https:\/\/diariodominicano.com\/index.php?rest_route=\/wp\/v2\/users\/28"}],"replies":[{"embeddable":true,"href":"https:\/\/diariodominicano.com\/index.php?rest_route=%2Fwp%2Fv2%2Fcomments&post=472563"}],"version-history":[{"count":5,"href":"https:\/\/diariodominicano.com\/index.php?rest_route=\/wp\/v2\/posts\/472563\/revisions"}],"predecessor-version":[{"id":472573,"href":"https:\/\/diariodominicano.com\/index.php?rest_route=\/wp\/v2\/posts\/472563\/revisions\/472573"}],"wp:featuredmedia":[{"embeddable":true,"href":"https:\/\/diariodominicano.com\/index.php?rest_route=\/wp\/v2\/media\/472566"}],"wp:attachment":[{"href":"https:\/\/diariodominicano.com\/index.php?rest_route=%2Fwp%2Fv2%2Fmedia&parent=472563"}],"wp:term":[{"taxonomy":"category","embeddable":true,"href":"https:\/\/diariodominicano.com\/index.php?rest_route=%2Fwp%2Fv2%2Fcategories&post=472563"},{"taxonomy":"post_tag","embeddable":true,"href":"https:\/\/diariodominicano.com\/index.php?rest_route=%2Fwp%2Fv2%2Ftags&post=472563"}],"curies":[{"name":"wp","href":"https:\/\/api.w.org\/{rel}","templated":true}]}}