{"id":472498,"date":"2023-09-16T08:40:08","date_gmt":"2023-09-16T12:40:08","guid":{"rendered":"http:\/\/diariodominicano.com\/?p=472498"},"modified":"2023-09-16T09:31:22","modified_gmt":"2023-09-16T13:31:22","slug":"europa-y-america-latina-y-el-caribe-estrenan-una-nueva-agenda-de-inversiones-y-cooperacion","status":"publish","type":"post","link":"https:\/\/diariodominicano.com\/?p=472498","title":{"rendered":"Europa y Am\u00e9rica Latina y el Caribe estrenan una nueva agenda de inversiones y cooperaci\u00f3n"},"content":{"rendered":"\n<p>En rueda de prensa <\/p>\n\n\n\n<p><em>En una reuni\u00f3n sin precedentes organizada por CAF y el Gobierno de Espa\u00f1a en Santiago de Compostela, los ministros de Econom\u00eda y Finanzas de la Uni\u00f3n Europea y Am\u00e9rica Latina y el Caribe acordaron nuevos mecanismos de gobernanza para desplegar con \u00e9xito una nueva agenda de inversiones en sectores clave del desarrollo como la transici\u00f3n verde, la transformaci\u00f3n digital y el desarrollo humano.<\/em><\/p>\n\n\n\n<figure class=\"wp-block-image size-large\"><img loading=\"lazy\" decoding=\"async\" width=\"1024\" height=\"683\" src=\"https:\/\/diariodominicano.com\/wp-content\/uploads\/2023\/09\/Calvino-SDG-celac-1024x683.jpg\" alt=\"\" class=\"wp-image-472500\" srcset=\"https:\/\/diariodominicano.com\/wp-content\/uploads\/2023\/09\/Calvino-SDG-celac-1024x683.jpg 1024w, https:\/\/diariodominicano.com\/wp-content\/uploads\/2023\/09\/Calvino-SDG-celac-300x200.jpg 300w, https:\/\/diariodominicano.com\/wp-content\/uploads\/2023\/09\/Calvino-SDG-celac-768x512.jpg 768w, https:\/\/diariodominicano.com\/wp-content\/uploads\/2023\/09\/Calvino-SDG-celac-1536x1024.jpg 1536w, https:\/\/diariodominicano.com\/wp-content\/uploads\/2023\/09\/Calvino-SDG-celac-2048x1366.jpg 2048w, https:\/\/diariodominicano.com\/wp-content\/uploads\/2023\/09\/Calvino-SDG-celac-816x544.jpg 816w\" sizes=\"auto, (max-width: 1024px) 100vw, 1024px\" \/><\/figure>\n\n\n\n<p><em>Santiago de Compostela, 15 de septiembre de 2023).<\/em>&nbsp;Los ministros de Econom\u00eda y Finanzas de la Uni\u00f3n Europea y de los pa\u00edses de la Comunidad de Estados Latinoamericanos y el Caribe (CELAC) acordaron en Santiago de Compostela la necesidad de impulsar la Agenda de Inversiones Global Gateway de la UE, aprobada en la Cumbre UE-CELAC del pasado mes de julio, donde se anunciaron inversiones p\u00fablico-privadas de 45.000 millones de euros en energ\u00eda, transporte, infraestructuras, digitalizaci\u00f3n, salud, educaci\u00f3n e investigaci\u00f3n, entre otros.<\/p>\n\n\n\n<p>La UE ha identificado 136 proyectos de inversi\u00f3n en Am\u00e9rica Latina y el Caribe. De este listado, CAF -banco de desarrollo de Am\u00e9rica Latina y el Caribe- tiene 70 iniciativas nacionales y regionales que contribuir\u00e1n a reducir la pobreza y la desigualdad, impulsar la transici\u00f3n verde y justa y la transformaci\u00f3n digital. Entre estos proyectos est\u00e1n el de llevar conectividad al 85% de los colombianos para el 2026, la producci\u00f3n de hidr\u00f3geno en Chile y Uruguay, la movilidad sostenible en San Jos\u00e9, Quito, Bogot\u00e1, Montevideo y Sao Paulo, la masificaci\u00f3n de la energ\u00eda renovable en Jamaica, y proyectos de agua y saneamiento para combatir la malnutrici\u00f3n infantil cr\u00f3nica en todo Ecuador, entre otros.<\/p>\n\n\n\n<p>Los nuevos mecanismos de seguimiento a las inversiones europeas incluyen reuniones trimestrales para compartir buenas pr\u00e1cticas y considerar los pr\u00f3ximos pasos para ampliar la agenda de inversi\u00f3n. La primera de estas reuniones tendr\u00e1 lugar en Bruselas en el primer trimestre de 2024.<\/p>\n\n\n\n<p>\u00abQueremos pasar de las declaraciones a ver el impacto de las acciones en el corto plazo\u201d, dijo Sergio D\u00edaz-Granados, presidente ejecutivo de CAF. \u201cDebemos preservar este espacio de di\u00e1logo cada dos a\u00f1os y chequear el proceso de esos 45.000 millones de euros que queremos se ejecuten hasta el 2027 a trav\u00e9s de proyectos que impacten a toda la regi\u00f3n\u201d, agreg\u00f3.<\/p>\n\n\n\n<p>D\u00edaz-Granados asegur\u00f3 que \u00abhoy tenemos medio millar de bancos de desarrollo a nivel mundial, que proveen el 12% del financiamiento mundial y que est\u00e1n trabajando m\u00e1s coordinadamente, como vivimos en la cumbre&nbsp;Finance in Common de Cartagena, pero no es suficiente porque&nbsp;la crisis va por el ascensor y nosotros por la escalera. Necesitamos ir mucho m\u00e1s r\u00e1pido que la crisis\u201d.<\/p>\n\n\n\n<figure class=\"wp-block-image size-large\"><img loading=\"lazy\" decoding=\"async\" width=\"1024\" height=\"578\" src=\"https:\/\/diariodominicano.com\/wp-content\/uploads\/2023\/09\/FOTO-FAMILIA-ECOFIN-1024x578.jpg\" alt=\"\" class=\"wp-image-472501\" srcset=\"https:\/\/diariodominicano.com\/wp-content\/uploads\/2023\/09\/FOTO-FAMILIA-ECOFIN-1024x578.jpg 1024w, https:\/\/diariodominicano.com\/wp-content\/uploads\/2023\/09\/FOTO-FAMILIA-ECOFIN-300x169.jpg 300w, https:\/\/diariodominicano.com\/wp-content\/uploads\/2023\/09\/FOTO-FAMILIA-ECOFIN-768x434.jpg 768w, https:\/\/diariodominicano.com\/wp-content\/uploads\/2023\/09\/FOTO-FAMILIA-ECOFIN-1536x868.jpg 1536w, https:\/\/diariodominicano.com\/wp-content\/uploads\/2023\/09\/FOTO-FAMILIA-ECOFIN-2048x1157.jpg 2048w, https:\/\/diariodominicano.com\/wp-content\/uploads\/2023\/09\/FOTO-FAMILIA-ECOFIN-816x461.jpg 816w\" sizes=\"auto, (max-width: 1024px) 100vw, 1024px\" \/><\/figure>\n\n\n\n<p>\u201cEn la presidencia espa\u00f1ola rotatoria del Consejo de la UE queremos dar un impulso a los lazos pol\u00edticos, econ\u00f3micos e hist\u00f3ricos con los pa\u00edses de Latinoam\u00e9rica y el Caribe. Es fundamental avanzar juntos y reforzar las alianzas estrat\u00e9gicas con esta regi\u00f3n en un contexto geopol\u00edtico tan complejo y garantizar una transici\u00f3n verde, digital y justa en Am\u00e9rica Latina\u201d, dijo la vicepresidenta y ministra de Asuntos Econ\u00f3micos y Transformaci\u00f3n Digital de Espa\u00f1a, Nadia Calvi\u00f1o.<\/p>\n\n\n\n<p><strong>Mecanismo de gobernanza<\/strong><strong><\/strong><\/p>\n\n\n\n<p>En la reuni\u00f3n, los ministros tambi\u00e9n han acordado la necesidad de establecer un mecanismo espec\u00edfico de seguimiento para aplicar con \u00e9xito el programa de inversiones, en torno a tres elementos:<\/p>\n\n\n\n<ul class=\"wp-block-list\"><li>La Comisi\u00f3n Europea recopilar\u00e1 y actualizar\u00e1 la informaci\u00f3n pertinente de cada proyecto y mantendr\u00e1 una base de datos completa y actualizada. Instituciones como la CAF -banco de desarrollo de Am\u00e9rica Latina y el Caribe-, el Banco Interamericano de Desarrollo (BID) y el Banco Europeo de Inversiones (BEI) apoyar\u00e1n a la Comisi\u00f3n Europea en esta tarea.<\/li><\/ul>\n\n\n\n<ul class=\"wp-block-list\"><li>Se celebrar\u00e1n cada dos a\u00f1os cumbres de alto nivel UE-CELAC para compartir las mejores pr\u00e1cticas y considerar los pr\u00f3ximos pasos para ampliar la Agenda de Inversi\u00f3n. La primera de estas reuniones tendr\u00e1 lugar en Bruselas en el primer trimestre de 2024.<\/li><\/ul>\n\n\n\n<ul class=\"wp-block-list\"><li>Para agilizar las inversiones, los gobiernos de los pa\u00edses de CELAC pondr\u00e1n en marcha una ventanilla \u00fanica espec\u00edfica con capacidad para agilizar los tr\u00e1mites administrativos, jur\u00eddicos y t\u00e9cnicos necesarios para eliminar cuellos de botella y mejorar el clima empresarial a fin de facilitar la ejecuci\u00f3n de los proyectos por parte del sector privado, con especial atenci\u00f3n a los proyectos que respondan a necesidades locales.<\/li><\/ul>\n\n\n\n<p>El comercio total en bienes y servicios entre la UE y los pa\u00edses latinoamericanos y caribe\u00f1os ha aumentado casi un 40% desde la Cumbre UE-CELAC de 2013. La UE es adem\u00e1s el principal inversor en la regi\u00f3n de Am\u00e9rica Latina y el Caribe.<\/p>\n\n\n\n<p>La UE y la CELAC comparten lazos y asociaciones estrat\u00e9gicas, lo que refuerza su capacidad para responder a los retos mundiales. El cambio clim\u00e1tico, la necesidad de adaptarse a la transformaci\u00f3n tecnol\u00f3gica, las tensiones geopol\u00edticas y el aumento de las desigualdades, entre otros, muestran la necesidad de una mayor cooperaci\u00f3n multilateral y de unas relaciones econ\u00f3micas reforzadas.<\/p>\n\n\n\n<p><em>CAF -banco de desarrollo de Am\u00e9rica Latina- tiene como misi\u00f3n impulsar el desarrollo sostenible y la integraci\u00f3n regional, mediante el financiamiento de proyectos de los sectores p\u00fablico y privado, la provisi\u00f3n de cooperaci\u00f3n t\u00e9cnica y otros servicios especializados. Constituido en 1970 y conformado en la actualidad por 21 pa\u00edses -19 de Am\u00e9rica Latina y el Caribe, junto a Espa\u00f1a y Portugal- y 13 bancos privados, es una de las principales fuentes de financiamiento multilateral y un importante generador de conocimiento para la regi\u00f3n. M\u00e1s informaci\u00f3n en&nbsp;<\/em><a href=\"https:\/\/www.caf.com\/\"><em>https:\/\/www.caf.com\/<\/em><\/a><\/p>\n\n\n\n<p>Luis Mor\u00e1n<a target=\"_blank\" href=\"mailto:lmoran@mccomunicaciones.com.pa\" rel=\"noreferrer noopener\">lmoran@mccomunicaciones.com.pa<\/a><\/p>\n","protected":false},"excerpt":{"rendered":"<p>En rueda de prensa En una reuni\u00f3n sin precedentes organizada por CAF y el Gobierno de Espa\u00f1a en Santiago de Compostela, los ministros de Econom\u00eda y Finanzas de la Uni\u00f3n Europea y Am\u00e9rica Latina y el Caribe acordaron nuevos mecanismos de gobernanza para desplegar con \u00e9xito una nueva agenda de inversiones en sectores clave del [&hellip;]<\/p>\n","protected":false},"author":28,"featured_media":472499,"comment_status":"closed","ping_status":"","sticky":true,"template":"","format":"standard","meta":{"footnotes":""},"categories":[36,18,23,27,32],"tags":[],"class_list":["post-472498","post","type-post","status-publish","format-standard","has-post-thumbnail","hentry","category-hombresmujeresycosas","category-economia","category-internacional","category-portada","category-turismo"],"_links":{"self":[{"href":"https:\/\/diariodominicano.com\/index.php?rest_route=\/wp\/v2\/posts\/472498","targetHints":{"allow":["GET"]}}],"collection":[{"href":"https:\/\/diariodominicano.com\/index.php?rest_route=\/wp\/v2\/posts"}],"about":[{"href":"https:\/\/diariodominicano.com\/index.php?rest_route=\/wp\/v2\/types\/post"}],"author":[{"embeddable":true,"href":"https:\/\/diariodominicano.com\/index.php?rest_route=\/wp\/v2\/users\/28"}],"replies":[{"embeddable":true,"href":"https:\/\/diariodominicano.com\/index.php?rest_route=%2Fwp%2Fv2%2Fcomments&post=472498"}],"version-history":[{"count":3,"href":"https:\/\/diariodominicano.com\/index.php?rest_route=\/wp\/v2\/posts\/472498\/revisions"}],"predecessor-version":[{"id":472551,"href":"https:\/\/diariodominicano.com\/index.php?rest_route=\/wp\/v2\/posts\/472498\/revisions\/472551"}],"wp:featuredmedia":[{"embeddable":true,"href":"https:\/\/diariodominicano.com\/index.php?rest_route=\/wp\/v2\/media\/472499"}],"wp:attachment":[{"href":"https:\/\/diariodominicano.com\/index.php?rest_route=%2Fwp%2Fv2%2Fmedia&parent=472498"}],"wp:term":[{"taxonomy":"category","embeddable":true,"href":"https:\/\/diariodominicano.com\/index.php?rest_route=%2Fwp%2Fv2%2Fcategories&post=472498"},{"taxonomy":"post_tag","embeddable":true,"href":"https:\/\/diariodominicano.com\/index.php?rest_route=%2Fwp%2Fv2%2Ftags&post=472498"}],"curies":[{"name":"wp","href":"https:\/\/api.w.org\/{rel}","templated":true}]}}