{"id":472328,"date":"2023-09-15T21:29:27","date_gmt":"2023-09-16T01:29:27","guid":{"rendered":"http:\/\/diariodominicano.com\/?p=472328"},"modified":"2023-09-15T21:29:27","modified_gmt":"2023-09-16T01:29:27","slug":"el-coe-coloca-7-provincias-en-alerta-verde-por-posibles-crecidas-de-rios-arroyos-canadas-e-inundaciones-repentinas","status":"publish","type":"post","link":"https:\/\/diariodominicano.com\/?p=472328","title":{"rendered":"El COE coloca 7 provincias en alerta verde por posibles crecidas de r\u00edos, arroyos, ca\u00f1adas e inundaciones repentinas"},"content":{"rendered":"\n<p>El COE inform\u00f3 que ha colocado  7 provincias en alerta verde por posibles crecidas de r\u00edos, arroyos y ca\u00f1adas, as\u00ed como inundaciones repentinas o urbanas, debido a que por los efectos de una vaguada, combinados con los factores locales de calentamiento diurno y orogr\u00e1ficos, provocar\u00e1n nublados con aguaceros fuertes en ocasiones.<\/p>\n\n\n\n<p>En alerta verde \ud83d\udfe2 se encuentran:<\/p>\n\n\n\n<p>Santiago<br>Santiago Rodr\u00edguez<br>Mar\u00eda Trinidad S\u00e1nchez<br>La Vega<br>Hermanas Mirabal<br>Espaillat<br>Duarte<\/p>\n\n\n\n<p>El COE inform\u00f3 que tambi\u00e9n  se mantiene en alerta verde la franja costera de la Costa Atl\u00e1ntica, desde la provincia de la Altagracia hasta Montecristi, por posibles inundaciones costeras, rompientes de olas y posible formaci\u00f3n de mar de fondo.<\/p>\n\n\n\n<p>Recomienda a las personas abstenerse de cruzar r\u00edos, arroyos y ca\u00f1adas que presenten alto vol\u00famenes de agua y no hacer uso de balnearios (r\u00edos), en las provincias bajo alerta.<\/p>\n","protected":false},"excerpt":{"rendered":"<p>El COE inform\u00f3 que ha colocado 7 provincias en alerta verde por posibles crecidas de r\u00edos, arroyos y ca\u00f1adas, as\u00ed como inundaciones repentinas o urbanas, debido a que por los efectos de una vaguada, combinados con los factores locales de calentamiento diurno y orogr\u00e1ficos, provocar\u00e1n nublados con aguaceros fuertes en ocasiones. En alerta verde \ud83d\udfe2 [&hellip;]<\/p>\n","protected":false},"author":28,"featured_media":472329,"comment_status":"closed","ping_status":"","sticky":true,"template":"","format":"standard","meta":{"footnotes":""},"categories":[20,27,32],"tags":[],"class_list":["post-472328","post","type-post","status-publish","format-standard","has-post-thumbnail","hentry","category-dominicana-hoy","category-portada","category-turismo"],"_links":{"self":[{"href":"https:\/\/diariodominicano.com\/index.php?rest_route=\/wp\/v2\/posts\/472328","targetHints":{"allow":["GET"]}}],"collection":[{"href":"https:\/\/diariodominicano.com\/index.php?rest_route=\/wp\/v2\/posts"}],"about":[{"href":"https:\/\/diariodominicano.com\/index.php?rest_route=\/wp\/v2\/types\/post"}],"author":[{"embeddable":true,"href":"https:\/\/diariodominicano.com\/index.php?rest_route=\/wp\/v2\/users\/28"}],"replies":[{"embeddable":true,"href":"https:\/\/diariodominicano.com\/index.php?rest_route=%2Fwp%2Fv2%2Fcomments&post=472328"}],"version-history":[{"count":1,"href":"https:\/\/diariodominicano.com\/index.php?rest_route=\/wp\/v2\/posts\/472328\/revisions"}],"predecessor-version":[{"id":472330,"href":"https:\/\/diariodominicano.com\/index.php?rest_route=\/wp\/v2\/posts\/472328\/revisions\/472330"}],"wp:featuredmedia":[{"embeddable":true,"href":"https:\/\/diariodominicano.com\/index.php?rest_route=\/wp\/v2\/media\/472329"}],"wp:attachment":[{"href":"https:\/\/diariodominicano.com\/index.php?rest_route=%2Fwp%2Fv2%2Fmedia&parent=472328"}],"wp:term":[{"taxonomy":"category","embeddable":true,"href":"https:\/\/diariodominicano.com\/index.php?rest_route=%2Fwp%2Fv2%2Fcategories&post=472328"},{"taxonomy":"post_tag","embeddable":true,"href":"https:\/\/diariodominicano.com\/index.php?rest_route=%2Fwp%2Fv2%2Ftags&post=472328"}],"curies":[{"name":"wp","href":"https:\/\/api.w.org\/{rel}","templated":true}]}}