{"id":472247,"date":"2023-09-15T18:39:19","date_gmt":"2023-09-15T22:39:19","guid":{"rendered":"http:\/\/diariodominicano.com\/?p=472247"},"modified":"2023-09-15T18:46:39","modified_gmt":"2023-09-15T22:46:39","slug":"la-fundacion-propagas-reef-check-republica-dominicana-y-la-universidad-de-maine-ponen-a-circular-articulo-cientifico-tendencias-en-la-biodiversidad-de-los-arrecifes-de-coral-de-republica-dominican","status":"publish","type":"post","link":"https:\/\/diariodominicano.com\/?p=472247","title":{"rendered":"La Fundaci\u00f3n Propagas, Reef Check Rep\u00fablica Dominicana, y la Universidad de Maine, ponen a circular Art\u00edculo Cient\u00edfico: Tendencias en la biodiversidad de los arrecifes de coral de Rep\u00fablica Dominicana 2015-2022"},"content":{"rendered":"\n<p>Dra. Rosa Margarita Bonetti de Santana<\/p>\n\n\n\n<figure class=\"wp-block-image size-large\"><img loading=\"lazy\" decoding=\"async\" width=\"1024\" height=\"683\" src=\"https:\/\/diariodominicano.com\/wp-content\/uploads\/2023\/09\/2-Nicasio-Vinas-Ruben-Torres-Robert-Steneck-Rosa-M.-Bonetti-Milagros-DeCamps-Nina-Lysenko-y-Federico-Franco-1024x683.jpeg\" alt=\"\" class=\"wp-image-472249\" srcset=\"https:\/\/diariodominicano.com\/wp-content\/uploads\/2023\/09\/2-Nicasio-Vinas-Ruben-Torres-Robert-Steneck-Rosa-M.-Bonetti-Milagros-DeCamps-Nina-Lysenko-y-Federico-Franco-1024x683.jpeg 1024w, https:\/\/diariodominicano.com\/wp-content\/uploads\/2023\/09\/2-Nicasio-Vinas-Ruben-Torres-Robert-Steneck-Rosa-M.-Bonetti-Milagros-DeCamps-Nina-Lysenko-y-Federico-Franco-300x200.jpeg 300w, https:\/\/diariodominicano.com\/wp-content\/uploads\/2023\/09\/2-Nicasio-Vinas-Ruben-Torres-Robert-Steneck-Rosa-M.-Bonetti-Milagros-DeCamps-Nina-Lysenko-y-Federico-Franco-768x512.jpeg 768w, https:\/\/diariodominicano.com\/wp-content\/uploads\/2023\/09\/2-Nicasio-Vinas-Ruben-Torres-Robert-Steneck-Rosa-M.-Bonetti-Milagros-DeCamps-Nina-Lysenko-y-Federico-Franco-1536x1024.jpeg 1536w, https:\/\/diariodominicano.com\/wp-content\/uploads\/2023\/09\/2-Nicasio-Vinas-Ruben-Torres-Robert-Steneck-Rosa-M.-Bonetti-Milagros-DeCamps-Nina-Lysenko-y-Federico-Franco-2048x1365.jpeg 2048w, https:\/\/diariodominicano.com\/wp-content\/uploads\/2023\/09\/2-Nicasio-Vinas-Ruben-Torres-Robert-Steneck-Rosa-M.-Bonetti-Milagros-DeCamps-Nina-Lysenko-y-Federico-Franco-816x544.jpeg 816w\" sizes=\"auto, (max-width: 1024px) 100vw, 1024px\" \/><figcaption>Nicasio Vi\u00f1as, Rub\u00e9n Torres, Robert Steneck, Rosa M. Bonetti, Milagros DeCamps, Nina Lysenko y Federico Franco<\/figcaption><\/figure>\n\n\n\n<p>La Fundaci\u00f3n Propagas, Reef Check Rep\u00fablica Dominicana y la Universidad de Maine realizaron la puesta en circulaci\u00f3n de art\u00edculo cient\u00edfico: Tendencias en la biodiversidad de los arrecifes de coral de Rep\u00fablica Dominicana 2015-2022, publicado en 2023 en la revista <em>Diversity<\/em>, con la intenci\u00f3n de aportar a la investigaci\u00f3n cient\u00edfica en el pa\u00eds y generar data para facilitar la toma de decisiones por parte de nuestras autoridades.<\/p>\n\n\n\n<figure class=\"wp-block-image size-large\"><img loading=\"lazy\" decoding=\"async\" width=\"1024\" height=\"683\" src=\"https:\/\/diariodominicano.com\/wp-content\/uploads\/2023\/09\/Robert-Steneck-1024x683.jpeg\" alt=\"\" class=\"wp-image-472257\" srcset=\"https:\/\/diariodominicano.com\/wp-content\/uploads\/2023\/09\/Robert-Steneck-1024x683.jpeg 1024w, https:\/\/diariodominicano.com\/wp-content\/uploads\/2023\/09\/Robert-Steneck-300x200.jpeg 300w, https:\/\/diariodominicano.com\/wp-content\/uploads\/2023\/09\/Robert-Steneck-768x512.jpeg 768w, https:\/\/diariodominicano.com\/wp-content\/uploads\/2023\/09\/Robert-Steneck-1536x1024.jpeg 1536w, https:\/\/diariodominicano.com\/wp-content\/uploads\/2023\/09\/Robert-Steneck-2048x1365.jpeg 2048w, https:\/\/diariodominicano.com\/wp-content\/uploads\/2023\/09\/Robert-Steneck-816x544.jpeg 816w\" sizes=\"auto, (max-width: 1024px) 100vw, 1024px\" \/><figcaption>Robert Steneck<\/figcaption><\/figure>\n\n\n\n<p>Desde el 2015, la Fundaci\u00f3n Propagas ha venido desarrollando un programa de monitoreo de ecosistemas de arrecifes de coral a nivel nacional en la Rep\u00fablica Dominicana, a cargo del respetado y destacado Bi\u00f3logo marino Prof. Robert Steneck, Phd. de la Universidad de Maine en EE.UU. y el Dr. Rub\u00e9n Torres, de Reef Check RD, para establecer referentes de biodiversidad contra los cuales se podr\u00edan rastrear las tendencias en los componentes m\u00e1s importantes de la estructura y funci\u00f3n del ecosistema de arrecifes de coral.&nbsp; Para el an\u00e1lisis de estas tendencias, se establecieron 12 puntos de monitoreo dentro de 6 regiones de la Rep\u00fablica Dominicana y se han generado cuatro reportes de monitoreo desde 2015.<\/p>\n\n\n\n<p>Adem\u00e1s, durante el 2022 la Fundaci\u00f3n Propagas, Reef Check Rep\u00fablica Dominicana y el Corredor Biol\u00f3gico del Caribe completaron el monitoreo de seis zonas en Hait\u00ed y seis en la Rep\u00fablica Dominicana, logrando el primer monitoreo de salud arrecifal jam\u00e1s realizado en la isla de La Espa\u00f1ola.<\/p>\n\n\n\n<figure class=\"wp-block-image size-large\"><img loading=\"lazy\" decoding=\"async\" width=\"1024\" height=\"683\" src=\"https:\/\/diariodominicano.com\/wp-content\/uploads\/2023\/09\/Federico-Franco-Robert-Steneck-Rosa-M.-Bonetti-y-Ministro-Miguel-Ceara-Hatton-y-Milagros-DeCamps-1024x683.jpeg\" alt=\"\" class=\"wp-image-472253\" srcset=\"https:\/\/diariodominicano.com\/wp-content\/uploads\/2023\/09\/Federico-Franco-Robert-Steneck-Rosa-M.-Bonetti-y-Ministro-Miguel-Ceara-Hatton-y-Milagros-DeCamps-1024x683.jpeg 1024w, https:\/\/diariodominicano.com\/wp-content\/uploads\/2023\/09\/Federico-Franco-Robert-Steneck-Rosa-M.-Bonetti-y-Ministro-Miguel-Ceara-Hatton-y-Milagros-DeCamps-300x200.jpeg 300w, https:\/\/diariodominicano.com\/wp-content\/uploads\/2023\/09\/Federico-Franco-Robert-Steneck-Rosa-M.-Bonetti-y-Ministro-Miguel-Ceara-Hatton-y-Milagros-DeCamps-768x512.jpeg 768w, https:\/\/diariodominicano.com\/wp-content\/uploads\/2023\/09\/Federico-Franco-Robert-Steneck-Rosa-M.-Bonetti-y-Ministro-Miguel-Ceara-Hatton-y-Milagros-DeCamps-1536x1024.jpeg 1536w, https:\/\/diariodominicano.com\/wp-content\/uploads\/2023\/09\/Federico-Franco-Robert-Steneck-Rosa-M.-Bonetti-y-Ministro-Miguel-Ceara-Hatton-y-Milagros-DeCamps-816x544.jpeg 816w, https:\/\/diariodominicano.com\/wp-content\/uploads\/2023\/09\/Federico-Franco-Robert-Steneck-Rosa-M.-Bonetti-y-Ministro-Miguel-Ceara-Hatton-y-Milagros-DeCamps.jpeg 1620w\" sizes=\"auto, (max-width: 1024px) 100vw, 1024px\" \/><figcaption>Federico Franco, Robert Steneck, Rosa M. Bonetti y Ministro Miguel Ceara Hatton y Milagros DeCamps<\/figcaption><\/figure>\n\n\n\n<p>Los resultados y hallazgos de esta investigaci\u00f3n fueron dados a conocer por los expertos, quienes de manera dedicada y con base cient\u00edfica han conducido este programa de monitoreo durante siete a\u00f1os.&nbsp;&nbsp; <strong>Seg\u00fan datos publicados en el art\u00edculo cient\u00edfico y presentados por el Dr. Steneck, la fauna de peces en todo nuestro litoral est\u00e1 por debajo de la mayor\u00eda de los otros arrecifes de pesca en el Caribe y la abundancia de coral en el pa\u00eds ha disminuido en casi un 5% desde 2015<\/strong>.<\/p>\n\n\n\n<p>Estos resultados resaltan la importancia de crear reservas marinas funcionales para proteger los arrecifes en mejores condiciones ya que una mejor gesti\u00f3n de la presi\u00f3n pesquera sobre los arrecifes de coral probablemente arrojar\u00eda resultados positivos.&nbsp;<\/p>\n\n\n\n<p>Durante sus palabras de bienvenida, la <strong>Dra. Rosa Margarita Bonetti de Santana<\/strong> destac\u00f3 el compromiso que tiene la Fundaci\u00f3n Propagas de apoyar las acciones necesarias para la adaptaci\u00f3n al cambio clim\u00e1tico y conservaci\u00f3n de nuestros recursos costeros y marinos y su biodiversidad. Aclar\u00f3 que si la Rep\u00fablica Dominicana quiere responder exitosamente a las amenazas del cambio clim\u00e1tico en los pr\u00f3ximos 50-100 a\u00f1os, acciones inmediatas y coordinadas son requeridas y \u00e9stas deben estar basadas en los mejores conocimientos cient\u00edficos para evaluar los posibles escenarios de cambios futuros en los ecosistemas del pa\u00eds.<\/p>\n\n\n\n<figure class=\"wp-block-image size-large\"><img loading=\"lazy\" decoding=\"async\" width=\"1024\" height=\"683\" src=\"https:\/\/diariodominicano.com\/wp-content\/uploads\/2023\/09\/Milagros-DeCamps-1024x683.jpeg\" alt=\"\" class=\"wp-image-472255\" srcset=\"https:\/\/diariodominicano.com\/wp-content\/uploads\/2023\/09\/Milagros-DeCamps-1024x683.jpeg 1024w, https:\/\/diariodominicano.com\/wp-content\/uploads\/2023\/09\/Milagros-DeCamps-300x200.jpeg 300w, https:\/\/diariodominicano.com\/wp-content\/uploads\/2023\/09\/Milagros-DeCamps-768x512.jpeg 768w, https:\/\/diariodominicano.com\/wp-content\/uploads\/2023\/09\/Milagros-DeCamps-1536x1024.jpeg 1536w, https:\/\/diariodominicano.com\/wp-content\/uploads\/2023\/09\/Milagros-DeCamps-2048x1365.jpeg 2048w, https:\/\/diariodominicano.com\/wp-content\/uploads\/2023\/09\/Milagros-DeCamps-816x544.jpeg 816w\" sizes=\"auto, (max-width: 1024px) 100vw, 1024px\" \/><figcaption>Milagros DeCamps<\/figcaption><\/figure>\n\n\n\n<p>Por su parte la viceministra de&nbsp; Cambio Clim\u00e1tico y Sostenibilidad, <strong>Lic. Milagros De Camps,<\/strong> dijo que el manejo efectivo de \u00e1reas marinas protegidas es una estrategia fundamental del Ministerio de Medio Ambiente y Recursos Naturales en la lucha contra la p\u00e9rdida de biodiversidad y el cambio clim\u00e1tico. En la pasada Conferencia de las Naciones Unidas sobre los Oc\u00e9anos de 2022, Rep\u00fablica Dominicana hizo saber su compromiso por alcanzar la protecci\u00f3n del 30% de su territorio marino.&nbsp;<\/p>\n\n\n\n<p>Por su parte el <strong>Dr. Rub\u00e9n Torres<\/strong>, present\u00f3 los esfuerzos realizados por la Fundaci\u00f3n Propagas, Reef Check Rep\u00fablica Dominicana y el Corredor Biol\u00f3gico del Caribe por ampliar el alcance del monitoreo a la Isla de La Espa\u00f1ola, dado que estos ecosistemas trascienden fronteras. Asimismo, el <strong>Dr. Nicasio Vi\u00f1a<\/strong> secretario ejecutivo del Corredor Biol\u00f3gico del Caribe destac\u00f3 la importancia del estudio para el CBC.&nbsp;<\/p>\n\n\n\n<p>La p\u00e9rdida de los servicios ecosist\u00e9micos que proveen los arrecifes coralinos para la Rep\u00fablica Dominicana es una situaci\u00f3n preocupante, m\u00e1s cuando se calcula que el aporte a la econom\u00eda nacional por actividades relacionadas con este ecosistema es m\u00e1s de US$ 4.5 billones de d\u00f3lares anuales.&nbsp;Bajo estas condiciones, los programas de monitoreo de la salud arrecifal cobran a\u00fan mayor importancia, ya que proporcionan informaci\u00f3n cient\u00edfica de calidad que da soporte a la toma de decisiones sobre protecci\u00f3n y conservaci\u00f3n de los arrecifes de coral.&nbsp;<\/p>\n\n\n\n<p>El acto estuvo encabezado por la Dra. Rosa M. Bonetti de Santana, presidente de la Fundaci\u00f3n Propagas, el Prof. Robert Steneck de la Universidad de Maine EE.UU. y el Dr. Rub\u00e9n Torres, presidente de Reef Check Rep\u00fablica Dominicana. Cont\u00f3 adem\u00e1s con la presencia de la\u00a0 Lic. Milagros De Camps , viceministra de Cambio Clim\u00e1tico y Sostenibilidad, el\u00a0 Sr. Carlos J. Then, director ejecutivo, Consejo Dominicano de Pesca y Acuicultura (CODOPESCA), la presencia de\u00a0 altos funcionarios del Estado, de los Ministerios de Medio Ambiente, Embajadores y jefes de misiones diplom\u00e1ticas acreditados en el pa\u00eds,\u00a0 representantes de ONG&#8217;s ambientalistas, as\u00ed como reconocidas personalidades del sector empresarial dominicano, conservacionistas, ambientalistas y relacionados.<\/p>\n\n\n\n<p>Daniela Sena<a target=\"_blank\" href=\"mailto:daniela@lendof.com.do\" rel=\"noreferrer noopener\">daniela@lendof.com.do<\/a><\/p>\n","protected":false},"excerpt":{"rendered":"<p>Dra. Rosa Margarita Bonetti de Santana La Fundaci\u00f3n Propagas, Reef Check Rep\u00fablica Dominicana y la Universidad de Maine realizaron la puesta en circulaci\u00f3n de art\u00edculo cient\u00edfico: Tendencias en la biodiversidad de los arrecifes de coral de Rep\u00fablica Dominicana 2015-2022, publicado en 2023 en la revista Diversity, con la intenci\u00f3n de aportar a la investigaci\u00f3n cient\u00edfica [&hellip;]<\/p>\n","protected":false},"author":28,"featured_media":0,"comment_status":"closed","ping_status":"","sticky":true,"template":"","format":"standard","meta":{"footnotes":""},"categories":[36,20,27,32],"tags":[],"class_list":["post-472247","post","type-post","status-publish","format-standard","hentry","category-hombresmujeresycosas","category-dominicana-hoy","category-portada","category-turismo"],"_links":{"self":[{"href":"https:\/\/diariodominicano.com\/index.php?rest_route=\/wp\/v2\/posts\/472247","targetHints":{"allow":["GET"]}}],"collection":[{"href":"https:\/\/diariodominicano.com\/index.php?rest_route=\/wp\/v2\/posts"}],"about":[{"href":"https:\/\/diariodominicano.com\/index.php?rest_route=\/wp\/v2\/types\/post"}],"author":[{"embeddable":true,"href":"https:\/\/diariodominicano.com\/index.php?rest_route=\/wp\/v2\/users\/28"}],"replies":[{"embeddable":true,"href":"https:\/\/diariodominicano.com\/index.php?rest_route=%2Fwp%2Fv2%2Fcomments&post=472247"}],"version-history":[{"count":8,"href":"https:\/\/diariodominicano.com\/index.php?rest_route=\/wp\/v2\/posts\/472247\/revisions"}],"predecessor-version":[{"id":472260,"href":"https:\/\/diariodominicano.com\/index.php?rest_route=\/wp\/v2\/posts\/472247\/revisions\/472260"}],"wp:attachment":[{"href":"https:\/\/diariodominicano.com\/index.php?rest_route=%2Fwp%2Fv2%2Fmedia&parent=472247"}],"wp:term":[{"taxonomy":"category","embeddable":true,"href":"https:\/\/diariodominicano.com\/index.php?rest_route=%2Fwp%2Fv2%2Fcategories&post=472247"},{"taxonomy":"post_tag","embeddable":true,"href":"https:\/\/diariodominicano.com\/index.php?rest_route=%2Fwp%2Fv2%2Ftags&post=472247"}],"curies":[{"name":"wp","href":"https:\/\/api.w.org\/{rel}","templated":true}]}}