{"id":472211,"date":"2023-09-15T10:07:59","date_gmt":"2023-09-15T14:07:59","guid":{"rendered":"http:\/\/diariodominicano.com\/?p=472211"},"modified":"2023-09-15T10:09:39","modified_gmt":"2023-09-15T14:09:39","slug":"el-veredicto-completo-del-iii-festival-fine-arts-hecho-en-casa-el-metodo-la-hembrita-y-croma-kid","status":"publish","type":"post","link":"https:\/\/diariodominicano.com\/?p=472211","title":{"rendered":"El veredicto completo del III Festival Fine Arts Hecho en Casa: El m\u00e9todo, La Hembrita y Croma kid"},"content":{"rendered":"\n<p> El III Festival de Cine Fine Arts hecho en casa, ha resultado un puntal para el cine joven de calidad en su concepto y realizaci\u00f3n. <\/p>\n\n\n\n<p>Un gran festival de cine se sustenta en la justicia de su veredicto. Y se debe ofrecer integralmente, ya que todas las ganadoras, son eso, ganadoras.<\/p>\n\n\n\n<p>Jos\u00e9 Rafael Sosa<\/p>\n\n\n\n<p>Todo est\u00e1 consumado. Del 7 al 13 de septiembre, se produjo el III Festival de Cine Fine Arts Hecho en Casa en el cual compitieron siete proyectos de cine nacional, impregnados de una carta de calidad, juventud en sus talentos y \u2013 casi todos\u2014 provistos de esa certidumbre de que el pa\u00eds se encuentra en una ruta consistente para hacer un cine que emocione, impacte las conciencias y sea una v\u00eda para seguir abonando a la buena marca nacional de cine.<\/p>\n\n\n\n<p>El evento fue patrocinado por Caribbean Cinemas y Altice, empresas que lo anunciaron, con la direcci\u00f3n general de Zumaya Cordero. Los copatrocinadoras: Banco Caribe, Johnnie Walker, Induveca y Franks, con el apoyo de DGCINE.<\/p>\n\n\n\n<p>Ese Festival, al igual que otros que se han celebrado en los cuales se respeta la capacidad y decisi\u00f3n de sus jurados, se constituy\u00f3 em uno de los acontecimientos cinematogr\u00e1ficos dominicanos, m\u00e1s trascendentes por su aporte a la consolidaci\u00f3n conceptual y de taquilla nuestra industria: siete pel\u00edculas de alta calidad, no estrenadas, tuvieron oportunidad de pantallas.<\/p>\n\n\n\n<p>Un Festival de Cine vale justo el nivel de justicia de sus veredictos y sus resultados deben ser ofrecidos integralmente porque todas las pel\u00edculas ganadoras, son eso: ganadoras. Se impone evitar que la mayor exposici\u00f3n de ganadoras, dependa de la calidad de la agencia de comunicaciones que sea contratada.<\/p>\n\n\n\n<p>El veredicto del jurado:<\/p>\n\n\n\n<p>El M\u00e9todo: Mejor Pel\u00edcula (David Maler)<\/p>\n\n\n\n<p>Cecilia Garc\u00eda (La Hembrita),<\/p>\n\n\n\n<p>Mejor Actriz principal (La hembrita)<\/p>\n\n\n\n<p>Xiomara Fortuna, Actriz secundaria (La Hembrita)<\/p>\n\n\n\n<p>Pepe Sierra: (El M\u00e9todo),<\/p>\n\n\n\n<p>Mejor actor (El m\u00e9todo) David Maler: (Croma Kid)<\/p>\n\n\n\n<p>Mejor director (El M\u00e9todo)<\/p>\n\n\n\n<p>Mejor Gui\u00f3n: Croma Kid, (Israel C\u00e1rdenas y Pablo Chea)<\/p>\n\n\n\n<p>Un Gavillero en la Sierra Mejor corto documental ficci\u00f3n (Ricardo Ariel Toribio)<\/p>\n\n\n\n<p>En busca del Coraz\u00f3n Azul (Amelia Deschamps) Mejor Corto Documental.<\/p>\n\n\n\n<p>Menciones especiales para los cortometrajes universitarios: \u201cTaita\u201d de Paola Bruno y Jessie Rosario (PUCMM) y \u201cSol Azul\u201d de Alina Labour (Chav\u00f3n)<\/p>\n\n\n\n<p>El jurado estuvo integrado por Ariel Feliciano, V\u00edctor Pi\u00f1eiro, Marc Mej\u00eda (quien evidenci\u00f3 un talante profesional al mantenerse en sus funciones a pesar de la dolorosa partida de su padre), Alfonso Qui\u00f1ones, Jos\u00e9 Rafael Sosa, presidido por F\u00e9lix Manuel Lora y la directora general del Festival fue &nbsp;Zumaya Cordero.<\/p>\n\n\n\n<figure class=\"wp-block-image size-large\"><img loading=\"lazy\" decoding=\"async\" width=\"1024\" height=\"682\" src=\"https:\/\/diariodominicano.com\/wp-content\/uploads\/2023\/09\/Imagen-de-WhatsApp-2023-09-14-a-las-09.07.37-1024x682.jpg\" alt=\"\" class=\"wp-image-472216\" srcset=\"https:\/\/diariodominicano.com\/wp-content\/uploads\/2023\/09\/Imagen-de-WhatsApp-2023-09-14-a-las-09.07.37-1024x682.jpg 1024w, https:\/\/diariodominicano.com\/wp-content\/uploads\/2023\/09\/Imagen-de-WhatsApp-2023-09-14-a-las-09.07.37-300x200.jpg 300w, https:\/\/diariodominicano.com\/wp-content\/uploads\/2023\/09\/Imagen-de-WhatsApp-2023-09-14-a-las-09.07.37-768x512.jpg 768w, https:\/\/diariodominicano.com\/wp-content\/uploads\/2023\/09\/Imagen-de-WhatsApp-2023-09-14-a-las-09.07.37-1536x1023.jpg 1536w, https:\/\/diariodominicano.com\/wp-content\/uploads\/2023\/09\/Imagen-de-WhatsApp-2023-09-14-a-las-09.07.37-816x544.jpg 816w, https:\/\/diariodominicano.com\/wp-content\/uploads\/2023\/09\/Imagen-de-WhatsApp-2023-09-14-a-las-09.07.37.jpg 1600w\" sizes=\"auto, (max-width: 1024px) 100vw, 1024px\" \/><\/figure>\n\n\n\n<p>Evaluacion de las ganadoras:<\/p>\n\n\n\n<p>Por razones l\u00f3gicas, como jurado no pod\u00edamos comentar ninguna de las pel\u00edculas en competencia, dado que ser\u00eda favorecerlas, pero ahora que el evento termina y que cada quien celebra lo logrado, nos permitimos una panor\u00e1mica cr\u00edtica de lo expuesto en este III Festival Fine Arts Hecho en Casa: Las siete pel\u00edculas en competencia fueron: Croma Kid, El M\u00e9todo, La hembrita, El mundo que nos rodea, O+, Yaque y Otra historia de crimen. El M\u00e9todo, La hembrita y Croma Kid, sin dudas lo m\u00e1s cinematogr\u00e1ficamente valioso, son tres piezas dignas respaldo ahora que pasaran sucesivamente a cartelera comercial.<\/p>\n\n\n\n<p>El m\u00e9todo (que ten\u00eda la limitaci\u00f3n de no ser guion original para cine sino adaptaci\u00f3n de la obra teatral del barcelon\u00e9s Jordi Galcer\u00e1n i Ferrer (El m\u00e9todo Gr\u00f6nholm) \u2013 y que hemos visto en el pa\u00eds y Madrid en versiones esc\u00e9nicas-) es un hito para el cine nacional. El m\u00e9todo presenta calidad inteligente en la adaptaci\u00f3n y uno de los mejores trabajos interpretativos corales de la escena f\u00edlmica dominicana: Nashla Bogaert, H\u00e9ctor An\u00edbal, Georgina Duluc, Pepe Sierra, Yasser Michelen, Dahiana Cordero y Roger Wasserman.<\/p>\n\n\n\n<p>A eso se agrega su todo en dise\u00f1o de sonido y direcci\u00f3n de arte, en su universo sonoro y su iluminaci\u00f3n, a lo cual aporta un trabajo chispeante, intenso y de procesos continuos de sus talentos.<\/p>\n\n\n\n<figure class=\"wp-block-image size-large\"><img loading=\"lazy\" decoding=\"async\" width=\"682\" height=\"1024\" src=\"https:\/\/diariodominicano.com\/wp-content\/uploads\/2023\/09\/Imagen-de-WhatsApp-2023-09-14-a-07.37-682x1024.jpg\" alt=\"\" class=\"wp-image-472217\" srcset=\"https:\/\/diariodominicano.com\/wp-content\/uploads\/2023\/09\/Imagen-de-WhatsApp-2023-09-14-a-07.37-682x1024.jpg 682w, https:\/\/diariodominicano.com\/wp-content\/uploads\/2023\/09\/Imagen-de-WhatsApp-2023-09-14-a-07.37-200x300.jpg 200w, https:\/\/diariodominicano.com\/wp-content\/uploads\/2023\/09\/Imagen-de-WhatsApp-2023-09-14-a-07.37-768x1153.jpg 768w, https:\/\/diariodominicano.com\/wp-content\/uploads\/2023\/09\/Imagen-de-WhatsApp-2023-09-14-a-07.37-1023x1536.jpg 1023w, https:\/\/diariodominicano.com\/wp-content\/uploads\/2023\/09\/Imagen-de-WhatsApp-2023-09-14-a-07.37-816x1225.jpg 816w, https:\/\/diariodominicano.com\/wp-content\/uploads\/2023\/09\/Imagen-de-WhatsApp-2023-09-14-a-07.37.jpg 1066w\" sizes=\"auto, (max-width: 682px) 100vw, 682px\" \/><\/figure>\n\n\n\n<p>Es una cinta que deber\u00eda tener un buen proceso de distribuci\u00f3n internacional.<\/p>\n\n\n\n<p>Y que el p\u00fablico local que no la vio, la aproveche cuando est\u00e9 en cartelera La hembrita (Laura Amelia Guzm\u00e1n) es una joya cinematogr\u00e1fica por el sostenido y cuidado pulso de su directora, asistida por actuaciones sobresalientes, que llevan el sentido de confrontaci\u00f3n, de clases, de angustia y soledad afectiva, de necesidad, del encuentro por encima de las divisiones sociales circunstanciales.<\/p>\n\n\n\n<p>Croma Kid (Pablo Chea) es una carta de presentaci\u00f3n digna y resaltante que anuncia la llegada de un director con sentido de lo que hace, apoyado en una historia de los a\u00f1os noventa y su tecnolog\u00eda un no olvidada, en el transcurso de la cual se teje una historia de varias l\u00edneas tem\u00e1ticas.<\/p>\n\n\n\n<p>El Premio al Mejor Corto de Ficci\u00f3n para Un gavillero en la sierra, de Ricardo Ariel Toribio, expresa una enorme verdad: se puede hacer un v\u00e1lido cine hist\u00f3rico a\u00fan con las limitaciones de un presupuesto m\u00ednimo, echando mano a actores del ambiente, reconstruyendo con dignidad una parte del pasado patri\u00f3tico, incluso logrando un trabajo con complejidades y referencias musicales patri\u00f3ticas (como el Himno Nacional de esos a\u00f1os) para dar con una historia que ya deber\u00eda estar convocando la necesidad de un largometraje.<\/p>\n\n\n\n<p>Su director, rostro poco conocido, es un m\u00fasico que se ha orientado, conceptualmente, al cine de pantalones largos, a\u00fan solo le alcanzaran los recursos para esta joya.<\/p>\n\n\n\n<p>Un acierto del jurado fue el premio al Mejor Cortometraje Documental a En busca del coraz\u00f3n azul, (\u00f3pera prima de Amelia Deschamps) sobre la explotaci\u00f3n del Larimar, pero enfocado como nunca antes: a trav\u00e9s de las aspiraciones y condiciones de trabajo de un minero de la piedra azul que \u00fanicamente se produce en aquel socav\u00f3n y cuya extracci\u00f3n supone un riesgo y una aventura, que la autora decidi\u00f3 correr. Un valiente trabajo de c\u00e1mara en hombro y peligros reales. No es la primera vez que se toca el tema en un corto. Antes hab\u00edamos visto reportajes period\u00edsticos en premios de periodismo tur\u00edstico), pero no con estas caracter\u00edsticas en las cuales el cine hace pareja con la vida real.<\/p>\n\n\n\n<p>7 reposiciones de culto<\/p>\n\n\n\n<p>Podr\u00eda ser atrevido hablar de \u201creposiciones de culto\u201d en el cine dominicano, pero encontramos el concepto adecuado para la decisi\u00f3n de haber incluido en la cartelera las pel\u00edculas \u201cNo es lo que parece\u201d, de David Maler; \u201cLa familia Reyna\u201d, de Tito Rodr\u00edguez; \u201cVeneno\u201d de Tabar\u00e9 Blanchard; \u201cHotel Copelia\u201d, de Jos\u00e9 Mar\u00eda Cabral; \u201cPapi\u201d, de la novela hom\u00f3nima de Rita Indiana; \u201cMis 500 locos\u201d de Leticia Tono, y \u201cLa Gunguna\u201d de Ernesto Alemany.<\/p>\n\n\n\n<p>Estos t\u00edtulos, que mucha gente fue a ver porque perdi\u00f3 en su momento la posibilidad de hacerlo, construyeron una especie de peque\u00f1a antolog\u00eda inmediata del buen cine dominicano.<\/p>\n\n\n\n<p>Croma Kid se estrena este jueves<\/p>\n\n\n\n<p>La \u00f3pera prima de Pablo Chea, que se estren\u00f3 en el Festival de Rotterdam, participar\u00e1 en la 67.\u00aa edici\u00f3n del BFI London Film Festival.<\/p>\n\n\n\n<p>La pel\u00edcula, dirigida a toda la familia, cuenta con las actuaciones del ni\u00f1o Bosco C\u00e1rdenas Guzm\u00e1n, junto a \u00e9l Nashla Bogaert y David Maler, tambi\u00e9n Jaime Pi\u00f1a. La m\u00fasica es de Gr\u00e9goire Blanc. El tema \u201cMagia\u201d es interpretado por Solo Fern\u00e1ndez. La producci\u00f3n es de L\u00e1ntica Media y Aurora Dominicana.<\/p>\n\n\n\n<p>Jose Rafael Paula Sosa<a target=\"_blank\" href=\"mailto:joserafael.sosa@gmail.com\" rel=\"noreferrer noopener\">joserafael.sosa@gmail.com<\/a><\/p>\n","protected":false},"excerpt":{"rendered":"<p>El III Festival de Cine Fine Arts hecho en casa, ha resultado un puntal para el cine joven de calidad en su concepto y realizaci\u00f3n. Un gran festival de cine se sustenta en la justicia de su veredicto. Y se debe ofrecer integralmente, ya que todas las ganadoras, son eso, ganadoras. Jos\u00e9 Rafael Sosa Todo [&hellip;]<\/p>\n","protected":false},"author":28,"featured_media":472212,"comment_status":"closed","ping_status":"","sticky":true,"template":"","format":"standard","meta":{"footnotes":""},"categories":[21,36,25,27,32],"tags":[],"class_list":["post-472211","post","type-post","status-publish","format-standard","has-post-thumbnail","hentry","category-cultura","category-hombresmujeresycosas","category-gente","category-portada","category-turismo"],"_links":{"self":[{"href":"https:\/\/diariodominicano.com\/index.php?rest_route=\/wp\/v2\/posts\/472211","targetHints":{"allow":["GET"]}}],"collection":[{"href":"https:\/\/diariodominicano.com\/index.php?rest_route=\/wp\/v2\/posts"}],"about":[{"href":"https:\/\/diariodominicano.com\/index.php?rest_route=\/wp\/v2\/types\/post"}],"author":[{"embeddable":true,"href":"https:\/\/diariodominicano.com\/index.php?rest_route=\/wp\/v2\/users\/28"}],"replies":[{"embeddable":true,"href":"https:\/\/diariodominicano.com\/index.php?rest_route=%2Fwp%2Fv2%2Fcomments&post=472211"}],"version-history":[{"count":3,"href":"https:\/\/diariodominicano.com\/index.php?rest_route=\/wp\/v2\/posts\/472211\/revisions"}],"predecessor-version":[{"id":472220,"href":"https:\/\/diariodominicano.com\/index.php?rest_route=\/wp\/v2\/posts\/472211\/revisions\/472220"}],"wp:featuredmedia":[{"embeddable":true,"href":"https:\/\/diariodominicano.com\/index.php?rest_route=\/wp\/v2\/media\/472212"}],"wp:attachment":[{"href":"https:\/\/diariodominicano.com\/index.php?rest_route=%2Fwp%2Fv2%2Fmedia&parent=472211"}],"wp:term":[{"taxonomy":"category","embeddable":true,"href":"https:\/\/diariodominicano.com\/index.php?rest_route=%2Fwp%2Fv2%2Fcategories&post=472211"},{"taxonomy":"post_tag","embeddable":true,"href":"https:\/\/diariodominicano.com\/index.php?rest_route=%2Fwp%2Fv2%2Ftags&post=472211"}],"curies":[{"name":"wp","href":"https:\/\/api.w.org\/{rel}","templated":true}]}}