{"id":47214,"date":"2018-12-13T23:02:20","date_gmt":"2018-12-13T23:02:20","guid":{"rendered":"http:\/\/diariodominicano.ddns.net\/?p=47214"},"modified":"2018-12-13T23:02:20","modified_gmt":"2018-12-13T23:02:20","slug":"a-pleno-solretos-para-el-2019","status":"publish","type":"post","link":"https:\/\/diariodominicano.com\/?p=47214","title":{"rendered":"&#13;&#13;A Pleno Sol&#13;&#13;Retos para el 2019"},"content":{"rendered":"<p><body><\/p>\n<p><strong>Por Manuel Hern\u00e1ndez Villeta<\/strong><\/p>\n<\/p>\n<\/p>\n<p>La asistencia de la salud comunitaria es uno de los grandes retos que hay para el venidero a\u00f1o. Muchos hospitales fueron  remodelados, pero lo cierto es que los niveles de atenci\u00f3n han mermado, y muchos locales son anticuados e inadecuados.<\/p>\n<\/p>\n<p>Hay que garantizar la atenci\u00f3n sanitaria a todos los dominicanos. La \u00fanica v\u00eda de tornar global la ayuda m\u00e9dica al necesitado es que mejore el \u00e1rea oficial. A pesar de los recursos monetarios y t\u00e9cnicos invertidos en los hospitales, persisten los males de anta\u00f1o.<\/p>\n<\/p>\n<p>La idea encontrada es que la asistencia del sector p\u00fablico es gratis, y eso no es cierto. Puede ser que el paciente no tenga que pagar por el servicio, pero en base al cobro de impuestos, b\u00fasqueda de pr\u00e9stamo y donaciones, el presupuesto de Salud es sostenido en los hombros del pueblo.<\/p>\n<\/p>\n<p>La salud p\u00fablica para el entrante a\u00f1o debe ser m\u00e1s eficiente y hay que dejar fuera la posibilidad de privatizar los servicios, o que sean servidos mediante carnets de seguros. Toda persona que vaya a un hospital tiene que ser atendida, sin que tenga que pagar un centavo.<\/p>\n<\/p>\n<p>En otro orden, se tiene que iniciar una pol\u00edtica de creaci\u00f3n masiva de empleos. Poco importa si esas plazas son de salario m\u00ednimo, para ser ocupadas por persona  sin capacidad t\u00e9cnica o especial. Hay que poner a trabajar a la legi\u00f3n de desempleados.<\/p>\n<\/p>\n<p>Pero no se corresponde a una planificaci\u00f3n real que los esfuerzos vayan solamente dirigidos en que se abran peque\u00f1os negocios, la informalidad que da el trasiego de los buhoneros, de los colmaditos, de los vendedores de empanadillas. Se pone en las manos de esos necesitados una herramienta por medio de la cual no necesitan buscar necesariamente un empleo.<\/p>\n<\/p>\n<p>Pero si hay desempleo nadie tendr\u00e1 dinero para ir a un colmadito de barrio, para comprar en un puesto de pacas o para degustar una empanadilla en las calles. Si rebuscamos, lo \u00fanico que agiliza la econom\u00eda es que haya gran cantidad de personas empleadas, con el soporte de los peque\u00f1os negocios.<\/p>\n<\/p>\n<p>El nuevo a\u00f1o tiene por delante muchas incertidumbres, pero desde el gobierno y el sector privado tienen que buscarle soluciones. Hay una masa pobre, que es la  mayoritaria, desesperada, y que busca respuestas a sus necesidades. Ya la hora para la demagogia se va terminando y llega el instante de presentar soluciones. \u00a1Ay!, se me acab\u00f3 la tinta.<\/p>\n<h6> 2018-12-13 23:02:20 <\/h6>\n<p><!--\n<link rel=\"stylesheet\" href=\"css\/bootstrap.min.css\">\n\n\n<ul class=\"pagination\">\n\t    \n\t\n\n<li >\n\t<a href='?page_no=974'>Previous<\/a>\n\t<\/li>\n\n\n       \n    \n\n<li><a href='?page_no=1'>1<\/a><\/li>\n\n\n\n<li><a href='?page_no=2'>2<\/a><\/li>\n\n\n\n<li><a>...<\/a><\/li>\n\n\n\n<li><a href='?page_no=973'>973<\/a><\/li>\n\n\n\n<li><a href='?page_no=974'>974<\/a><\/li>\n\n\n\n<li class='active'><a>975<\/a><\/li>\n\n\n\n<li><a href='?page_no=976'>976<\/a><\/li>\n\n\n\n<li><a href='?page_no=977'>977<\/a><\/li>\n\n\n\n<li><a>...<\/a><\/li>\n\n\n\n<li><a href='?page_no=13611'>13611<\/a><\/li>\n\n\n\n<li><a href='?page_no=13612'>13612<\/a><\/li>\n\n    \n\t\n\n<li >\n\t<a href='?page_no=976'>Next<\/a>\n\t<\/li>\n\n\n    \n\n<li><a href='?page_no=13612'>Last &rsaquo;&rsaquo;<\/a><\/li>\n\n<\/ul>\n\n\n--><br \/>\n<\/body><\/p>\n","protected":false},"excerpt":{"rendered":"<p>Por Manuel Hern\u00e1ndez Villeta La asistencia de la salud comunitaria es uno de los grandes retos que hay para el venidero a\u00f1o. Muchos hospitales fueron remodelados, pero lo cierto es que los niveles de atenci\u00f3n han mermado, y muchos locales son anticuados e inadecuados. Hay que garantizar la atenci\u00f3n sanitaria a todos los dominicanos. La [&hellip;]<\/p>\n","protected":false},"author":3,"featured_media":0,"comment_status":"open","ping_status":"open","sticky":false,"template":"","format":"standard","meta":{"footnotes":""},"categories":[16],"tags":[],"class_list":["post-47214","post","type-post","status-publish","format-standard","hentry","category-opiniones"],"_links":{"self":[{"href":"https:\/\/diariodominicano.com\/index.php?rest_route=\/wp\/v2\/posts\/47214","targetHints":{"allow":["GET"]}}],"collection":[{"href":"https:\/\/diariodominicano.com\/index.php?rest_route=\/wp\/v2\/posts"}],"about":[{"href":"https:\/\/diariodominicano.com\/index.php?rest_route=\/wp\/v2\/types\/post"}],"author":[{"embeddable":true,"href":"https:\/\/diariodominicano.com\/index.php?rest_route=\/wp\/v2\/users\/3"}],"replies":[{"embeddable":true,"href":"https:\/\/diariodominicano.com\/index.php?rest_route=%2Fwp%2Fv2%2Fcomments&post=47214"}],"version-history":[{"count":0,"href":"https:\/\/diariodominicano.com\/index.php?rest_route=\/wp\/v2\/posts\/47214\/revisions"}],"wp:attachment":[{"href":"https:\/\/diariodominicano.com\/index.php?rest_route=%2Fwp%2Fv2%2Fmedia&parent=47214"}],"wp:term":[{"taxonomy":"category","embeddable":true,"href":"https:\/\/diariodominicano.com\/index.php?rest_route=%2Fwp%2Fv2%2Fcategories&post=47214"},{"taxonomy":"post_tag","embeddable":true,"href":"https:\/\/diariodominicano.com\/index.php?rest_route=%2Fwp%2Fv2%2Ftags&post=47214"}],"curies":[{"name":"wp","href":"https:\/\/api.w.org\/{rel}","templated":true}]}}