{"id":472043,"date":"2023-09-14T23:42:58","date_gmt":"2023-09-15T03:42:58","guid":{"rendered":"http:\/\/diariodominicano.com\/?p=472043"},"modified":"2023-09-14T23:42:58","modified_gmt":"2023-09-15T03:42:58","slug":"mastercard-day-llega-a-republica-dominicana-para-destacar-acciones-en-favor-de-la-digitalizacion-e-inclusion-financiera","status":"publish","type":"post","link":"https:\/\/diariodominicano.com\/?p=472043","title":{"rendered":"\u201cMastercard Day\u201d llega a Rep\u00fablica Dominicana para destacar acciones en favor de la digitalizaci\u00f3n e inclusi\u00f3n financiera"},"content":{"rendered":"\n<p> Tom\u00e1s Alonso, Country Manager para Rep\u00fablica Dominicana y Hait\u00ed en Mastercard. <\/p>\n\n\n\n<p><strong>Santo Domingo, 14 de septiembre de 2023<\/strong> \u2013 La empresa global de tecnolog\u00eda en la industria de pagos celebr\u00f3 su primer \u201cMastercard Day\u201d en Rep\u00fablica Dominicana. El evento reuni\u00f3 a ejecutivos y representantes de las principales instituciones financieras y tecnol\u00f3gicas del pa\u00eds para discutir tendencias, retos y oportunidades en el ecosistema financiero, as\u00ed como destacar las iniciativas y programas que Mastercard est\u00e1 implementando en la regi\u00f3n para fomentar la construcci\u00f3n de una econom\u00eda digital inclusiva, segura y pr\u00f3spera.<\/p>\n\n\n\n<p>\u00ab<em>Nuestro Mastercard Day fue una extraordinaria oportunidad para resaltar nuestro compromiso por ofrecer a clientes, socios y aliados soluciones innovadoras que los conecten a la econom\u00eda digital y les permitan disfrutar sus beneficios, incluyendo experiencias de pago r\u00e1pidas, seguras, y convenientes. Nuestro objetivo es impulsar una Rep\u00fablica Dominicana m\u00e1s all\u00e1 del efectivo, donde todos puedan prosperar\u201d, <\/em>coment\u00f3 Tom\u00e1s Alonso, Country Manager para Rep\u00fablica Dominicana y Hait\u00ed en Mastercard.<\/p>\n\n\n\n<p>Las sesiones fueron conducidas por expertos locales y regionales, quienes discutieron:<\/p>\n\n\n\n<ul class=\"wp-block-list\"><li>El papel que desempe\u00f1an las peque\u00f1as y medianas empresas como motores de crecimiento econ\u00f3mico en Am\u00e9rica Latina;<\/li><li>El impacto positivo de las asociaciones p\u00fablico-privadas en materia de inclusi\u00f3n financiera;<\/li><li>La importancia de desarrollar productos financieros focalizados para atender las necesidades de sectores subatendidos;<\/li><li>La necesidad de desarrollar e implementar estrategias de ciberseguridad hol\u00edsticas y colaborativas en un mundo cada vez m\u00e1s digitalizado, y<\/li><li>La relevancia de conectar a los usuarios con experiencias \u00fanicas que les permitan vivir sus pasiones y alcanzar su m\u00e1ximo potencial.<\/li><\/ul>\n\n\n\n<p>En \u00faltima instancia, se destac\u00f3 la relevancia de fomentar la colaboraci\u00f3n entre instituciones financieras, Fintechs, comerciantes y gobiernos para detonar el pensamiento creativo, impulsar soluciones innovadoras y dise\u00f1ar un futuro en que todos los dominicanos puedan disfrutar de los beneficios de la tecnolog\u00eda. Todo ello como parte de los esfuerzos de Mastercard por conectar a mil millones de personas y 50 millones de peque\u00f1as y medianas empresas a la econom\u00eda digital a nivel mundial, para 2025.<\/p>\n\n\n\n<p>Entre los conferencistas participantes se encontraron Tom\u00e1s Alonso (Country Manager para Rep\u00fablica Dominicana y Hait\u00ed en Mastercard); Eduardo Sanchez (Vicepresidente Senior, Ciberseguridad e Inteligencia, Mastercard Latinoam\u00e9rica y Caribe); William Dawson (L\u00edder Customer Solutions Center, Mastercard Centroam\u00e9rica y Caribe); Engels Tavarez (Gerente de Productos, Mastercard Centroam\u00e9rica y Caribe); Janet Banuchi (Gerente de Mercadeo, Mastercard Centroam\u00e9rica y Rep\u00fablica Dominicana), y Carlos Pared (Gerente de Asuntos Gubernamentales, Mastercard Puerto Rico y Rep\u00fablica Dominicana). &nbsp;<\/p>\n\n\n\n<p>***<\/p>\n\n\n\n<p><strong>Acerca de Mastercard (NYSE: MA)&nbsp;&nbsp;<\/strong><a href=\"http:\/\/www.mastercard.com\/\" target=\"_blank\" rel=\"noreferrer noopener\"><strong>www.mastercard.com<\/strong><\/a><\/p>\n\n\n\n<p>Mastercard es una empresa de tecnolog\u00eda en la industria global de pagos. Nuestra misi\u00f3n es conectar e impulsar una econom\u00eda digital inclusiva que beneficie a todos, en todas partes, haciendo que las transacciones sean seguras, sencillas, inteligentes y accesibles. Utilizando datos y redes protegidas, alianzas y pasi\u00f3n, nuestras innovaciones y soluciones ayudan a individuos, instituciones financieras, gobiernos y empresas a alcanzar su mayor potencial. Con conexiones a lo largo de m\u00e1s de 210 pa\u00edses y territorios, estamos construyendo un mundo sostenible que abre a posibilidades que no tienen precio para todos.<\/p>\n\n\n\n<p>Demi Aycart<a target=\"_blank\" href=\"mailto:daycart@jeffreygroup.com\" rel=\"noreferrer noopener\">daycart@jeffreygroup.com<\/a><\/p>\n\n\n\n<p>Sabrina \u00c1lvarez<\/p>\n\n\n\n<p>Gerente de Comunicaciones para Centroam\u00e9rica y Caribe en Mastercard<\/p>\n\n\n\n<p><a href=\"mailto:Sabrina.alvarez@mastercard.com\">Sabrina.alvarez@mastercard.com<\/a><\/p>\n","protected":false},"excerpt":{"rendered":"<p>Tom\u00e1s Alonso, Country Manager para Rep\u00fablica Dominicana y Hait\u00ed en Mastercard. Santo Domingo, 14 de septiembre de 2023 \u2013 La empresa global de tecnolog\u00eda en la industria de pagos celebr\u00f3 su primer \u201cMastercard Day\u201d en Rep\u00fablica Dominicana. El evento reuni\u00f3 a ejecutivos y representantes de las principales instituciones financieras y tecnol\u00f3gicas del pa\u00eds para discutir [&hellip;]<\/p>\n","protected":false},"author":28,"featured_media":472044,"comment_status":"closed","ping_status":"","sticky":true,"template":"","format":"standard","meta":{"footnotes":""},"categories":[36,18,27,32],"tags":[],"class_list":["post-472043","post","type-post","status-publish","format-standard","has-post-thumbnail","hentry","category-hombresmujeresycosas","category-economia","category-portada","category-turismo"],"_links":{"self":[{"href":"https:\/\/diariodominicano.com\/index.php?rest_route=\/wp\/v2\/posts\/472043","targetHints":{"allow":["GET"]}}],"collection":[{"href":"https:\/\/diariodominicano.com\/index.php?rest_route=\/wp\/v2\/posts"}],"about":[{"href":"https:\/\/diariodominicano.com\/index.php?rest_route=\/wp\/v2\/types\/post"}],"author":[{"embeddable":true,"href":"https:\/\/diariodominicano.com\/index.php?rest_route=\/wp\/v2\/users\/28"}],"replies":[{"embeddable":true,"href":"https:\/\/diariodominicano.com\/index.php?rest_route=%2Fwp%2Fv2%2Fcomments&post=472043"}],"version-history":[{"count":1,"href":"https:\/\/diariodominicano.com\/index.php?rest_route=\/wp\/v2\/posts\/472043\/revisions"}],"predecessor-version":[{"id":472045,"href":"https:\/\/diariodominicano.com\/index.php?rest_route=\/wp\/v2\/posts\/472043\/revisions\/472045"}],"wp:featuredmedia":[{"embeddable":true,"href":"https:\/\/diariodominicano.com\/index.php?rest_route=\/wp\/v2\/media\/472044"}],"wp:attachment":[{"href":"https:\/\/diariodominicano.com\/index.php?rest_route=%2Fwp%2Fv2%2Fmedia&parent=472043"}],"wp:term":[{"taxonomy":"category","embeddable":true,"href":"https:\/\/diariodominicano.com\/index.php?rest_route=%2Fwp%2Fv2%2Fcategories&post=472043"},{"taxonomy":"post_tag","embeddable":true,"href":"https:\/\/diariodominicano.com\/index.php?rest_route=%2Fwp%2Fv2%2Ftags&post=472043"}],"curies":[{"name":"wp","href":"https:\/\/api.w.org\/{rel}","templated":true}]}}