{"id":471934,"date":"2023-09-14T21:52:09","date_gmt":"2023-09-15T01:52:09","guid":{"rendered":"http:\/\/diariodominicano.com\/?p=471934"},"modified":"2023-09-14T22:01:34","modified_gmt":"2023-09-15T02:01:34","slug":"embajada-dominicana-anuncia-culmina-exitosamente-la-primera-entrega-de-la-semana-dominicana-en-panama-2023","status":"publish","type":"post","link":"https:\/\/diariodominicano.com\/?p=471934","title":{"rendered":"\u201cEmbajada Dominicana anuncia culmina exitosamente la primera entrega de la Semana Dominicana en Panam\u00e1 2023\u201d"},"content":{"rendered":"\n<p> La embajadora Prisca Violeta Mazara expres\u00f3 su satisfacci\u00f3n ante la excelente acogida que tuvo esta iniciativa en territorio paname\u00f1o <\/p>\n\n\n\n<figure class=\"wp-block-image size-large\"><img loading=\"lazy\" decoding=\"async\" width=\"1024\" height=\"683\" src=\"https:\/\/diariodominicano.com\/wp-content\/uploads\/2023\/09\/7F4A7739-1024x683.jpg\" alt=\"\" class=\"wp-image-471937\" srcset=\"https:\/\/diariodominicano.com\/wp-content\/uploads\/2023\/09\/7F4A7739-1024x683.jpg 1024w, https:\/\/diariodominicano.com\/wp-content\/uploads\/2023\/09\/7F4A7739-300x200.jpg 300w, https:\/\/diariodominicano.com\/wp-content\/uploads\/2023\/09\/7F4A7739-768x512.jpg 768w, https:\/\/diariodominicano.com\/wp-content\/uploads\/2023\/09\/7F4A7739-1536x1024.jpg 1536w, https:\/\/diariodominicano.com\/wp-content\/uploads\/2023\/09\/7F4A7739-2048x1365.jpg 2048w, https:\/\/diariodominicano.com\/wp-content\/uploads\/2023\/09\/7F4A7739-816x544.jpg 816w\" sizes=\"auto, (max-width: 1024px) 100vw, 1024px\" \/><figcaption> Prisca Violeta Mazara <\/figcaption><\/figure>\n\n\n\n<p><strong>Ciudad de Panam\u00e1, Panam\u00e1 &#8211; <\/strong>La Embajada de la Rep\u00fablica Dominicana en Panam\u00e1 concluy\u00f3 con \u00e9xito la primera edici\u00f3n de la <strong>\u201cSemana Dominicana en Panam\u00e1 2023\u201d <\/strong>, con diversas actividades realizadas desde el 14 al 20 de agosto.<\/p>\n\n\n\n<p>La Semana Dominicana es uno de los pilares m\u00e1s importantes para la comunicaci\u00f3n con los dominicanos residentes en el exterior y, a la vez, es la premisa de proyecci\u00f3n de la Rep\u00fablica Dominicana en todos sus aspectos: la cultura, historia, comercio e inversi\u00f3n, gastronom\u00eda y turismo. En la actualidad son muchas las embajadas dominicanas que vienen realizando esta celebraci\u00f3n y este a\u00f1o le toc\u00f3 unirse a la <strong>Embajada en Panam\u00e1<\/strong>.<\/p>\n\n\n\n<p>La embajadora Prisca Violeta Mazara expres\u00f3 su satisfacci\u00f3n ante la excelente acogida que tuvo esta iniciativa en territorio paname\u00f1o: <em>\u201cEl \u00e9xito alcanzado nos motiva a pensar en continuar a\u00f1o tras a\u00f1o en celebrar la Semana Dominicana en Panam\u00e1, en la cual cubrimos diversos aspectos de nuestra cultura, la gastronom\u00eda, el comercio e inversi\u00f3n, y sobre todo, el calor de nuestra gente en territorio paname\u00f1o. Gracias al apoyo recibido de nuestras autoridades, autoridades paname\u00f1as, patrocinadores y el trabajo en equipo, logramos salir adelante y proyectar la imagen de la Rep\u00fablica Dominicana.\u201d<\/em><\/p>\n\n\n\n<figure class=\"wp-block-image size-large\"><img loading=\"lazy\" decoding=\"async\" width=\"1024\" height=\"683\" src=\"https:\/\/diariodominicano.com\/wp-content\/uploads\/2023\/09\/7F4A9339-1024x683.jpg\" alt=\"\" class=\"wp-image-471944\" srcset=\"https:\/\/diariodominicano.com\/wp-content\/uploads\/2023\/09\/7F4A9339-1024x683.jpg 1024w, https:\/\/diariodominicano.com\/wp-content\/uploads\/2023\/09\/7F4A9339-300x200.jpg 300w, https:\/\/diariodominicano.com\/wp-content\/uploads\/2023\/09\/7F4A9339-768x512.jpg 768w, https:\/\/diariodominicano.com\/wp-content\/uploads\/2023\/09\/7F4A9339-1536x1024.jpg 1536w, https:\/\/diariodominicano.com\/wp-content\/uploads\/2023\/09\/7F4A9339-2048x1365.jpg 2048w, https:\/\/diariodominicano.com\/wp-content\/uploads\/2023\/09\/7F4A9339-816x544.jpg 816w\" sizes=\"auto, (max-width: 1024px) 100vw, 1024px\" \/><\/figure>\n\n\n\n<figure class=\"wp-block-image size-large\"><img loading=\"lazy\" decoding=\"async\" width=\"768\" height=\"1024\" src=\"https:\/\/diariodominicano.com\/wp-content\/uploads\/2023\/09\/1-2-768x1024.jpeg\" alt=\"\" class=\"wp-image-471956\" srcset=\"https:\/\/diariodominicano.com\/wp-content\/uploads\/2023\/09\/1-2-768x1024.jpeg 768w, https:\/\/diariodominicano.com\/wp-content\/uploads\/2023\/09\/1-2-225x300.jpeg 225w, https:\/\/diariodominicano.com\/wp-content\/uploads\/2023\/09\/1-2-1152x1536.jpeg 1152w, https:\/\/diariodominicano.com\/wp-content\/uploads\/2023\/09\/1-2-816x1088.jpeg 816w, https:\/\/diariodominicano.com\/wp-content\/uploads\/2023\/09\/1-2.jpeg 1200w\" sizes=\"auto, (max-width: 768px) 100vw, 768px\" \/><\/figure>\n\n\n\n<p>El programa incluy\u00f3: <strong>El Festival Gastron\u00f3mico Dominicano <\/strong>con la participaci\u00f3n de los restaurantes: Maito, Azafr\u00e1n, Salvaje, Kahlo y Ef\u00edmero, los cuales, bajo la direcci\u00f3n de la destacada chef dominicana Mar\u00eda Marte, dos estrellas Michelin, ofrecieron en su men\u00fa un plato inspirado en la gastronom\u00eda dominicana durante la semana. <\/p>\n\n\n\n<p>La agenda comenz\u00f3 el lunes 14, con la presentaci\u00f3n del largometraje sobre la vida de la afamada actriz dominicana <strong>\u201cMar\u00eda Montez\u201d <\/strong>en el <strong>Teatro Gladys Vidal <\/strong>de la Alcald\u00eda de Panam\u00e1; el martes 15, el <strong>c\u00f3ctel a los profesionales dominicanos en Panam\u00e1; <\/strong><\/p>\n\n\n\n<p><\/p>\n\n\n\n<figure class=\"wp-block-image size-large\"><img loading=\"lazy\" decoding=\"async\" width=\"1024\" height=\"683\" src=\"https:\/\/diariodominicano.com\/wp-content\/uploads\/2023\/09\/7F4A6582-1024x683.jpg\" alt=\"\" class=\"wp-image-471957\" srcset=\"https:\/\/diariodominicano.com\/wp-content\/uploads\/2023\/09\/7F4A6582-1024x683.jpg 1024w, https:\/\/diariodominicano.com\/wp-content\/uploads\/2023\/09\/7F4A6582-300x200.jpg 300w, https:\/\/diariodominicano.com\/wp-content\/uploads\/2023\/09\/7F4A6582-768x512.jpg 768w, https:\/\/diariodominicano.com\/wp-content\/uploads\/2023\/09\/7F4A6582-1536x1024.jpg 1536w, https:\/\/diariodominicano.com\/wp-content\/uploads\/2023\/09\/7F4A6582-2048x1365.jpg 2048w, https:\/\/diariodominicano.com\/wp-content\/uploads\/2023\/09\/7F4A6582-816x544.jpg 816w\" sizes=\"auto, (max-width: 1024px) 100vw, 1024px\" \/><\/figure>\n\n\n\n<p>el mi\u00e9rcoles 16, en un d\u00eda patri\u00f3tico, <strong>se devel\u00f3 el busto al General Gregorio Luper\u00f3n, h\u00e9roe restaurador de la Rep\u00fablica Dominicana <\/strong>en conmemoraci\u00f3n del 160 aniversario de la Guerra de la Restauraci\u00f3n en la <strong>Plaza Centroamericana, Parque Urrac\u00e1, <\/strong>a cargo de la Dra. Milagros Ortiz Bosch, directora general de la Direcci\u00f3n General de \u00c9tica e Integridad Gubernamental de la Rep\u00fablica Dominicana; <\/p>\n\n\n\n<figure class=\"wp-block-image size-large\"><img loading=\"lazy\" decoding=\"async\" width=\"1024\" height=\"683\" src=\"https:\/\/diariodominicano.com\/wp-content\/uploads\/2023\/09\/7F4A6796-1-1024x683.jpg\" alt=\"\" class=\"wp-image-471959\" srcset=\"https:\/\/diariodominicano.com\/wp-content\/uploads\/2023\/09\/7F4A6796-1-1024x683.jpg 1024w, https:\/\/diariodominicano.com\/wp-content\/uploads\/2023\/09\/7F4A6796-1-300x200.jpg 300w, https:\/\/diariodominicano.com\/wp-content\/uploads\/2023\/09\/7F4A6796-1-768x512.jpg 768w, https:\/\/diariodominicano.com\/wp-content\/uploads\/2023\/09\/7F4A6796-1-1536x1024.jpg 1536w, https:\/\/diariodominicano.com\/wp-content\/uploads\/2023\/09\/7F4A6796-1-2048x1365.jpg 2048w, https:\/\/diariodominicano.com\/wp-content\/uploads\/2023\/09\/7F4A6796-1-816x544.jpg 816w\" sizes=\"auto, (max-width: 1024px) 100vw, 1024px\" \/><\/figure>\n\n\n\n<p>el jueves 17, <strong>\u201cCena maridaje de ron y puros\u201d <\/strong>(evento privado) que fue el escenario para presentar la oferta exportable y oportunidades de inversi\u00f3n de la Rep\u00fablica Dominicana, a cargo del Embajador Hugo Rivera, Viceministro para Asuntos Econ\u00f3micos y Cooperaci\u00f3n Internacional del Ministerio de Relaciones Exteriores; el viernes 18, se inaugur\u00f3 la exposici\u00f3n <strong>\u201cLa Riqueza Dominicana\u201d <\/strong>del fot\u00f3grafo y activista ambiental dominicano, Eladio Fern\u00e1ndez, la cual estar\u00e1 abierta al p\u00fablico desde el lunes 21 de agosto hasta el 1ero de septiembre, en la <strong>Casa Museo del Banco Nacional de Panam\u00e1, en horario de 8:00 a.m. a 4:00 p.m. y los s\u00e1bados de 9:00 a.m. a 12:00 m.<\/strong><\/p>\n\n\n\n<p>Daniela Sena<a rel=\"noreferrer noopener\" target=\"_blank\" href=\"mailto:daniela@lendof.com.do\">daniela@lendof.com.do<\/a><\/p>\n\n\n\n<p>Enlaces:<\/p>\n\n\n\n<p>&#8211;&nbsp;&nbsp;&nbsp;&nbsp; <a href=\"https:\/\/drive.google.com\/drive\/folders\/1iLuq5A26YAre96ZXWT2mT5h-vGWJNm4T?usp=sharing\"><u>Fotos de la Agenda<\/u><\/a><\/p>\n","protected":false},"excerpt":{"rendered":"<p>La embajadora Prisca Violeta Mazara expres\u00f3 su satisfacci\u00f3n ante la excelente acogida que tuvo esta iniciativa en territorio paname\u00f1o Ciudad de Panam\u00e1, Panam\u00e1 &#8211; La Embajada de la Rep\u00fablica Dominicana en Panam\u00e1 concluy\u00f3 con \u00e9xito la primera edici\u00f3n de la \u201cSemana Dominicana en Panam\u00e1 2023\u201d , con diversas actividades realizadas desde el 14 al 20 [&hellip;]<\/p>\n","protected":false},"author":28,"featured_media":471935,"comment_status":"closed","ping_status":"","sticky":false,"template":"","format":"standard","meta":{"footnotes":""},"categories":[36,32],"tags":[],"class_list":["post-471934","post","type-post","status-publish","format-standard","has-post-thumbnail","hentry","category-hombresmujeresycosas","category-turismo"],"_links":{"self":[{"href":"https:\/\/diariodominicano.com\/index.php?rest_route=\/wp\/v2\/posts\/471934","targetHints":{"allow":["GET"]}}],"collection":[{"href":"https:\/\/diariodominicano.com\/index.php?rest_route=\/wp\/v2\/posts"}],"about":[{"href":"https:\/\/diariodominicano.com\/index.php?rest_route=\/wp\/v2\/types\/post"}],"author":[{"embeddable":true,"href":"https:\/\/diariodominicano.com\/index.php?rest_route=\/wp\/v2\/users\/28"}],"replies":[{"embeddable":true,"href":"https:\/\/diariodominicano.com\/index.php?rest_route=%2Fwp%2Fv2%2Fcomments&post=471934"}],"version-history":[{"count":6,"href":"https:\/\/diariodominicano.com\/index.php?rest_route=\/wp\/v2\/posts\/471934\/revisions"}],"predecessor-version":[{"id":471961,"href":"https:\/\/diariodominicano.com\/index.php?rest_route=\/wp\/v2\/posts\/471934\/revisions\/471961"}],"wp:featuredmedia":[{"embeddable":true,"href":"https:\/\/diariodominicano.com\/index.php?rest_route=\/wp\/v2\/media\/471935"}],"wp:attachment":[{"href":"https:\/\/diariodominicano.com\/index.php?rest_route=%2Fwp%2Fv2%2Fmedia&parent=471934"}],"wp:term":[{"taxonomy":"category","embeddable":true,"href":"https:\/\/diariodominicano.com\/index.php?rest_route=%2Fwp%2Fv2%2Fcategories&post=471934"},{"taxonomy":"post_tag","embeddable":true,"href":"https:\/\/diariodominicano.com\/index.php?rest_route=%2Fwp%2Fv2%2Ftags&post=471934"}],"curies":[{"name":"wp","href":"https:\/\/api.w.org\/{rel}","templated":true}]}}