{"id":471911,"date":"2023-09-14T18:54:54","date_gmt":"2023-09-14T22:54:54","guid":{"rendered":"http:\/\/diariodominicano.com\/?p=471911"},"modified":"2023-09-14T18:54:54","modified_gmt":"2023-09-14T22:54:54","slug":"jac-suspende-todas-las-operaciones-aereas-desde-y-hacia-haiti","status":"publish","type":"post","link":"https:\/\/diariodominicano.com\/?p=471911","title":{"rendered":"JAC suspende todas las operaciones a\u00e9reas desde y hacia Hait\u00ed"},"content":{"rendered":"\n<p>Jos\u00e9 Marte Piantini <\/p>\n\n\n\n<p><strong><br><br>El punto \u00fanico de la sesi\u00f3n extraordinaria fue la suspensi\u00f3n del transporte de carga y pasajeros v\u00eda a\u00e9rea desde y hacia la Rep\u00fablica de Hait\u00ed a partir del 15 de septiembre.<\/strong><\/p>\n\n\n\n<p><strong>Santo Domingo<\/strong>.&nbsp;Rep\u00fablica Dominicana.14 de septiembre de 2023.- La Junta de Aviaci\u00f3n Civil (JAC) de la Rep\u00fablica Dominicana, en virtud de las atribuciones que le otorga la ley emiti\u00f3 la Resoluci\u00f3n 191-2023, en la que suspende las operaciones a\u00e9reas de carga y pasajeros desde y hacia la Rep\u00fablica de Hait\u00ed, inform\u00f3 el doctor Jos\u00e9 Marte Piantini, presidente del organismo responsable de establecer la pol\u00edtica superior de la aviaci\u00f3n civil.<\/p>\n\n\n\n<p>Durante la sesi\u00f3n extraordinaria, que tom\u00f3 como punto \u00fanico la suspensi\u00f3n de las operaciones a\u00e9reas, exclusivamente desde y hacia la Rep\u00fablica de Hait\u00ed, por motivo de cierre de la frontera, considerando que el Art\u00edculo 9 del Convenio de Aviaci\u00f3n Civil Internacional (Convenio de Chicago), establece que cada Estado se reserva el derecho, en circunstancias excepcionales, durante un per\u00edodo de emergencia o en inter\u00e9s de la seguridad p\u00fablica, a restringir o prohibir temporalmente y con efecto inmediato los vuelos sobre todo su territorio.<\/p>\n\n\n\n<p>El presidente del pleno, comunic\u00f3 que en virtud de las atribuciones que le otorga la ley, la Junta de Aviaci\u00f3n Civil, decidi\u00f3 suspender el transporte a\u00e9reo de mercanc\u00eda y pasajeros entre las dos naciones, a partir de del 15 de septiembre de 2023.<br>En ese sentido, la decisi\u00f3n dispuesta en la Resoluci\u00f3n 191-2023 debe ser enviada para su conocimiento al Ministerio de Relaciones Exteriores de la Rep\u00fablica Dominicana, Ministerio de Defensa, Fuerza A\u00e9rea Dominicana, Ministerio de Turismo y Direcci\u00f3n General de Aduanas.<\/p>\n\n\n\n<p>De igual manera, la decisi\u00f3n tambi\u00e9n debe ser enviada para fines correspondiente al Instituto Dominicano de Aviaci\u00f3n Civil, Departamento Nacional de Investigaci\u00f3n, , Cuerpo Especializado en Seguridad Aeroportuaria y de la Aviaci\u00f3n Civil, Departamento Aeroportuario, Asociaci\u00f3n de L\u00edneas A\u00e9reas de la Rep\u00fablica Dominicana, Asociaci\u00f3n Dominicana de L\u00edneas A\u00e9reas, Aeropuertos Internacionales de la Rep\u00fablica Dominicana, Direcci\u00f3n de Inteligencia del Estado Mayor- J2 y el Centro de Comando, Control, Comunicaciones, Computadoras, Ciberseguridad e Inteligencia, de las Fuerzas Armadas- C5i<\/p>\n\n\n\n<p>alexis antonio roa Roa<a target=\"_blank\" href=\"mailto:alexisrpdncd@gmail.com\" rel=\"noreferrer noopener\">alexisrpdncd@gmail.com<\/a><\/p>\n","protected":false},"excerpt":{"rendered":"<p>Jos\u00e9 Marte Piantini El punto \u00fanico de la sesi\u00f3n extraordinaria fue la suspensi\u00f3n del transporte de carga y pasajeros v\u00eda a\u00e9rea desde y hacia la Rep\u00fablica de Hait\u00ed a partir del 15 de septiembre. Santo Domingo.&nbsp;Rep\u00fablica Dominicana.14 de septiembre de 2023.- La Junta de Aviaci\u00f3n Civil (JAC) de la Rep\u00fablica Dominicana, en virtud de las [&hellip;]<\/p>\n","protected":false},"author":28,"featured_media":471912,"comment_status":"closed","ping_status":"","sticky":true,"template":"","format":"standard","meta":{"footnotes":""},"categories":[20,18,112,27],"tags":[],"class_list":["post-471911","post","type-post","status-publish","format-standard","has-post-thumbnail","hentry","category-dominicana-hoy","category-economia","category-haiti","category-portada"],"_links":{"self":[{"href":"https:\/\/diariodominicano.com\/index.php?rest_route=\/wp\/v2\/posts\/471911","targetHints":{"allow":["GET"]}}],"collection":[{"href":"https:\/\/diariodominicano.com\/index.php?rest_route=\/wp\/v2\/posts"}],"about":[{"href":"https:\/\/diariodominicano.com\/index.php?rest_route=\/wp\/v2\/types\/post"}],"author":[{"embeddable":true,"href":"https:\/\/diariodominicano.com\/index.php?rest_route=\/wp\/v2\/users\/28"}],"replies":[{"embeddable":true,"href":"https:\/\/diariodominicano.com\/index.php?rest_route=%2Fwp%2Fv2%2Fcomments&post=471911"}],"version-history":[{"count":1,"href":"https:\/\/diariodominicano.com\/index.php?rest_route=\/wp\/v2\/posts\/471911\/revisions"}],"predecessor-version":[{"id":471913,"href":"https:\/\/diariodominicano.com\/index.php?rest_route=\/wp\/v2\/posts\/471911\/revisions\/471913"}],"wp:featuredmedia":[{"embeddable":true,"href":"https:\/\/diariodominicano.com\/index.php?rest_route=\/wp\/v2\/media\/471912"}],"wp:attachment":[{"href":"https:\/\/diariodominicano.com\/index.php?rest_route=%2Fwp%2Fv2%2Fmedia&parent=471911"}],"wp:term":[{"taxonomy":"category","embeddable":true,"href":"https:\/\/diariodominicano.com\/index.php?rest_route=%2Fwp%2Fv2%2Fcategories&post=471911"},{"taxonomy":"post_tag","embeddable":true,"href":"https:\/\/diariodominicano.com\/index.php?rest_route=%2Fwp%2Fv2%2Ftags&post=471911"}],"curies":[{"name":"wp","href":"https:\/\/api.w.org\/{rel}","templated":true}]}}