{"id":471819,"date":"2023-09-14T08:55:26","date_gmt":"2023-09-14T12:55:26","guid":{"rendered":"http:\/\/diariodominicano.com\/?p=471819"},"modified":"2023-09-14T08:56:49","modified_gmt":"2023-09-14T12:56:49","slug":"la-tragica-madrugada-de-la-matanza-en-aminilla","status":"publish","type":"post","link":"https:\/\/diariodominicano.com\/?p=471819","title":{"rendered":"La tr\u00e1gica madrugada de la matanza en Aminilla"},"content":{"rendered":"\n<p> Los haitianos acusados de matar a la familia en Aminilla, fueron llevados ayer al tribunal.ASHLY MART\u00cdNEZ <\/p>\n\n\n\n<p><\/p>\n\n\n\n<h2 class=\"wp-block-heading\">De acuerdo al expediente, los individuos de nacionalidad haitiana le propinaron un disparo a cada uno en la cabeza, quit\u00e1ndole la vida a tres de ellos, cuya causa de muerte fue por shock hipovol\u00e9mico por herida de arma de fuego.<\/h2>\n\n\n\n<ul class=\"wp-block-list\"><li><\/li><\/ul>\n\n\n\n<p><a href=\"https:\/\/www.facebook.com\/sharer\/sharer.php?u=https:\/\/listindiario.com\/la-republica\/provincias\/20230914\/tragica-madrugada-matanza-aminilla_772901.html\" target=\"_blank\" rel=\"noreferrer noopener\">Facebook<\/a><a href=\"https:\/\/twitter.com\/intent\/tweet?text=La%20tr%C3%A1gica%20madrugada%20de%20la%20matanza%20en%20Aminilla&amp;url=https:\/\/listindiario.com\/la-republica\/provincias\/20230914\/tragica-madrugada-matanza-aminilla_772901.html\" target=\"_blank\" rel=\"noreferrer noopener\">Twitter<\/a><a href=\"https:\/\/api.whatsapp.com\/send?text=https:\/\/listindiario.com\/la-republica\/provincias\/20230914\/tragica-madrugada-matanza-aminilla_772901.html%20La%20tr%C3%A1gica%20madrugada%20de%20la%20matanza%20en%20Aminilla\" target=\"_blank\" rel=\"noreferrer noopener\">Whatsapp<\/a><a href=\"https:\/\/listindiario.com\/la-republica\/provincias\/20230914\/tragica-madrugada-matanza-aminilla_772901.html#botonComentarios\">Comentarios<\/a><\/p>\n\n\n\n<figure class=\"wp-block-image\"><img decoding=\"async\" src=\"https:\/\/listindiario.com\/files\/image_60_60\/uploads\/2023\/06\/26\/6499fbe12926c.jpeg\" alt=\"Avatar del Ashley Mart\u00ednez\"\/><figcaption><a href=\"https:\/\/listindiario.com\/autor\/ashley-martinez\">ASHLEY MART\u00cdNEZ<\/a>Dajab\u00f3n, RD&nbsp;<\/figcaption><\/figure>\n\n\n\n<p>Actualizada jueves, 14 de septiembre de 2023 &#8211; 00:00<\/p>\n\n\n\n<p>\u201cAproximadamente a las 06:00 de la ma\u00f1ana, del lunes 4 de septiembre, presuntamente Frandy Luimenez acompa\u00f1ado de Delicier Watson y otras personas de nacionalidad haitiana, todos con armas de fuego, se presentaron a un corral de vacas ubicado en el paraje La Barrera, en la comunidad de Aminilla, municipio de Partido, provincia de Dajab\u00f3n\u201d, inicia la fundamentaci\u00f3n f\u00e1ctica del expediente de solicitud de medida de coerci\u00f3n.<\/p>\n\n\n\n<p>All\u00ed se encontraba Ram\u00f3n Eugenio Medina Hern\u00e1ndez, conocido como Papito, a quien amarraron de pies y manos con una soga de color azul y marr\u00f3n respectivamente y lo dejaron all\u00ed, para luego ir a la casa pr\u00f3ximo al corral donde se hallaban Carmelina Antonia Cabreja Ramos, Cristopher Daniel Medina Cabreja, Cristhian de Jes\u00fas L\u00f3pez Cabreja y Charlo Veloz Quesada.<\/p>\n\n\n\n<p><strong>De acuerdo al expediente, los individuos de nacionalidad haitiana le propinaron un disparo a cada uno en la cabeza, quit\u00e1ndole la vida a tres de ellos, cuya causa de muerte fue por shock hipovol\u00e9mico por herida de arma de fuego, seg\u00fan el levantamiento de la m\u00e9dico legista actuante en el caso, Carmen Mabel Cruz.<\/strong><\/p>\n\n\n\n<p>Luego de los haitianos matarlos y dejar a Cristhian de Jes\u00fas por muerto, regresaron al corral donde estaba Papito amarrado y tambi\u00e9n le propinaron un disparo en la cabeza quit\u00e1ndole la vida.<\/p>\n\n\n\n<figure class=\"wp-block-image\"><img decoding=\"async\" src=\"https:\/\/listindiario.com\/files\/composite_image\/files\/fp\/uploads\/2023\/09\/13\/65023cebdcfd5.r_d.320-180.jpeg\" alt=\"El Tribunal de la Oficina Judicial de Servicios de Atenci\u00f3n Permanente de Dajab\u00f3n aplaz\u00f3 el conocimiento de la medida de coerci\u00f3n contra los seis miembros de una supuesta banda, implicada en el cu\u00e1druple asesinato ocurrido en la comunidad de Aminilla en el municipio Partido en Dajab\u00f3n.<br \/&gt;<br \/&gt;https:\/\/listindiario.com\/la-republica\/provincias\/20230913\/aplazan-medida-coercion-implicados-cuadruple-asesinato-aminilla-dajabon_772829.html\"\/><figcaption>El Tribunal de la Oficina Judicial de Servicios de Atenci\u00f3n Permanente de Dajab\u00f3n aplaz\u00f3 el conocimiento de la medida de coerci\u00f3n.<br><\/figcaption><\/figure>\n\n\n\n<p><video><\/video><\/p>\n\n\n\n<h3 class=\"wp-block-heading\">EL TESTIGO&nbsp;<\/h3>\n\n\n\n<p>Cristian, quien sobrevivi\u00f3 a la masacre, cuent\u00f3 c\u00f3mo sucedieron los hechos. De acuerdo a \u00e9l, Papito se hab\u00eda levantado y ya estaba en el corral, por lo que cuando sali\u00f3, dej\u00f3 la puerta de la casa \u201cjunta\u201d y ah\u00ed ellos entraron. Sin embargo, ya lo hab\u00edan matado. \u201cPapito fue el primero que mataron\u201d.<\/p>\n\n\n\n<p><strong>\u201cTodos est\u00e1bamos durmiendo, yo fui a buscarle todo lo que ten\u00eda, para \u00e9l no tener que matar a nadie, cuando yo voy al cami\u00f3n, escuch\u00e9 los tiros, tan, tan, tan, y cuando yo vine, estaban todos tirados en el suelo muertos\u201d,<\/strong>&nbsp;explic\u00f3 en una grabaci\u00f3n de una llamada que circula en las redes sociales. Cuenta que uno de los miembros de la presunta banda, lo acompa\u00f1\u00f3 hasta el cami\u00f3n, le quit\u00f3 todo el dinero y cuando se percataron de que \u00e9l los hab\u00eda visto muertos a los dem\u00e1s, tambi\u00e9n le propinaron un disparo.<\/p>\n\n\n\n<p><strong>Asegur\u00f3 que solo eran 3 personas de nacionalidad haitiana. Sin embargo, el Ministerio P\u00fablico est\u00e1 implicando a seis imputados, cinco de ellos de nacionalidad haitiana y uno dominicano.<\/strong><\/p>\n\n\n\n<p>Las autoridades se presentaron al lugar del hecho, encontrando inicialmente en el corral de vacas construido de madera y techado de cana, cercado con postes de madera y alambres, pr\u00f3ximo a la casa, el cad\u00e1ver de Ram\u00f3n Eugenio, en posici\u00f3n dec\u00fabito supino (acostado boca arriba, en un plano paralelo al suelo, cuello en posici\u00f3n neutra, con mirada dirigida al c\u00e9nit), atado de pies y manos.<\/p>\n\n\n\n<p>Adem\u00e1s, con una herida por arma de fuego con orificio de entrada en la regi\u00f3n temporal izquierda, sin orificio de salida y debajo del cad\u00e1ver un charco de sangre y salpicaduras alrededor del mismo.<\/p>\n\n\n\n<p>Luego se trasladaron a la casa construida de block a la altura de las persiana y el resto de madera, techada de cana, pintada de color rosado, donde encontraron en la primera habitaci\u00f3n tirado en el piso el cad\u00e1ver de Charlo, en posici\u00f3n dec\u00fabito supino, al lado de una cama sobre un charco de sangre, con la cabeza cubierta de sangre.<\/p>\n\n\n\n<p>En esa misma habitaci\u00f3n pero encima de la cama se hall\u00f3 el cad\u00e1ver de Chistopher Daniel, en posici\u00f3n dec\u00fabito supino, con una herida por arma de fuego en la regi\u00f3n temporal derecha con tatuaje y expulsi\u00f3n de masa encef\u00e1lica.<\/p>\n\n\n\n<p>Las autoridades despu\u00e9s se trasladaron a la segunda habitaci\u00f3n, donde encontraron el cad\u00e1ver de Carmelina Antonia en el piso al lado de la cama, en posici\u00f3n dec\u00fabito supino, con herida de arma de fuego en la cabeza con orificio de entrada en la regi\u00f3n temporal izquierda y con expulsi\u00f3n de masa encef\u00e1lica.<\/p>\n\n\n\n<p><strong>Tanto en ambas habitaciones de la casa, piso, la sala y sobre la cama, se encontraron charcos de sangre y debajo de la mesa de la terracita, un casquillo para pistola calibre 9 mil\u00edmetros.<\/strong><\/p>\n\n\n\n<p>De acuerdo al Ministerio P\u00fablico, los individuos sustrajeron de la vivienda una escopeta marca Maverick, modelo 88, calibre 12, serie n\u00famero MV93231, una suma aproximada de ochenta mil pesos (RD$80,000.00), siete tel\u00e9fonos celulares y otros objetos.<\/p>\n\n\n\n<h3 class=\"wp-block-heading\">PESAR DE LA FAMILIA&nbsp;<\/h3>\n\n\n\n<p>\u201cEso no se puede ni decir, es un sentimiento de odio, incluso hab\u00eda uno de ellos burl\u00e1ndose de nosotros, el que le dispar\u00f3 a todos, burl\u00e1ndose, ri\u00e9ndose\u201d, contest\u00f3 Denisse Medina, hija del hacendado acribillado, al cuestionarle sobre lo que sent\u00eda de ver a los asesinos de su familia en la audiencia de solicitud de medida de coerci\u00f3n ayer.<\/p>\n\n\n\n<p><strong>Con la voz entrecortada pidi\u00f3 que se haga justicia porque \u201cno fueron animales que mataron, fue gente seria, humilde y los mataron como animales\u201d<\/strong>, dijo con voz llorosa. Asegur\u00f3 que su hermano, Cristhian Medina, de 30 a\u00f1os, tras quedar mal herido, fue quien identific\u00f3 a los presuntos criminales y narr\u00f3 lo sucedido.Tribunal&nbsp;<\/p>\n\n\n\n<h3 class=\"wp-block-heading\">El que dispar\u00f3 a la familia&nbsp;<\/h3>\n\n\n\n<p><strong>Burla.<\/strong><br>Adem\u00e1s establece que el gatillero que le arrebat\u00f3 la vida al resto de sus familiares, supuestamente se estaba burlando mientras era trasladado luego del aplazamiento.<br>\u201c\u00c9l los identific\u00f3 a todos (su hermano). Entre ellos est\u00e1 el que les dispar\u00f3 a todos, hay uno que lo llev\u00f3 con un cuchillo a buscar el dinero al cami\u00f3n\u201d, narr\u00f3.<\/p>\n\n\n\n<p>listindiario.com<\/p>\n\n\n\n<p><\/p>\n","protected":false},"excerpt":{"rendered":"<p>Los haitianos acusados de matar a la familia en Aminilla, fueron llevados ayer al tribunal.ASHLY MART\u00cdNEZ De acuerdo al expediente, los individuos de nacionalidad haitiana le propinaron un disparo a cada uno en la cabeza, quit\u00e1ndole la vida a tres de ellos, cuya causa de muerte fue por shock hipovol\u00e9mico por herida de arma de [&hellip;]<\/p>\n","protected":false},"author":28,"featured_media":471820,"comment_status":"closed","ping_status":"","sticky":false,"template":"","format":"standard","meta":{"footnotes":""},"categories":[112],"tags":[],"class_list":["post-471819","post","type-post","status-publish","format-standard","has-post-thumbnail","hentry","category-haiti"],"_links":{"self":[{"href":"https:\/\/diariodominicano.com\/index.php?rest_route=\/wp\/v2\/posts\/471819","targetHints":{"allow":["GET"]}}],"collection":[{"href":"https:\/\/diariodominicano.com\/index.php?rest_route=\/wp\/v2\/posts"}],"about":[{"href":"https:\/\/diariodominicano.com\/index.php?rest_route=\/wp\/v2\/types\/post"}],"author":[{"embeddable":true,"href":"https:\/\/diariodominicano.com\/index.php?rest_route=\/wp\/v2\/users\/28"}],"replies":[{"embeddable":true,"href":"https:\/\/diariodominicano.com\/index.php?rest_route=%2Fwp%2Fv2%2Fcomments&post=471819"}],"version-history":[{"count":3,"href":"https:\/\/diariodominicano.com\/index.php?rest_route=\/wp\/v2\/posts\/471819\/revisions"}],"predecessor-version":[{"id":471823,"href":"https:\/\/diariodominicano.com\/index.php?rest_route=\/wp\/v2\/posts\/471819\/revisions\/471823"}],"wp:featuredmedia":[{"embeddable":true,"href":"https:\/\/diariodominicano.com\/index.php?rest_route=\/wp\/v2\/media\/471820"}],"wp:attachment":[{"href":"https:\/\/diariodominicano.com\/index.php?rest_route=%2Fwp%2Fv2%2Fmedia&parent=471819"}],"wp:term":[{"taxonomy":"category","embeddable":true,"href":"https:\/\/diariodominicano.com\/index.php?rest_route=%2Fwp%2Fv2%2Fcategories&post=471819"},{"taxonomy":"post_tag","embeddable":true,"href":"https:\/\/diariodominicano.com\/index.php?rest_route=%2Fwp%2Fv2%2Ftags&post=471819"}],"curies":[{"name":"wp","href":"https:\/\/api.w.org\/{rel}","templated":true}]}}