{"id":471811,"date":"2023-09-14T08:42:42","date_gmt":"2023-09-14T12:42:42","guid":{"rendered":"http:\/\/diariodominicano.com\/?p=471811"},"modified":"2023-09-14T08:59:27","modified_gmt":"2023-09-14T12:59:27","slug":"el-plazo-de-48-horas-a-haiti-llega-hoy-a-su-final","status":"publish","type":"post","link":"https:\/\/diariodominicano.com\/?p=471811","title":{"rendered":"El plazo de 48 horas a Hait\u00ed llega hoy a su final"},"content":{"rendered":"\n<p>La construcci\u00f3n ilegal de un canal para verter aguas del r\u00edo Masacre hacia Hait\u00ed ha sido el detonante del actual conflicto con ese pa\u00eds.LISTIN DIARIO<\/p>\n\n\n\n<p> <\/p>\n\n\n\n<h2 class=\"wp-block-heading\">Aunque el pa\u00eds sentir\u00e1 los efectos del conflicto, el cierre de los cuatro pasos fronterizos constituir\u00e1 un golpe doloroso para centenares de haitianos que viven del comercio bilateral cada semana,<\/h2>\n\n\n\n<ul class=\"wp-block-list\"><li><\/li><\/ul>\n\n\n\n<p><a href=\"https:\/\/www.facebook.com\/sharer\/sharer.php?u=https:\/\/listindiario.com\/la-republica\/20230914\/plazo-48-horas-haiti-llega-hoy-final_772900.html\" target=\"_blank\" rel=\"noreferrer noopener\">Facebook<\/a><a href=\"https:\/\/twitter.com\/intent\/tweet?text=El%20plazo%20de%2048%20horas%20a%20Hait%C3%AD%20llega%20hoy%20a%20su%20final&amp;url=https:\/\/listindiario.com\/la-republica\/20230914\/plazo-48-horas-haiti-llega-hoy-final_772900.html\" target=\"_blank\" rel=\"noreferrer noopener\">Twitter<\/a><a href=\"https:\/\/api.whatsapp.com\/send?text=https:\/\/listindiario.com\/la-republica\/20230914\/plazo-48-horas-haiti-llega-hoy-final_772900.html%20El%20plazo%20de%2048%20horas%20a%20Hait%C3%AD%20llega%20hoy%20a%20su%20final\" target=\"_blank\" rel=\"noreferrer noopener\">Whatsapp<\/a><a href=\"https:\/\/listindiario.com\/la-republica\/20230914\/plazo-48-horas-haiti-llega-hoy-final_772900.html#botonComentarios\">Comentarios<\/a><\/p>\n\n\n\n<figure class=\"wp-block-image\"><img decoding=\"async\" src=\"https:\/\/listindiario.com\/files\/image_60_60\/uploads\/2023\/07\/30\/64c70eafef62d.jpeg\" alt=\"Avatar del Guillermo P\u00e9rez\"\/><figcaption><a href=\"https:\/\/listindiario.com\/autor\/guillermo-perez\">GUILLERMO P\u00c9REZ<\/a>Santo Domingo, RD<\/figcaption><\/figure>\n\n\n\n<p>Actualizada jueves, 14 de septiembre de 2023 &#8211; 00:00<\/p>\n\n\n\n<p>Este jueves expira el plazo de 48 horas dado por Rep\u00fablica Dominicana para que Hait\u00ed ponga fin a la construcci\u00f3n de un canal impulsado por sectores haitianos para desviar el curso del r\u00edo Masacre y transferir sus aguas hasta propiedades rurales, advirtiendo que, de no hacerlo, cerrar\u00e1 sus fronteras terrestre, mar\u00edtima y a\u00e9rea. .<\/p>\n\n\n\n<p>Ahora, llegado este ultim\u00e1tun a su final, se presenta una atm\u00f3sfera cargada de mayor tensi\u00f3n, ante el temor de que estas medidas tendr\u00e1n un fuerte impacto en la din\u00e1mica econ\u00f3mica de ambos pa\u00edses, pero con m\u00e1s crudeza para Hait\u00ed, que sucumbe desde hace tiempo a causa de m\u00faltiples variantes de crisis.<\/p>\n\n\n\n<p>Ya el pasado lunes, cuando el Consejo de Seguridad Nacional dio a conocer las medidas a implementar ante el conflicto en curso, entro en vigor la suspensi\u00f3n definitiva de la emisi\u00f3n de visas a haitianos y la prohibici\u00f3n de entrada al pa\u00eds de todos aquellos involucrados en el conflicto.<a href=\"https:\/\/es.visiontimes.com\/2023\/07\/19\/jim-caviezel-sobre-los-atentados-a-su-vida-no-te-temo-en-absoluto-debes-temer-a-dios.html\" target=\"_blank\" rel=\"noreferrer noopener\">SPONSORED&#8217;Debes temer a Dios&#8217;El actor Jim Caviezel abre su coraz\u00f3n<\/a><\/p>\n\n\n\n<p>El cierre de la frontera, en el lado lim\u00edtrofe con Dajab\u00f3n, ya estaba en desarrollo, al ser la zona afectada directamente por los trabajos de construcci\u00f3n del canal.<\/p>\n\n\n\n<h3 class=\"wp-block-heading\">EFECTO DE LAS MEDIDAS<\/h3>\n\n\n\n<p>Aunque el pa\u00eds sentir\u00e1 los efectos de este conflicto, el cierre de los cuatro pasos fronterizos constituir\u00e1 un golpe doloroso para centenares de haitianos que participan en el comercio bilateral cada semana, una situaci\u00f3n que disolver\u00e1 los menguados recursos de la poblaci\u00f3n empobrecida de ese pa\u00eds.<\/p>\n\n\n\n<p>Al cierre general de fronteras que se espera sea puesto en marcha por el gobierno dominicano, al no producirse una respuesta de Hait\u00ed al pedimento base del pa\u00eds, se agregar\u00e1 la reactivaci\u00f3n de la toma del r\u00edo Dajab\u00f3n, en el inicio del canal La Vig\u00eda, para garantizar el abastecimiento de agua a los productores dominicanos.<\/p>\n\n\n\n<p>Tambi\u00e9n habr\u00e1 de ponerse en marcha la construcci\u00f3n del proyecto de la presa Don Miguel, planteada como \u201csoluci\u00f3n definitiva a largo plazo\u201d.<\/p>\n\n\n\n<p>El dise\u00f1o de esta obra comenz\u00f3 en 2022 y se estima que la construcci\u00f3n durar\u00eda, al menos, 30 meses.<\/p>\n\n\n\n<p>listindiario.com-re 14 de setiembre  de 2023<\/p>\n","protected":false},"excerpt":{"rendered":"<p>La construcci\u00f3n ilegal de un canal para verter aguas del r\u00edo Masacre hacia Hait\u00ed ha sido el detonante del actual conflicto con ese pa\u00eds.LISTIN DIARIO Aunque el pa\u00eds sentir\u00e1 los efectos del conflicto, el cierre de los cuatro pasos fronterizos constituir\u00e1 un golpe doloroso para centenares de haitianos que viven del comercio bilateral cada semana, [&hellip;]<\/p>\n","protected":false},"author":28,"featured_media":471812,"comment_status":"closed","ping_status":"","sticky":false,"template":"","format":"standard","meta":{"footnotes":""},"categories":[20,112],"tags":[],"class_list":["post-471811","post","type-post","status-publish","format-standard","has-post-thumbnail","hentry","category-dominicana-hoy","category-haiti"],"_links":{"self":[{"href":"https:\/\/diariodominicano.com\/index.php?rest_route=\/wp\/v2\/posts\/471811","targetHints":{"allow":["GET"]}}],"collection":[{"href":"https:\/\/diariodominicano.com\/index.php?rest_route=\/wp\/v2\/posts"}],"about":[{"href":"https:\/\/diariodominicano.com\/index.php?rest_route=\/wp\/v2\/types\/post"}],"author":[{"embeddable":true,"href":"https:\/\/diariodominicano.com\/index.php?rest_route=\/wp\/v2\/users\/28"}],"replies":[{"embeddable":true,"href":"https:\/\/diariodominicano.com\/index.php?rest_route=%2Fwp%2Fv2%2Fcomments&post=471811"}],"version-history":[{"count":2,"href":"https:\/\/diariodominicano.com\/index.php?rest_route=\/wp\/v2\/posts\/471811\/revisions"}],"predecessor-version":[{"id":471824,"href":"https:\/\/diariodominicano.com\/index.php?rest_route=\/wp\/v2\/posts\/471811\/revisions\/471824"}],"wp:featuredmedia":[{"embeddable":true,"href":"https:\/\/diariodominicano.com\/index.php?rest_route=\/wp\/v2\/media\/471812"}],"wp:attachment":[{"href":"https:\/\/diariodominicano.com\/index.php?rest_route=%2Fwp%2Fv2%2Fmedia&parent=471811"}],"wp:term":[{"taxonomy":"category","embeddable":true,"href":"https:\/\/diariodominicano.com\/index.php?rest_route=%2Fwp%2Fv2%2Fcategories&post=471811"},{"taxonomy":"post_tag","embeddable":true,"href":"https:\/\/diariodominicano.com\/index.php?rest_route=%2Fwp%2Fv2%2Ftags&post=471811"}],"curies":[{"name":"wp","href":"https:\/\/api.w.org\/{rel}","templated":true}]}}