{"id":471760,"date":"2023-09-14T00:29:49","date_gmt":"2023-09-14T04:29:49","guid":{"rendered":"http:\/\/diariodominicano.com\/?p=471760"},"modified":"2023-09-14T00:30:32","modified_gmt":"2023-09-14T04:30:32","slug":"asogeculba-dice-todo-esta-listo-para-la-entrega-de-los-premios-de-oro-en-barahona","status":"publish","type":"post","link":"https:\/\/diariodominicano.com\/?p=471760","title":{"rendered":"ASOGECULBA dice todo est\u00e1 listo para la entrega de los Premios de Oro en Barahona"},"content":{"rendered":"\n<p>BARAHONA: Todo est\u00e1 listo para la entrega de la versi\u00f3n \u00a0XX de los Premios de Oro, donde habr\u00e1, un derroche de alegr\u00eda, presentaciones art\u00edsticas y reconocimientos a personalidades, evento a celebrarse este viernes en el auditorio Don Antonio M\u00e9ndez del Recinto UASD Barahona.<\/p>\n\n\n\n<p>El presidente de la &nbsp;Asociaci\u00f3n de Gestores Culturales de Barahona (ASOGECULBA), N\u00e9stor de Jes\u00fas Laurens, asegur\u00f3 que los barahoneros disfrutar\u00e1n de una Alfombra Roja de primera, una producci\u00f3n de calidad con la participaci\u00f3n de varios artistas.<\/p>\n\n\n\n<p>De Jes\u00fas Laurens, dijo que en la premiacion participar\u00e1n los artistas Jandy Ventura y El Legado del Caballo, Ray Polanco el salsero Yanfourd, Amaya Sanchez y los artistas urbanos Farinson LM, Jamaica RD, Maximito Scoff, Pancho Rap y Clevens Aye\u00bb.<\/p>\n\n\n\n<p>Los Premios de Oro 2023, tienen una dedicatoria al fallecido humorista y libretista barahonero Milton Pel\u00e1ez y llenan de regocijo y orgullo a la Perla del Sur por ser el acontecimiento art\u00edstico y cultural m\u00e1s trascendental del a\u00f1o, donde se reconocen los talentos de la provincia y la regi\u00f3n, resaltando a grandes hombres y mujeres de esta zona.<\/p>\n\n\n\n<p>La producci\u00f3n de los Premios de Oro, est\u00e1 en manos de la periodista Kilssy M\u00e9ndez, ser\u00e1n conducidos por Alsy Pimentel y Loribeth Vargas mientras la Alfombra Roja por Flor Adelina Khoury Lafontaine, Hillary Trinidad y El\u00edas Torres.<\/p>\n\n\n\n<p>La Alfombra Roja, est\u00e1 programada para empezar a las 6:00 de la tarde y los Premios de Oro a partir de las \u00a08 de la noche, ser\u00e1n transmitidos por el Canal 57 SUR-TV de Empresas Radiof\u00f3nicas y por las redes sociales de los Premios de Oro Facebook y Youtube, bajo la responsabilidad de la agencia publicitaria Deliter.<\/p>\n\n\n\n<p>Ohelmis S\u00e1nchez<a target=\"_blank\" href=\"mailto:ecosdelsur01@gmail.com\" rel=\"noreferrer noopener\">ecosdelsur01@gmail.com<\/a><\/p>\n","protected":false},"excerpt":{"rendered":"<p>BARAHONA: Todo est\u00e1 listo para la entrega de la versi\u00f3n \u00a0XX de los Premios de Oro, donde habr\u00e1, un derroche de alegr\u00eda, presentaciones art\u00edsticas y reconocimientos a personalidades, evento a celebrarse este viernes en el auditorio Don Antonio M\u00e9ndez del Recinto UASD Barahona. El presidente de la &nbsp;Asociaci\u00f3n de Gestores Culturales de Barahona (ASOGECULBA), N\u00e9stor [&hellip;]<\/p>\n","protected":false},"author":28,"featured_media":471761,"comment_status":"closed","ping_status":"","sticky":true,"template":"","format":"standard","meta":{"footnotes":""},"categories":[36,25,27,32],"tags":[],"class_list":["post-471760","post","type-post","status-publish","format-standard","has-post-thumbnail","hentry","category-hombresmujeresycosas","category-gente","category-portada","category-turismo"],"_links":{"self":[{"href":"https:\/\/diariodominicano.com\/index.php?rest_route=\/wp\/v2\/posts\/471760","targetHints":{"allow":["GET"]}}],"collection":[{"href":"https:\/\/diariodominicano.com\/index.php?rest_route=\/wp\/v2\/posts"}],"about":[{"href":"https:\/\/diariodominicano.com\/index.php?rest_route=\/wp\/v2\/types\/post"}],"author":[{"embeddable":true,"href":"https:\/\/diariodominicano.com\/index.php?rest_route=\/wp\/v2\/users\/28"}],"replies":[{"embeddable":true,"href":"https:\/\/diariodominicano.com\/index.php?rest_route=%2Fwp%2Fv2%2Fcomments&post=471760"}],"version-history":[{"count":2,"href":"https:\/\/diariodominicano.com\/index.php?rest_route=\/wp\/v2\/posts\/471760\/revisions"}],"predecessor-version":[{"id":471763,"href":"https:\/\/diariodominicano.com\/index.php?rest_route=\/wp\/v2\/posts\/471760\/revisions\/471763"}],"wp:featuredmedia":[{"embeddable":true,"href":"https:\/\/diariodominicano.com\/index.php?rest_route=\/wp\/v2\/media\/471761"}],"wp:attachment":[{"href":"https:\/\/diariodominicano.com\/index.php?rest_route=%2Fwp%2Fv2%2Fmedia&parent=471760"}],"wp:term":[{"taxonomy":"category","embeddable":true,"href":"https:\/\/diariodominicano.com\/index.php?rest_route=%2Fwp%2Fv2%2Fcategories&post=471760"},{"taxonomy":"post_tag","embeddable":true,"href":"https:\/\/diariodominicano.com\/index.php?rest_route=%2Fwp%2Fv2%2Ftags&post=471760"}],"curies":[{"name":"wp","href":"https:\/\/api.w.org\/{rel}","templated":true}]}}