{"id":471729,"date":"2023-09-14T00:02:56","date_gmt":"2023-09-14T04:02:56","guid":{"rendered":"http:\/\/diariodominicano.com\/?p=471729"},"modified":"2023-09-14T00:06:50","modified_gmt":"2023-09-14T04:06:50","slug":"rey-de-espana-recibe-a-ministros-latinoamericanos-y-caribenos-para-estrechar-lazos-de-cooperacion","status":"publish","type":"post","link":"https:\/\/diariodominicano.com\/?p=471729","title":{"rendered":"Rey de Espa\u00f1a recibe a ministros latinoamericanos y caribe\u00f1os para estrechar lazos de cooperaci\u00f3n"},"content":{"rendered":"\n<p> <strong>Rey de Espa\u00f1a recibe a ministros latinoamericanos y caribe\u00f1os para estrechar lazos de cooperaci\u00f3n<\/strong> <\/p>\n\n\n\n<p><em>El Rey de Espa\u00f1a, Felipe VI, recibi\u00f3 en Casa Real a una delegaci\u00f3n de ministros de Econom\u00eda y Finanzas latinoamericanos y caribe\u00f1os coordinada por CAF, para estrechar los lazos hist\u00f3ricos de cooperaci\u00f3n, comercio y alianzas en favor del desarrollo iberoamericano.<\/em><em><\/em><\/p>\n\n\n\n<figure class=\"wp-block-image size-full\"><img loading=\"lazy\" decoding=\"async\" width=\"970\" height=\"647\" src=\"https:\/\/diariodominicano.com\/wp-content\/uploads\/2023\/09\/Rey-de-Espana-y-Sergio-Diaz-Granados.jpg\" alt=\"\" class=\"wp-image-471731\" srcset=\"https:\/\/diariodominicano.com\/wp-content\/uploads\/2023\/09\/Rey-de-Espana-y-Sergio-Diaz-Granados.jpg 970w, https:\/\/diariodominicano.com\/wp-content\/uploads\/2023\/09\/Rey-de-Espana-y-Sergio-Diaz-Granados-300x200.jpg 300w, https:\/\/diariodominicano.com\/wp-content\/uploads\/2023\/09\/Rey-de-Espana-y-Sergio-Diaz-Granados-768x512.jpg 768w, https:\/\/diariodominicano.com\/wp-content\/uploads\/2023\/09\/Rey-de-Espana-y-Sergio-Diaz-Granados-816x544.jpg 816w\" sizes=\"auto, (max-width: 970px) 100vw, 970px\" \/><figcaption>Rey de Espa\u00f1a y Sergio D\u00edaz Granados<\/figcaption><\/figure>\n\n\n\n<p><em>(Madrid, 13 de septiembre de 2023)<\/em>. En el marco de las actividades de CAF -banco de desarrollo de Am\u00e9rica Latina y el Caribe- en Espa\u00f1a para concretar una nueva agenda de inversiones entre la Uni\u00f3n Europea (UE) y la regi\u00f3n, una delegaci\u00f3n de ministros latinoamericanos y caribe\u00f1os se reuni\u00f3 con el&nbsp;<strong>Rey de Espa\u00f1a<\/strong>,&nbsp;<strong>Felipe VI<\/strong>, en un encuentro que refleja el nuevo impulso que est\u00e1n tomando las relaciones iberoamericanas y europeas, coincidiendo con la presidencia espa\u00f1ola del Consejo de la UE.<\/p>\n\n\n\n<figure class=\"wp-block-image size-large\"><img loading=\"lazy\" decoding=\"async\" width=\"1024\" height=\"684\" src=\"https:\/\/diariodominicano.com\/wp-content\/uploads\/2023\/09\/Foto-oficial-Rey-de-Espana-y-Ministros-LATAM-y-Caribe-CAF-Alta-1-1024x684.jpg\" alt=\"\" class=\"wp-image-471735\" srcset=\"https:\/\/diariodominicano.com\/wp-content\/uploads\/2023\/09\/Foto-oficial-Rey-de-Espana-y-Ministros-LATAM-y-Caribe-CAF-Alta-1-1024x684.jpg 1024w, https:\/\/diariodominicano.com\/wp-content\/uploads\/2023\/09\/Foto-oficial-Rey-de-Espana-y-Ministros-LATAM-y-Caribe-CAF-Alta-1-300x200.jpg 300w, https:\/\/diariodominicano.com\/wp-content\/uploads\/2023\/09\/Foto-oficial-Rey-de-Espana-y-Ministros-LATAM-y-Caribe-CAF-Alta-1-768x513.jpg 768w, https:\/\/diariodominicano.com\/wp-content\/uploads\/2023\/09\/Foto-oficial-Rey-de-Espana-y-Ministros-LATAM-y-Caribe-CAF-Alta-1-1536x1026.jpg 1536w, https:\/\/diariodominicano.com\/wp-content\/uploads\/2023\/09\/Foto-oficial-Rey-de-Espana-y-Ministros-LATAM-y-Caribe-CAF-Alta-1-2048x1367.jpg 2048w, https:\/\/diariodominicano.com\/wp-content\/uploads\/2023\/09\/Foto-oficial-Rey-de-Espana-y-Ministros-LATAM-y-Caribe-CAF-Alta-1-816x545.jpg 816w\" sizes=\"auto, (max-width: 1024px) 100vw, 1024px\" \/><figcaption>Rey de Espa\u00f1a y Ministros LATAM y Caribe CAF Alta<\/figcaption><\/figure>\n\n\n\n<p>Los ministros latinoamericanos y caribe\u00f1os se reunir\u00e1n el 15 de septiembre en Santiago de Compostela con sus hom\u00f3logos de la UE en una reuni\u00f3n hist\u00f3rica organizada por el Gobierno de Espa\u00f1a y CAF, que pretende aterrizar una nueva agenda de inversiones y de cooperaci\u00f3n en tres \u00e1reas clave del desarrollo de la regi\u00f3n: la transici\u00f3n verde, la transformaci\u00f3n digital y el desarrollo humano.<\/p>\n\n\n\n<p>Durante la ma\u00f1ana, las delegaciones latinoamericanas participaron en la Conferencia CAF 2023, centrada en las \u201c<a href=\"https:\/\/www.caf.com\/es\/actualidad\/noticias\/2023\/09\/caf-crea-nuevos-puentes-de-cooperacion-entre-europa-y-america-latina-y-el-caribe\/\" target=\"_blank\" rel=\"noreferrer noopener\">Relaciones Uni\u00f3n Europea-Am\u00e9rica Latina y el Caribe. Una agenda conjunta para el desarrollo<\/a>\u201d, para estrechar lazos birregionales en tres \u00e1reas clave del desarrollo como la transici\u00f3n verde, la transformaci\u00f3n digital y el desarrollo humano.<\/p>\n\n\n\n<p>CAF est\u00e1 promoviendo nuevas alianzas entre la Uni\u00f3n Europea y Am\u00e9rica Latina y el Caribe con el objetivo de dinamizar las inversiones y el comercio, abordar conjuntamente grandes retos globales como el cambio clim\u00e1tico o la transformaci\u00f3n digital, y poner las soluciones latinoamericanas y caribe\u00f1as en la \u00f3rbita de los foros de decisi\u00f3n internacionales.<\/p>\n\n\n\n<p><em>CAF -banco de desarrollo de Am\u00e9rica Latina- tiene como misi\u00f3n impulsar el desarrollo sostenible y la integraci\u00f3n regional, mediante el financiamiento de proyectos de los sectores p\u00fablico y privado, la provisi\u00f3n de cooperaci\u00f3n t\u00e9cnica y otros servicios especializados. Constituido en 1970 y conformado en la actualidad por 21 pa\u00edses -19 de Am\u00e9rica Latina y el Caribe, junto a Espa\u00f1a y Portugal- y 13 bancos privados, es una de las principales fuentes de financiamiento multilateral y un importante generador de conocimiento para la regi\u00f3n. M\u00e1s informaci\u00f3n en&nbsp;<\/em><a href=\"https:\/\/www.caf.com\/\" target=\"_blank\" rel=\"noreferrer noopener\"><em>https:\/\/www.caf.com\/<\/em><\/a><\/p>\n\n\n\n<p><strong>Rey de Espa\u00f1a recibe a ministros latinoamericanos y caribe\u00f1os para estrechar lazos de cooperaci\u00f3n<\/strong><\/p>\n\n\n\n<p><em>El Rey de Espa\u00f1a, Felipe VI, recibi\u00f3 en Casa Real a una delegaci\u00f3n de ministros de Econom\u00eda y Finanzas latinoamericanos y caribe\u00f1os coordinada por CAF, para estrechar los lazos hist\u00f3ricos de cooperaci\u00f3n, comercio y alianzas en favor del desarrollo iberoamericano.<\/em><em><\/em><\/p>\n\n\n\n<p><em>(Madrid, 13 de septiembre de 2023)<\/em>. En el marco de las actividades de CAF -banco de desarrollo de Am\u00e9rica Latina y el Caribe- en Espa\u00f1a para concretar una nueva agenda de inversiones entre la Uni\u00f3n Europea (UE) y la regi\u00f3n, una delegaci\u00f3n de ministros latinoamericanos y caribe\u00f1os se reuni\u00f3 con el&nbsp;<strong>Rey de Espa\u00f1a<\/strong>,&nbsp;<strong>Felipe VI<\/strong>, en un encuentro que refleja el nuevo impulso que est\u00e1n tomando las relaciones iberoamericanas y europeas, coincidiendo con la presidencia espa\u00f1ola del Consejo de la UE.<\/p>\n\n\n\n<figure class=\"wp-block-image size-full\"><img loading=\"lazy\" decoding=\"async\" width=\"970\" height=\"647\" src=\"https:\/\/diariodominicano.com\/wp-content\/uploads\/2023\/09\/image002.jpg\" alt=\"\" class=\"wp-image-471737\" srcset=\"https:\/\/diariodominicano.com\/wp-content\/uploads\/2023\/09\/image002.jpg 970w, https:\/\/diariodominicano.com\/wp-content\/uploads\/2023\/09\/image002-300x200.jpg 300w, https:\/\/diariodominicano.com\/wp-content\/uploads\/2023\/09\/image002-768x512.jpg 768w, https:\/\/diariodominicano.com\/wp-content\/uploads\/2023\/09\/image002-816x544.jpg 816w\" sizes=\"auto, (max-width: 970px) 100vw, 970px\" \/><\/figure>\n\n\n\n<p>Los ministros latinoamericanos y caribe\u00f1os se reunir\u00e1n el 15 de septiembre en Santiago de Compostela con sus hom\u00f3logos de la UE en una reuni\u00f3n hist\u00f3rica organizada por el Gobierno de Espa\u00f1a y CAF, que pretende aterrizar una nueva agenda de inversiones y de cooperaci\u00f3n en tres \u00e1reas clave del desarrollo de la regi\u00f3n: la transici\u00f3n verde, la transformaci\u00f3n digital y el desarrollo humano.<\/p>\n\n\n\n<p>Durante la ma\u00f1ana, las delegaciones latinoamericanas participaron en la Conferencia CAF 2023, centrada en las \u201c<a href=\"https:\/\/www.caf.com\/es\/actualidad\/noticias\/2023\/09\/caf-crea-nuevos-puentes-de-cooperacion-entre-europa-y-america-latina-y-el-caribe\/\" target=\"_blank\" rel=\"noreferrer noopener\">Relaciones Uni\u00f3n Europea-Am\u00e9rica Latina y el Caribe. Una agenda conjunta para el desarrollo<\/a>\u201d, para estrechar lazos birregionales en tres \u00e1reas clave del desarrollo como la transici\u00f3n verde, la transformaci\u00f3n digital y el desarrollo humano.<\/p>\n\n\n\n<p>CAF est\u00e1 promoviendo nuevas alianzas entre la Uni\u00f3n Europea y Am\u00e9rica Latina y el Caribe con el objetivo de dinamizar las inversiones y el comercio, abordar conjuntamente grandes retos globales como el cambio clim\u00e1tico o la transformaci\u00f3n digital, y poner las soluciones latinoamericanas y caribe\u00f1as en la \u00f3rbita de los foros de decisi\u00f3n internacionales.<\/p>\n\n\n\n<p><em>CAF -banco de desarrollo de Am\u00e9rica Latina- tiene como misi\u00f3n impulsar el desarrollo sostenible y la integraci\u00f3n regional, mediante el financiamiento de proyectos de los sectores p\u00fablico y privado, la provisi\u00f3n de cooperaci\u00f3n t\u00e9cnica y otros servicios especializados. Constituido en 1970 y conformado en la actualidad por 21 pa\u00edses -19 de Am\u00e9rica Latina y el Caribe, junto a Espa\u00f1a y Portugal- y 13 bancos privados, es una de las principales fuentes de financiamiento multilateral y un importante generador de conocimiento para la regi\u00f3n. M\u00e1s informaci\u00f3n en\u00a0<\/em><a rel=\"noreferrer noopener\" href=\"https:\/\/www.caf.com\/\" target=\"_blank\"><em>https:\/\/www.caf.com\/<\/em><\/a><\/p>\n\n\n\n<p>Luis Mor\u00e1n<a target=\"_blank\" href=\"mailto:lmoran@mccomunicaciones.com.pa\" rel=\"noreferrer noopener\">lmoran@mccomunicaciones.co<\/a><\/p>\n","protected":false},"excerpt":{"rendered":"<p>Rey de Espa\u00f1a recibe a ministros latinoamericanos y caribe\u00f1os para estrechar lazos de cooperaci\u00f3n El Rey de Espa\u00f1a, Felipe VI, recibi\u00f3 en Casa Real a una delegaci\u00f3n de ministros de Econom\u00eda y Finanzas latinoamericanos y caribe\u00f1os coordinada por CAF, para estrechar los lazos hist\u00f3ricos de cooperaci\u00f3n, comercio y alianzas en favor del desarrollo iberoamericano. (Madrid, [&hellip;]<\/p>\n","protected":false},"author":28,"featured_media":471730,"comment_status":"closed","ping_status":"","sticky":false,"template":"","format":"standard","meta":{"footnotes":""},"categories":[36,23,32],"tags":[],"class_list":["post-471729","post","type-post","status-publish","format-standard","has-post-thumbnail","hentry","category-hombresmujeresycosas","category-internacional","category-turismo"],"_links":{"self":[{"href":"https:\/\/diariodominicano.com\/index.php?rest_route=\/wp\/v2\/posts\/471729","targetHints":{"allow":["GET"]}}],"collection":[{"href":"https:\/\/diariodominicano.com\/index.php?rest_route=\/wp\/v2\/posts"}],"about":[{"href":"https:\/\/diariodominicano.com\/index.php?rest_route=\/wp\/v2\/types\/post"}],"author":[{"embeddable":true,"href":"https:\/\/diariodominicano.com\/index.php?rest_route=\/wp\/v2\/users\/28"}],"replies":[{"embeddable":true,"href":"https:\/\/diariodominicano.com\/index.php?rest_route=%2Fwp%2Fv2%2Fcomments&post=471729"}],"version-history":[{"count":6,"href":"https:\/\/diariodominicano.com\/index.php?rest_route=\/wp\/v2\/posts\/471729\/revisions"}],"predecessor-version":[{"id":471739,"href":"https:\/\/diariodominicano.com\/index.php?rest_route=\/wp\/v2\/posts\/471729\/revisions\/471739"}],"wp:featuredmedia":[{"embeddable":true,"href":"https:\/\/diariodominicano.com\/index.php?rest_route=\/wp\/v2\/media\/471730"}],"wp:attachment":[{"href":"https:\/\/diariodominicano.com\/index.php?rest_route=%2Fwp%2Fv2%2Fmedia&parent=471729"}],"wp:term":[{"taxonomy":"category","embeddable":true,"href":"https:\/\/diariodominicano.com\/index.php?rest_route=%2Fwp%2Fv2%2Fcategories&post=471729"},{"taxonomy":"post_tag","embeddable":true,"href":"https:\/\/diariodominicano.com\/index.php?rest_route=%2Fwp%2Fv2%2Ftags&post=471729"}],"curies":[{"name":"wp","href":"https:\/\/api.w.org\/{rel}","templated":true}]}}