{"id":47158,"date":"2020-08-27T01:17:02","date_gmt":"2020-08-27T01:17:02","guid":{"rendered":"http:\/\/diariodominicano.ddns.net\/?p=47158"},"modified":"2020-08-27T01:17:02","modified_gmt":"2020-08-27T01:17:02","slug":"ojo-con-la-inversion-en-educacion","status":"publish","type":"post","link":"https:\/\/diariodominicano.com\/?p=47158","title":{"rendered":"Ojo con la inversi\u00f3n en Educaci\u00f3n"},"content":{"rendered":"<p><body><\/p>\n<p>VISI\u00d3N GLOBAL<\/p>\n<\/p>\n<p>Por Nelson Encarnaci\u00f3n<\/p>\n<\/p>\n<\/p>\n<p>Ojo con la inversi\u00f3n en Educaci\u00f3n<\/p>\n<\/p>\n<\/p>\n<p>El anuncio formulado el lunes por el presidente Luis Abinader y el ministro de Educaci\u00f3n, Roberto Fulcar, acerca de la enorme inversi\u00f3n que se har\u00e1 para garantizar el desarrollo del a\u00f1o escolar por v\u00eda virtual es sin lugar a dudas una noticia impactante.<\/p>\n<\/p>\n<p>Lo es en s\u00ed misma por el anuncio formal del comienzo de la docencia, paralizada como consecuencia del obligado distanciamiento f\u00edsico, lo mismo que han hecho casi todos los pa\u00edses que, atendiendo a las recomendaciones de la Organizaci\u00f3n Mundial de la Salud (OMS), han decidido recurrir al m\u00e9todo virtual.<\/p>\n<\/p>\n<\/p>\n<p>Es decir, que nosotros estamos en consonancia con lo que esta terrible realidad impone al mundo para cuidar la salud de profesores y alumnos.<\/p>\n<\/p>\n<\/p>\n<p>Pero tambi\u00e9n impacta por la inversi\u00f3n de 27 mil millones de pesos en la adquisici\u00f3n del equipamiento tecnol\u00f3gico para emprender la educaci\u00f3n virtual. Esa inversi\u00f3n supone un esfuerzo extraordinario para el joven Gobierno, pues estamos conscientes de las precariedades presupuestarias del pa\u00eds.<\/p>\n<\/p>\n<\/p>\n<p>Ahora bien, sobre esa ambiciosa inversi\u00f3n en adquisici\u00f3n de computadoras, tabletas y otros equipos, debemos advertir a las nuevas autoridades que tienen que cuidarse de no caer en las redes de los enclaves que hicieron del Ministerio un bot\u00edn que beneficiaba de manera preferente a clanes espec\u00edficos de suplidores.<\/p>\n<\/p>\n<\/p>\n<p>Y lo voy a explicar. Para la gente que se mueve en esos vericuetos de las ventas al Estado sabe que en Educci\u00f3n algunas empresas se las han arreglado para ganar la mayor\u00eda de las licitaciones, procesos de compras menores y comparaci\u00f3n de precios, mediante  maniobras tortuosas.<\/p>\n<\/p>\n<\/p>\n<p>Estas han consistido en la creaci\u00f3n de 15, 20 y hasta 30 compa\u00f1\u00edas que si bien aparecen a nombre de distintas personas, el rastro se les puede seguir a una misma direcci\u00f3n f\u00edsica o se les pueden hacer cruces que van a concluir en una vinculaci\u00f3n indisoluble.<\/p>\n<\/p>\n<\/p>\n<p>En consecuencia, su modo de operar consiste en lanzar todas esas empresas a competir en un mismo proceso, cuyo resultado es previsible, ya que compiten entre s\u00ed, dejando a quienes lo hacen de manera individual con sus posibilidades reducidas al m\u00ednimo.<\/p>\n<\/p>\n<\/p>\n<p>Pero hay otra vertiente de la cuesti\u00f3n que es igual de grave, pues tienen la habilidad de licitar como grandes suplidores y al mismo tiempo en el porcentaje que se ha establecido para las peque\u00f1as y medianas, con lo cual logran acaparar las ventas.<\/p>\n<\/p>\n<\/p>\n<p>Hago estas disquisiciones con la esperanza de que esa pr\u00e1ctica sea enfrentada por las nuevas autoridades educativas, consciente de que esas ma\u00f1as han echado ra\u00edces en muchas instituciones del Estado, en primer orden en Educaci\u00f3n, dado el volumen de recursos destinados a compras y contrataciones que all\u00ed se maneja. Tomen nota en Contrataciones P\u00fablicas<\/p>\n<\/p>\n<\/p>\n<p>Nelsonencar10@gmail.com<\/p>\n<\/p>\n<p>Zona de los archivos adjuntos<\/p>\n<h6> 2020-08-27 01:17:02 <\/h6>\n<p><!--\n<link rel=\"stylesheet\" href=\"css\/bootstrap.min.css\">\n\n\n<ul class=\"pagination\">\n\t    \n\t\n\n<li >\n\t<a href='?page_no=96'>Previous<\/a>\n\t<\/li>\n\n\n       \n    \n\n<li><a href='?page_no=1'>1<\/a><\/li>\n\n\n\n<li><a href='?page_no=2'>2<\/a><\/li>\n\n\n\n<li><a>...<\/a><\/li>\n\n\n\n<li><a href='?page_no=95'>95<\/a><\/li>\n\n\n\n<li><a href='?page_no=96'>96<\/a><\/li>\n\n\n\n<li class='active'><a>97<\/a><\/li>\n\n\n\n<li><a href='?page_no=98'>98<\/a><\/li>\n\n\n\n<li><a href='?page_no=99'>99<\/a><\/li>\n\n\n\n<li><a>...<\/a><\/li>\n\n\n\n<li><a href='?page_no=13611'>13611<\/a><\/li>\n\n\n\n<li><a href='?page_no=13612'>13612<\/a><\/li>\n\n    \n\t\n\n<li >\n\t<a href='?page_no=98'>Next<\/a>\n\t<\/li>\n\n\n    \n\n<li><a href='?page_no=13612'>Last &rsaquo;&rsaquo;<\/a><\/li>\n\n<\/ul>\n\n\n--><br \/>\n<\/body><\/p>\n","protected":false},"excerpt":{"rendered":"<p>VISI\u00d3N GLOBAL Por Nelson Encarnaci\u00f3n Ojo con la inversi\u00f3n en Educaci\u00f3n El anuncio formulado el lunes por el presidente Luis Abinader y el ministro de Educaci\u00f3n, Roberto Fulcar, acerca de la enorme inversi\u00f3n que se har\u00e1 para garantizar el desarrollo del a\u00f1o escolar por v\u00eda virtual es sin lugar a dudas una noticia impactante. Lo [&hellip;]<\/p>\n","protected":false},"author":3,"featured_media":0,"comment_status":"open","ping_status":"open","sticky":false,"template":"","format":"standard","meta":{"footnotes":""},"categories":[16],"tags":[],"class_list":["post-47158","post","type-post","status-publish","format-standard","hentry","category-opiniones"],"_links":{"self":[{"href":"https:\/\/diariodominicano.com\/index.php?rest_route=\/wp\/v2\/posts\/47158","targetHints":{"allow":["GET"]}}],"collection":[{"href":"https:\/\/diariodominicano.com\/index.php?rest_route=\/wp\/v2\/posts"}],"about":[{"href":"https:\/\/diariodominicano.com\/index.php?rest_route=\/wp\/v2\/types\/post"}],"author":[{"embeddable":true,"href":"https:\/\/diariodominicano.com\/index.php?rest_route=\/wp\/v2\/users\/3"}],"replies":[{"embeddable":true,"href":"https:\/\/diariodominicano.com\/index.php?rest_route=%2Fwp%2Fv2%2Fcomments&post=47158"}],"version-history":[{"count":0,"href":"https:\/\/diariodominicano.com\/index.php?rest_route=\/wp\/v2\/posts\/47158\/revisions"}],"wp:attachment":[{"href":"https:\/\/diariodominicano.com\/index.php?rest_route=%2Fwp%2Fv2%2Fmedia&parent=47158"}],"wp:term":[{"taxonomy":"category","embeddable":true,"href":"https:\/\/diariodominicano.com\/index.php?rest_route=%2Fwp%2Fv2%2Fcategories&post=47158"},{"taxonomy":"post_tag","embeddable":true,"href":"https:\/\/diariodominicano.com\/index.php?rest_route=%2Fwp%2Fv2%2Ftags&post=47158"}],"curies":[{"name":"wp","href":"https:\/\/api.w.org\/{rel}","templated":true}]}}