{"id":471543,"date":"2023-09-13T01:09:48","date_gmt":"2023-09-13T05:09:48","guid":{"rendered":"http:\/\/diariodominicano.com\/?p=471543"},"modified":"2023-09-13T01:12:09","modified_gmt":"2023-09-13T05:12:09","slug":"cesep-conmemora-23-anos-de-su-fundacion-y-reconoce-a-personalidades-del-sector-portuario","status":"publish","type":"post","link":"https:\/\/diariodominicano.com\/?p=471543","title":{"rendered":"CESEP conmemora 23 a\u00f1os de su fundaci\u00f3n y reconoce a personalidades del sector portuario"},"content":{"rendered":"\n<p>SANTO DOMINGO, RD. &#8211;\u00a0El Cuerpo Especializado de Seguridad Portuaria (CESEP) del Ministerio de Defensa (MIDE) conmemora 23 a\u00f1os de su fundaci\u00f3n y trabajo continuo en la protecci\u00f3n y defensa portuaria del pa\u00eds.<\/p>\n\n\n\n<figure class=\"wp-block-image size-large\"><img loading=\"lazy\" decoding=\"async\" width=\"1024\" height=\"682\" src=\"https:\/\/diariodominicano.com\/wp-content\/uploads\/2023\/09\/WhatsApp-Image-2023-09-12-at-4.13.56-PM-1-1024x682.jpeg\" alt=\"\" class=\"wp-image-471550\" srcset=\"https:\/\/diariodominicano.com\/wp-content\/uploads\/2023\/09\/WhatsApp-Image-2023-09-12-at-4.13.56-PM-1-1024x682.jpeg 1024w, https:\/\/diariodominicano.com\/wp-content\/uploads\/2023\/09\/WhatsApp-Image-2023-09-12-at-4.13.56-PM-1-300x200.jpeg 300w, https:\/\/diariodominicano.com\/wp-content\/uploads\/2023\/09\/WhatsApp-Image-2023-09-12-at-4.13.56-PM-1-768x512.jpeg 768w, https:\/\/diariodominicano.com\/wp-content\/uploads\/2023\/09\/WhatsApp-Image-2023-09-12-at-4.13.56-PM-1-816x544.jpeg 816w, https:\/\/diariodominicano.com\/wp-content\/uploads\/2023\/09\/WhatsApp-Image-2023-09-12-at-4.13.56-PM-1.jpeg 1280w\" sizes=\"auto, (max-width: 1024px) 100vw, 1024px\" \/><\/figure>\n\n\n\n<figure class=\"wp-block-image size-large\"><img loading=\"lazy\" decoding=\"async\" width=\"1024\" height=\"682\" src=\"https:\/\/diariodominicano.com\/wp-content\/uploads\/2023\/09\/WhatsApp-Image-2023-09-12-at-4.13.57-PM-3-1024x682.jpeg\" alt=\"\" class=\"wp-image-471547\" srcset=\"https:\/\/diariodominicano.com\/wp-content\/uploads\/2023\/09\/WhatsApp-Image-2023-09-12-at-4.13.57-PM-3-1024x682.jpeg 1024w, https:\/\/diariodominicano.com\/wp-content\/uploads\/2023\/09\/WhatsApp-Image-2023-09-12-at-4.13.57-PM-3-300x200.jpeg 300w, https:\/\/diariodominicano.com\/wp-content\/uploads\/2023\/09\/WhatsApp-Image-2023-09-12-at-4.13.57-PM-3-768x512.jpeg 768w, https:\/\/diariodominicano.com\/wp-content\/uploads\/2023\/09\/WhatsApp-Image-2023-09-12-at-4.13.57-PM-3-816x544.jpeg 816w, https:\/\/diariodominicano.com\/wp-content\/uploads\/2023\/09\/WhatsApp-Image-2023-09-12-at-4.13.57-PM-3.jpeg 1280w\" sizes=\"auto, (max-width: 1024px) 100vw, 1024px\" \/><\/figure>\n\n\n\n<p>Las actividades conmemorativas en ocasi\u00f3n de la fecha iniciaron, con una izada de bandera, una eucarist\u00eda de acci\u00f3n de gracias realizada en la parroquia La Altagracia del MIDE y posteriormente hubo un acto de reconocimiento a 26 miembros del CESEP, pasados directores del CESEP y a personalidades del sector portuario dominicano.<\/p>\n\n\n\n<p>En presencia del mayor general Leonel Am\u00edlcar Mu\u00f1oz Noboa, FARD, viceministro de Defensa para Asuntos A\u00e9reos y Espaciales, quien estuvo en representaci\u00f3n del ministro de Defensa teniente general Carlos Luciano D\u00edaz Morfa, ERD, el contralmirante Henry Antonio Guzm\u00e1n Taveras, director general del CESEP, destac\u00f3 la entrega diaria de sus miembros, en el cumplimiento de las leyes de seguridad portuaria.<\/p>\n\n\n\n<figure class=\"wp-block-image size-large\"><img loading=\"lazy\" decoding=\"async\" width=\"1024\" height=\"682\" src=\"https:\/\/diariodominicano.com\/wp-content\/uploads\/2023\/09\/WhatsApp-Image-2023-09-12-at-4.13.57-PM-1-1024x682.jpeg\" alt=\"\" class=\"wp-image-471548\" srcset=\"https:\/\/diariodominicano.com\/wp-content\/uploads\/2023\/09\/WhatsApp-Image-2023-09-12-at-4.13.57-PM-1-1024x682.jpeg 1024w, https:\/\/diariodominicano.com\/wp-content\/uploads\/2023\/09\/WhatsApp-Image-2023-09-12-at-4.13.57-PM-1-300x200.jpeg 300w, https:\/\/diariodominicano.com\/wp-content\/uploads\/2023\/09\/WhatsApp-Image-2023-09-12-at-4.13.57-PM-1-768x512.jpeg 768w, https:\/\/diariodominicano.com\/wp-content\/uploads\/2023\/09\/WhatsApp-Image-2023-09-12-at-4.13.57-PM-1-816x544.jpeg 816w, https:\/\/diariodominicano.com\/wp-content\/uploads\/2023\/09\/WhatsApp-Image-2023-09-12-at-4.13.57-PM-1.jpeg 1280w\" sizes=\"auto, (max-width: 1024px) 100vw, 1024px\" \/><\/figure>\n\n\n\n<p>En la ceremonia fueron reconocidos, por su gesti\u00f3n como pasados directores del CESEP el vicealmirante Luis Rafael Lee Ballester, director del C5i; y los contralmirantes Samuel Ogaris Jim\u00e9nez Lorenzo, director del Estado Mayor Personal del Ministro de Defensa y Franklin Fr\u00edas Duarte, ARD, director de la Academia Naval \u201cVicealmirante C\u00e9sar A. De Windt Lavandier, ARD\u201d.<\/p>\n\n\n\n<figure class=\"wp-block-image size-large\"><img loading=\"lazy\" decoding=\"async\" width=\"1024\" height=\"682\" src=\"https:\/\/diariodominicano.com\/wp-content\/uploads\/2023\/09\/WhatsApp-Image-2023-09-12-at-4.13.56-PM-3-1024x682.jpeg\" alt=\"\" class=\"wp-image-471552\" srcset=\"https:\/\/diariodominicano.com\/wp-content\/uploads\/2023\/09\/WhatsApp-Image-2023-09-12-at-4.13.56-PM-3-1024x682.jpeg 1024w, https:\/\/diariodominicano.com\/wp-content\/uploads\/2023\/09\/WhatsApp-Image-2023-09-12-at-4.13.56-PM-3-300x200.jpeg 300w, https:\/\/diariodominicano.com\/wp-content\/uploads\/2023\/09\/WhatsApp-Image-2023-09-12-at-4.13.56-PM-3-768x512.jpeg 768w, https:\/\/diariodominicano.com\/wp-content\/uploads\/2023\/09\/WhatsApp-Image-2023-09-12-at-4.13.56-PM-3-816x544.jpeg 816w, https:\/\/diariodominicano.com\/wp-content\/uploads\/2023\/09\/WhatsApp-Image-2023-09-12-at-4.13.56-PM-3.jpeg 1280w\" sizes=\"auto, (max-width: 1024px) 100vw, 1024px\" \/><\/figure>\n\n\n\n<p>Asimismo, recibieron pergaminos de reconocimiento por el apoyo continuo a la instituci\u00f3n, el licenciado Jean Luis Rodr\u00edguez, director ejecutivo de la Autoridad Portuaria Dominicana; Alejandro Campos, presidente de la Comisi\u00f3n Presidencial para la Modernizaci\u00f3n y Seguridad Portuaria; Erick Alma y Armando Rivas, CEO y vicepresidente de operaciones del Puerto R\u00edo Haina, respectivamente.<\/p>\n\n\n\n<p>Tambi\u00e9n Gustavo Tavares, presidente de Mar\u00edtima Dominicana (MARDOM); Jos\u00e9 Luis Guzm\u00e1n Pe\u00f1a, en representaci\u00f3n del Grupo Popular, as\u00ed como los Oficiales de Protecci\u00f3n de las Instalaciones Portuarias (OPIP), Carlos Rodr\u00edguez Debes, OPIP Sans Souc\u00ed y Paris Goico Lara, OPIP SDP.<\/p>\n\n\n\n<p><strong><em>Departamento de Prensa<\/em><\/strong><\/p>\n\n\n\n<p><em><strong>Direcci\u00f3n de Asuntos Civiles del Estado Mayor Conjunto, J5<\/strong><\/em><\/p>\n\n\n\n<p><em><strong>Ministerio de Defensa de Rep\u00fablica Dominicana<\/strong><\/em><\/p>\n","protected":false},"excerpt":{"rendered":"<p>SANTO DOMINGO, RD. &#8211;\u00a0El Cuerpo Especializado de Seguridad Portuaria (CESEP) del Ministerio de Defensa (MIDE) conmemora 23 a\u00f1os de su fundaci\u00f3n y trabajo continuo en la protecci\u00f3n y defensa portuaria del pa\u00eds. Las actividades conmemorativas en ocasi\u00f3n de la fecha iniciaron, con una izada de bandera, una eucarist\u00eda de acci\u00f3n de gracias realizada en la [&hellip;]<\/p>\n","protected":false},"author":28,"featured_media":471544,"comment_status":"closed","ping_status":"","sticky":false,"template":"","format":"standard","meta":{"footnotes":""},"categories":[20,26,32],"tags":[],"class_list":["post-471543","post","type-post","status-publish","format-standard","has-post-thumbnail","hentry","category-dominicana-hoy","category-efemerides","category-turismo"],"_links":{"self":[{"href":"https:\/\/diariodominicano.com\/index.php?rest_route=\/wp\/v2\/posts\/471543","targetHints":{"allow":["GET"]}}],"collection":[{"href":"https:\/\/diariodominicano.com\/index.php?rest_route=\/wp\/v2\/posts"}],"about":[{"href":"https:\/\/diariodominicano.com\/index.php?rest_route=\/wp\/v2\/types\/post"}],"author":[{"embeddable":true,"href":"https:\/\/diariodominicano.com\/index.php?rest_route=\/wp\/v2\/users\/28"}],"replies":[{"embeddable":true,"href":"https:\/\/diariodominicano.com\/index.php?rest_route=%2Fwp%2Fv2%2Fcomments&post=471543"}],"version-history":[{"count":5,"href":"https:\/\/diariodominicano.com\/index.php?rest_route=\/wp\/v2\/posts\/471543\/revisions"}],"predecessor-version":[{"id":471553,"href":"https:\/\/diariodominicano.com\/index.php?rest_route=\/wp\/v2\/posts\/471543\/revisions\/471553"}],"wp:featuredmedia":[{"embeddable":true,"href":"https:\/\/diariodominicano.com\/index.php?rest_route=\/wp\/v2\/media\/471544"}],"wp:attachment":[{"href":"https:\/\/diariodominicano.com\/index.php?rest_route=%2Fwp%2Fv2%2Fmedia&parent=471543"}],"wp:term":[{"taxonomy":"category","embeddable":true,"href":"https:\/\/diariodominicano.com\/index.php?rest_route=%2Fwp%2Fv2%2Fcategories&post=471543"},{"taxonomy":"post_tag","embeddable":true,"href":"https:\/\/diariodominicano.com\/index.php?rest_route=%2Fwp%2Fv2%2Ftags&post=471543"}],"curies":[{"name":"wp","href":"https:\/\/api.w.org\/{rel}","templated":true}]}}