{"id":471524,"date":"2023-09-13T00:30:50","date_gmt":"2023-09-13T04:30:50","guid":{"rendered":"http:\/\/diariodominicano.com\/?p=471524"},"modified":"2023-09-13T00:36:02","modified_gmt":"2023-09-13T04:36:02","slug":"abinader-convierte-suroeste-zona-promisoria-del-desarrollo-agropecuario-y-turistico","status":"publish","type":"post","link":"https:\/\/diariodominicano.com\/?p=471524","title":{"rendered":"ABINADER CONVIERTE SUROESTE ZONA PROMISORIA DEL DESARROLLO AGROPECUARIO Y TURISTICO"},"content":{"rendered":"\n<p>Por Pedro Caba<\/p>\n\n\n\n<p>Si algo puede proclamar a los cuatro vientos el gobierno es que est\u00e1 convirtiendo el hasta entonces olvidado Suroeste en zona promisoria del desarrollo agropecuario, tur\u00edstico y eco-tur\u00edstico.<\/p>\n\n\n\n<figure class=\"wp-block-image size-large\"><img loading=\"lazy\" decoding=\"async\" width=\"1024\" height=\"576\" src=\"https:\/\/diariodominicano.com\/wp-content\/uploads\/2023\/01\/Bahia-de-las-Aguilas-Pedernales26-1-23-1024x576.jpg\" alt=\"\" class=\"wp-image-412146\" srcset=\"https:\/\/diariodominicano.com\/wp-content\/uploads\/2023\/01\/Bahia-de-las-Aguilas-Pedernales26-1-23-1024x576.jpg 1024w, https:\/\/diariodominicano.com\/wp-content\/uploads\/2023\/01\/Bahia-de-las-Aguilas-Pedernales26-1-23-300x169.jpg 300w, https:\/\/diariodominicano.com\/wp-content\/uploads\/2023\/01\/Bahia-de-las-Aguilas-Pedernales26-1-23-768x432.jpg 768w, https:\/\/diariodominicano.com\/wp-content\/uploads\/2023\/01\/Bahia-de-las-Aguilas-Pedernales26-1-23-816x459.jpg 816w, https:\/\/diariodominicano.com\/wp-content\/uploads\/2023\/01\/Bahia-de-las-Aguilas-Pedernales26-1-23.jpg 1280w\" sizes=\"auto, (max-width: 1024px) 100vw, 1024px\" \/><\/figure>\n\n\n\n<p>Y tal acci\u00f3n de gobierno se produce en el momento que m\u00e1s lo necesita el pa\u00eds, pues esa regi\u00f3n empobrecida y fronteriza se convierte ahora en el mejor cont\u00e9n a la migraci\u00f3n depredadora e incontrolada del vecino haitiano, ya que pondr\u00e1 freno al constante \u00e9xodo de su poblaci\u00f3n originaria dominicana y posibilitar\u00e1 una relaci\u00f3n de convivencia civilizada con el vecino tendr\u00e1 oportunidad de regularizar su presencia en la zona.<\/p>\n\n\n\n<p>El rosario de obras de infraestructura que all\u00ed se realizan y las que se contratar\u00e1n en los pr\u00f3ximos meses, no deja dudas de que el Suroeste por primera vez es prioridad del gobierno nacional:<\/p>\n\n\n\n<ol class=\"wp-block-list\" type=\"1\"><li>La conclusi\u00f3n del puerto tur\u00edstico de Cabo Rojo que comienza a recibir visitantes este mismo a\u00f1o no es ya promesa sino hecho que se agrega a todas las obras de infraestructura en Pedernales, cabeza del IV Polo Tur\u00edstico.<\/li><li>La ampliaci\u00f3n del Puerto de Barahona, que ya hab\u00eda recuperado por efecto de los trabajos previos de Belfond, le da la dimensi\u00f3n mayor de dos atracaderos tur\u00edsticos. Barahona es tambi\u00e9n centro de desarrollo de operaci\u00f3n y vigilancia a\u00e9rea y mar\u00edtima de los cuerpos armados, a la vez que atractivo para incorporar el aeropuerto Mar\u00eda Montez al transporte a\u00e9reo masivo y de servicios locales e internacionales con el proyecto de la Boeing.<\/li><li>La inauguraci\u00f3n este a\u00f1o de la Presa de Monte Grande y el anuncio all\u00ed mismo del inicio de trabajos para la obra de toma del acueducto m\u00faltiple del Suroeste, junto a la licitaci\u00f3n de los dos ramales de canales que se servir\u00e1n de la presa y la primera de dos hidroel\u00e9ctricas le dar\u00e1n sentido de utilidad&nbsp; a la gran obra para el desarrollo agropecuario de la regi\u00f3n.<\/li><li>Los trabajos de construcci\u00f3n del aeropuerto dom\u00e9stico de San Juan de la Maguana era paso previo necesario para que, una vez se complete la reconversi\u00f3n del sistema de producci\u00f3n del valle se facilite el uso de t\u00e9cnicas modernas y trasiego de su producci\u00f3n.<\/li><li>Si como est\u00e1 proyectado Egehid inicia los trabajos de construcci\u00f3n de los embalses hidroel\u00e9ctricos de El Corte y Pedro Santana sobre el r\u00edo Artibonito y sus afluentes dominicanos (previa consulta e informaci\u00f3n a las autoridades haitianas) estas obras repercutir\u00e1n sobre el valle de San Juan que incrementar\u00e1&nbsp;su disponibilidad de agua para riego.<\/li><li>Todo esto sin hacer menci\u00f3n de las obras viales ejecutadas unas y en proceso otras, de acueductos locales como el de Pedernales y la mejora de todo el sistema de de transmisi\u00f3n y distribuci\u00f3n el\u00e9ctrica de la zona.<\/li><\/ol>\n\n\n\n<p>En resumen, el Suroeste no tendr\u00e1 nada que envidiar a las dem\u00e1s regiones del pa\u00eds que fueron objeto de atenci\u00f3n de pasados gobiernos, como ha acontecido hist\u00f3ricamente.<\/p>\n\n\n\n<p>\u00a1Y todo esto en tan s\u00f3lo tres a\u00f1os! \u00bfQue no ser\u00e1 el porvenir de esa regi\u00f3n con la continuidad del PRM en el poder?<\/p>\n\n\n\n<p>Pedro Caba<a rel=\"noreferrer noopener\" target=\"_blank\" href=\"mailto:pedrocaba@hotmail.com\">pedrocaba@hotmail.com<\/a><\/p>\n","protected":false},"excerpt":{"rendered":"<p>Por Pedro Caba Si algo puede proclamar a los cuatro vientos el gobierno es que est\u00e1 convirtiendo el hasta entonces olvidado Suroeste en zona promisoria del desarrollo agropecuario, tur\u00edstico y eco-tur\u00edstico. Y tal acci\u00f3n de gobierno se produce en el momento que m\u00e1s lo necesita el pa\u00eds, pues esa regi\u00f3n empobrecida y fronteriza se convierte [&hellip;]<\/p>\n","protected":false},"author":28,"featured_media":356846,"comment_status":"closed","ping_status":"","sticky":true,"template":"","format":"standard","meta":{"footnotes":""},"categories":[18,27,32],"tags":[],"class_list":["post-471524","post","type-post","status-publish","format-standard","has-post-thumbnail","hentry","category-economia","category-portada","category-turismo"],"_links":{"self":[{"href":"https:\/\/diariodominicano.com\/index.php?rest_route=\/wp\/v2\/posts\/471524","targetHints":{"allow":["GET"]}}],"collection":[{"href":"https:\/\/diariodominicano.com\/index.php?rest_route=\/wp\/v2\/posts"}],"about":[{"href":"https:\/\/diariodominicano.com\/index.php?rest_route=\/wp\/v2\/types\/post"}],"author":[{"embeddable":true,"href":"https:\/\/diariodominicano.com\/index.php?rest_route=\/wp\/v2\/users\/28"}],"replies":[{"embeddable":true,"href":"https:\/\/diariodominicano.com\/index.php?rest_route=%2Fwp%2Fv2%2Fcomments&post=471524"}],"version-history":[{"count":3,"href":"https:\/\/diariodominicano.com\/index.php?rest_route=\/wp\/v2\/posts\/471524\/revisions"}],"predecessor-version":[{"id":471527,"href":"https:\/\/diariodominicano.com\/index.php?rest_route=\/wp\/v2\/posts\/471524\/revisions\/471527"}],"wp:featuredmedia":[{"embeddable":true,"href":"https:\/\/diariodominicano.com\/index.php?rest_route=\/wp\/v2\/media\/356846"}],"wp:attachment":[{"href":"https:\/\/diariodominicano.com\/index.php?rest_route=%2Fwp%2Fv2%2Fmedia&parent=471524"}],"wp:term":[{"taxonomy":"category","embeddable":true,"href":"https:\/\/diariodominicano.com\/index.php?rest_route=%2Fwp%2Fv2%2Fcategories&post=471524"},{"taxonomy":"post_tag","embeddable":true,"href":"https:\/\/diariodominicano.com\/index.php?rest_route=%2Fwp%2Fv2%2Ftags&post=471524"}],"curies":[{"name":"wp","href":"https:\/\/api.w.org\/{rel}","templated":true}]}}