{"id":471508,"date":"2023-09-13T00:15:12","date_gmt":"2023-09-13T04:15:12","guid":{"rendered":"http:\/\/diariodominicano.com\/?p=471508"},"modified":"2023-09-13T00:19:56","modified_gmt":"2023-09-13T04:19:56","slug":"sin-biodiversidad-no-hay-desarrollo-sostenible-en-america-latina-y-el-caribe","status":"publish","type":"post","link":"https:\/\/diariodominicano.com\/?p=471508","title":{"rendered":"Sin biodiversidad no hay desarrollo sostenible en Am\u00e9rica Latina y el Caribe"},"content":{"rendered":"\n<p> Gonzalo S\u00e1enz de Miera, presidente del Grupo Espa\u00f1ol para el Crecimiento Verde (GECV). <\/p>\n\n\n\n<p><em>CAF -banco de desarrollo de Am\u00e9rica Latina y el Caribe- presenta en Madrid el Reporte de Econom\u00eda y Desarrollo, que expone en detalle el impacto del cambio clim\u00e1tico en la regi\u00f3n y el desaf\u00edo global de coordinar esfuerzos para proteger entornos, poblaciones y econom\u00edas mediante soluciones locales.<\/em><\/p>\n\n\n\n<figure class=\"wp-block-image size-large\"><img loading=\"lazy\" decoding=\"async\" width=\"1024\" height=\"683\" src=\"https:\/\/diariodominicano.com\/wp-content\/uploads\/2023\/09\/W4A6461-1024x683.jpg\" alt=\"\" class=\"wp-image-471512\" srcset=\"https:\/\/diariodominicano.com\/wp-content\/uploads\/2023\/09\/W4A6461-1024x683.jpg 1024w, https:\/\/diariodominicano.com\/wp-content\/uploads\/2023\/09\/W4A6461-300x200.jpg 300w, https:\/\/diariodominicano.com\/wp-content\/uploads\/2023\/09\/W4A6461-768x512.jpg 768w, https:\/\/diariodominicano.com\/wp-content\/uploads\/2023\/09\/W4A6461-816x544.jpg 816w, https:\/\/diariodominicano.com\/wp-content\/uploads\/2023\/09\/W4A6461.jpg 1500w\" sizes=\"auto, (max-width: 1024px) 100vw, 1024px\" \/><figcaption> Gonzalo S\u00e1enz de Miera, presidente del Grupo Espa\u00f1ol para el Crecimiento Verde (GECV), en su exposici\u00f3n.<\/figcaption><\/figure>\n\n\n\n<p><a><\/a><em>(Madrid, 12 de septiembre de 2023). <\/em>Am\u00e9rica Latina y el Caribe se encuentra en un estado de gran vulnerabilidad ambiental, social y econ\u00f3mica ante el aumento del cambio clim\u00e1tico.<a><\/a> Los efectos del calentamiento global se sienten en todo el mundo y en muchos \u00e1mbitos, y son evidentes en ALC, que solo produce 11% de las emisiones de Gases de Efecto Invernadero (GEI), sobre todo con el uso de la tierra.<\/p>\n\n\n\n<figure class=\"wp-block-image size-large\"><img loading=\"lazy\" decoding=\"async\" width=\"1024\" height=\"683\" src=\"https:\/\/diariodominicano.com\/wp-content\/uploads\/2023\/09\/W4A6618-1024x683.jpg\" alt=\"\" class=\"wp-image-471515\" srcset=\"https:\/\/diariodominicano.com\/wp-content\/uploads\/2023\/09\/W4A6618-1024x683.jpg 1024w, https:\/\/diariodominicano.com\/wp-content\/uploads\/2023\/09\/W4A6618-300x200.jpg 300w, https:\/\/diariodominicano.com\/wp-content\/uploads\/2023\/09\/W4A6618-768x512.jpg 768w, https:\/\/diariodominicano.com\/wp-content\/uploads\/2023\/09\/W4A6618-816x544.jpg 816w, https:\/\/diariodominicano.com\/wp-content\/uploads\/2023\/09\/W4A6618.jpg 1500w\" sizes=\"auto, (max-width: 1024px) 100vw, 1024px\" \/><\/figure>\n\n\n\n<p>Seg\u00fan el Reporte de Econom\u00eda y Desarrollo (RED) de CAF, presentado en el IE University en Madrid, los eventos clim\u00e1ticos extremos m\u00e1s frecuentes en Am\u00e9rica Latina y el Caribe son las inundaciones y los ciclones tropicales y estos, junto con las sequ\u00edas, son los que afectan a m\u00e1s poblaciones cada a\u00f1o. Adem\u00e1s, el 60% de las ciudades latinoamericanas tuvieron olas de calor entre 2011 y 2020, y el 28% de estas fueron extremas.<\/p>\n\n\n\n<p>El reporte de CAF, titulado <a href=\"https:\/\/scioteca.caf.com\/handle\/123456789\/2089\"><em>Desaf\u00edos globales, soluciones regionales Am\u00e9rica Latina y el Caribe frente a la crisis clim\u00e1tica y de biodiversidad<\/em><\/a>, congrega la investigaci\u00f3n m\u00e1s reciente sobre cambio clim\u00e1tico en el planeta y la regi\u00f3n, que va desde las bases f\u00edsicas a la perspectiva econ\u00f3mica. El RED examina la sostenibilidad de las actividades econ\u00f3micas en las etapas de producci\u00f3n y consumo, el estado de los ecosistemas y biodiversidad, y los retos de coordinaci\u00f3n en la pol\u00edtica internacional de cambio clim\u00e1tico y conservaci\u00f3n para proponer las mejores respuestas a este reto global.<\/p>\n\n\n\n<p>Am\u00e9rica Latina y el Caribe tiene 9,3 millones de km<sup>2<\/sup> de bosques, una cuarta parte de la cobertura forestal del planeta, que contribuyen cada a\u00f1o a la mitigaci\u00f3n del cambio clim\u00e1tico con la captura de 1,1 GtCO<sub>2<\/sub>eq, albergan una enorme biodiversidad y ofrecen importantes servicios ecosist\u00e9micos a la poblaci\u00f3n a nivel local y regional. Por eso, detener la deforestaci\u00f3n es crucial.<\/p>\n\n\n\n<p>El RED presenta un men\u00fa de propuestas de pol\u00edticas p\u00fablicas: pr\u00e1cticas de agricultura sostenible, soluciones basadas en la naturaleza, inversiones en infraestructura de adaptaci\u00f3n, pol\u00edticas para el manejo de riesgo de desastres, pol\u00edticas para regenerar y preservar los ecosistemas, y promoci\u00f3n de las fuentes renovables de energ\u00eda, entre otras. Por ejemplo, los mercados de cr\u00e9ditos de carbono son una herramienta para financiar la conservaci\u00f3n y regeneraci\u00f3n de los ecosistemas de la regi\u00f3n con alto potencial. CAF lidera la Iniciativa Latinoamericana y Caribe\u00f1a de Mercado Regional de Carbono (ILACC), que cuenta con el involucramiento y participaci\u00f3n de 13 bancos de desarrollo de la regi\u00f3n.<\/p>\n\n\n\n<figure class=\"wp-block-image size-large\"><img loading=\"lazy\" decoding=\"async\" width=\"1024\" height=\"683\" src=\"https:\/\/diariodominicano.com\/wp-content\/uploads\/2023\/09\/W4A6823-1024x683.jpg\" alt=\"\" class=\"wp-image-471516\" srcset=\"https:\/\/diariodominicano.com\/wp-content\/uploads\/2023\/09\/W4A6823-1024x683.jpg 1024w, https:\/\/diariodominicano.com\/wp-content\/uploads\/2023\/09\/W4A6823-300x200.jpg 300w, https:\/\/diariodominicano.com\/wp-content\/uploads\/2023\/09\/W4A6823-768x512.jpg 768w, https:\/\/diariodominicano.com\/wp-content\/uploads\/2023\/09\/W4A6823-816x544.jpg 816w, https:\/\/diariodominicano.com\/wp-content\/uploads\/2023\/09\/W4A6823.jpg 1500w\" sizes=\"auto, (max-width: 1024px) 100vw, 1024px\" \/><\/figure>\n\n\n\n<p>En cualquier caso, todas las iniciativas a mejorar o implementar tienen que partir de la idea de que la pol\u00edtica p\u00fablica de prevenci\u00f3n, mitigaci\u00f3n o conservaci\u00f3n en materia clim\u00e1tica y de conservaci\u00f3n de la biodiversidad es imprescindible para hacer sostenible el proceso de desarrollo. Construir un modelo de desarrollo sostenible requiere integrar estas pol\u00edticas con aquellas orientadas a promover el crecimiento econ\u00f3mico y la inclusi\u00f3n social, lo que puede dar lugar a complementariedades y tensiones que es necesario manejar.<\/p>\n\n\n\n<p>\u201cAm\u00e9rica Latina y el Caribe tiene la capacidad de aportar soluciones globales al desaf\u00edo del cambio clim\u00e1tico, gracias a su rica biodiversidad, a su gran cantidad de recusos naturales y a la riqueza de sus ecosistemas natulares. El RED es un gran aporte para que los gobiernos de la regi\u00f3n puedan dise\u00f1ar pol\u00edticas p\u00fablicas de primer nivel, basadas en diagn\u00f3sticos de calidad que aportan datos y an\u00e1lisis necesarios para comprender el problema \u00edntegramente\u201d, dijo Sergio D\u00edaz-Granados, presidente ejecutivo de CAF.<\/p>\n\n\n\n<p>\u201cPara la Escuela de Pol\u00edticas, Econom\u00eda y Asuntos Globales de IE University es un honor acoger la presentaci\u00f3n del informe RED de CAF. Esta \u00faltima edici\u00f3n aborda el reto clim\u00e1tico y de la p\u00e9rdida de diversidad, aportando propuestas originales e innovadoras sobre c\u00f3mo los pa\u00edses de Am\u00e9rica Latina y el Caribe pueden responder a este reto capitalizando su enorme riqueza natural y humana en materia de mitigaci\u00f3n, adaptaci\u00f3n y preservaci\u00f3n, sin perder de vista la importancia de fomentar el dinamismo econ\u00f3mico y promover la equidad\u201d, subray\u00f3 Manuel Mu\u00f1iz, Rector Internacional de IE University y Decano de la Escuela de Pol\u00edticas, Econom\u00eda y Asuntos Globales de IE University. \u201cSon valores y mensajes que compartimos y que nos animan a seguir trabajando con CAF para impulsar el desarrollo de la regi\u00f3n.\u201d<\/p>\n\n\n\n<p>\u201cAm\u00e9rica Latina ocupa un papel central en la soluci\u00f3n a las crisis clim\u00e1tica y de biodiversidad. Desde el Grupo Espa\u00f1ol para el Crecimiento Verde (GECV) consideramos que la CAF es un referente mundial en financiaci\u00f3n verde y desarrollo sostenible y defendemos el papel de la colaboraci\u00f3n p\u00fablico privada para aprovechar las oportunidades de la acci\u00f3n clim\u00e1tica y en materia de biodiversidad\u201d, dijo Gonzalo S\u00e1enz de Miera, presidente del Grupo Espa\u00f1ol para el Crecimiento Verde (GECV).<\/p>\n\n\n\n<hr class=\"wp-block-separator\"\/>\n\n\n\n<p><a href=\"https:\/\/scioteca.caf.com\/\"><strong>Descargue la publicaci\u00f3n<\/strong><\/a><strong><\/strong><\/p>\n\n\n\n<p>CAF -banco de desarrollo de Am\u00e9rica Latina y el Caribe- tiene como misi\u00f3n impulsar el desarrollo sostenible y la integraci\u00f3n regional, mediante el financiamiento de proyectos de los sectores p\u00fablico y privado, la provisi\u00f3n de cooperaci\u00f3n t\u00e9cnica y otros servicios especializados. Constituido en 1970 y conformado en la actualidad por 20 pa\u00edses -18 de Am\u00e9rica Latina y el Caribe, junto a Espa\u00f1a y Portugal- y 13 bancos privados, es una de las principales fuentes de financiamiento multilateral y un importante generador de conocimiento para la regi\u00f3n.<\/p>\n\n\n\n<p>M\u00e1s informaci\u00f3n en www.caf.com<\/p>\n\n\n\n<p>CAF, Direcci\u00f3n de Comunicaci\u00f3n Estrat\u00e9gica, prensa@caf.com<\/p>\n\n\n\n<p>Encu\u00e9ntrenos en: Facebook: CAF.America.Latina \/ Twitter: @AgendaCAF<\/p>\n\n\n\n<p>Luis Mor\u00e1n<a target=\"_blank\" href=\"mailto:lmoran@mccomunicaciones.com.pa\" rel=\"noreferrer noopener\">lmoran@mccomunicaciones.co<\/a><\/p>\n","protected":false},"excerpt":{"rendered":"<p>Gonzalo S\u00e1enz de Miera, presidente del Grupo Espa\u00f1ol para el Crecimiento Verde (GECV). CAF -banco de desarrollo de Am\u00e9rica Latina y el Caribe- presenta en Madrid el Reporte de Econom\u00eda y Desarrollo, que expone en detalle el impacto del cambio clim\u00e1tico en la regi\u00f3n y el desaf\u00edo global de coordinar esfuerzos para proteger entornos, poblaciones [&hellip;]<\/p>\n","protected":false},"author":28,"featured_media":471511,"comment_status":"closed","ping_status":"","sticky":true,"template":"","format":"standard","meta":{"footnotes":""},"categories":[36,18,23,27,32],"tags":[],"class_list":["post-471508","post","type-post","status-publish","format-standard","has-post-thumbnail","hentry","category-hombresmujeresycosas","category-economia","category-internacional","category-portada","category-turismo"],"_links":{"self":[{"href":"https:\/\/diariodominicano.com\/index.php?rest_route=\/wp\/v2\/posts\/471508","targetHints":{"allow":["GET"]}}],"collection":[{"href":"https:\/\/diariodominicano.com\/index.php?rest_route=\/wp\/v2\/posts"}],"about":[{"href":"https:\/\/diariodominicano.com\/index.php?rest_route=\/wp\/v2\/types\/post"}],"author":[{"embeddable":true,"href":"https:\/\/diariodominicano.com\/index.php?rest_route=\/wp\/v2\/users\/28"}],"replies":[{"embeddable":true,"href":"https:\/\/diariodominicano.com\/index.php?rest_route=%2Fwp%2Fv2%2Fcomments&post=471508"}],"version-history":[{"count":5,"href":"https:\/\/diariodominicano.com\/index.php?rest_route=\/wp\/v2\/posts\/471508\/revisions"}],"predecessor-version":[{"id":471518,"href":"https:\/\/diariodominicano.com\/index.php?rest_route=\/wp\/v2\/posts\/471508\/revisions\/471518"}],"wp:featuredmedia":[{"embeddable":true,"href":"https:\/\/diariodominicano.com\/index.php?rest_route=\/wp\/v2\/media\/471511"}],"wp:attachment":[{"href":"https:\/\/diariodominicano.com\/index.php?rest_route=%2Fwp%2Fv2%2Fmedia&parent=471508"}],"wp:term":[{"taxonomy":"category","embeddable":true,"href":"https:\/\/diariodominicano.com\/index.php?rest_route=%2Fwp%2Fv2%2Fcategories&post=471508"},{"taxonomy":"post_tag","embeddable":true,"href":"https:\/\/diariodominicano.com\/index.php?rest_route=%2Fwp%2Fv2%2Ftags&post=471508"}],"curies":[{"name":"wp","href":"https:\/\/api.w.org\/{rel}","templated":true}]}}